{"id":826523,"date":"2026-03-26T18:52:24","date_gmt":"2026-03-26T18:52:24","guid":{"rendered":"https:\/\/www.europesays.com\/fr\/826523\/"},"modified":"2026-03-26T18:52:24","modified_gmt":"2026-03-26T18:52:24","slug":"ces-pretendues-photos-de-larrestation-de-gims-a-paris-ont-ete-generees-par-intelligence-artificielle","status":"publish","type":"post","link":"https:\/\/www.europesays.com\/fr\/826523\/","title":{"rendered":"Ces pr\u00e9tendues photos de l&rsquo;arrestation de Gims \u00e0 Paris ont \u00e9t\u00e9 g\u00e9n\u00e9r\u00e9es par intelligence artificielle"},"content":{"rendered":"<p class=\"mb-4 text-lg md:leading-8 break-words\">L&rsquo;artiste congolais Gims a \u00e9t\u00e9 interpell\u00e9 le 25 mars 2026 par le service national des douanes judiciaires \u00e0 sa descente de l&rsquo;avion, \u00e0 l&rsquo;a\u00e9roport Roissy-Charles-de-Gaulle. Dans la foul\u00e9e, de pr\u00e9tendues photos de son arrestation ont largement circul\u00e9 sur les r\u00e9seaux sociaux, le montrant menott\u00e9 et entour\u00e9 de policiers. Mais ces images ont en r\u00e9alit\u00e9 \u00e9t\u00e9 g\u00e9n\u00e9r\u00e9es par intelligence artificielle (IA), comme le montrent de nombreuses incoh\u00e9rences visuelles. L&rsquo;AFP n&rsquo;a pas trouv\u00e9 trace de clich\u00e9s authentiques montrant cette interpellation.<\/p>\n<p class=\"mb-4 text-lg md:leading-8 break-words\">\u00ab\u00a0Affaire Gims : les autorit\u00e9s congolaises ont officiellement saisi les autorit\u00e9s fran\u00e7aises au sujet de l&rsquo;interpellation de l&rsquo;artiste Gims, survenue \u00e0 l&rsquo;a\u00e9roport Roissy-Charles-de-Gaulle alors qu&rsquo;il provenait de Duba\u00ef\u00a0\u00bb, peut-on lire dans une <a href=\"https:\/\/perma.cc\/C36Q-WZHU\" rel=\"nofollow noopener\" target=\"_blank\" data-ylk=\"slk:publication Threads;elm:context_link;itc:0;sec:content-canvas\" data-yga=\"{&quot;yLinkElement&quot;:&quot;context_link&quot;,&quot;yModuleName&quot;:&quot;content-canvas&quot;,&quot;yLinkText&quot;:&quot;publication Threads&quot;}\" class=\"link \">publication Threads<\/a> partag\u00e9e des dizaines de fois et aim\u00e9e par des milliers d&rsquo;internautes depuis le 25 mars.<\/p>\n<p class=\"mb-4 text-lg md:leading-8 break-words\">Pour illustrer ses propos, l&rsquo;internaute partage une image cens\u00e9e montrer le chanteur, v\u00eatu d&rsquo;une veste en jean et d&rsquo;un pantalon blanc, menott\u00e9 par un agent de la police nationale dans une rue parisienne, entour\u00e9 de passants semblant surpris de voir une telle sc\u00e8ne.<\/p>\n<p class=\"mb-4 text-lg md:leading-8 break-words\">Des publications similaires, avec la m\u00eame image \u00e0 l&rsquo;appui, circulent sur Facebook (<a href=\"https:\/\/perma.cc\/NE2C-6TFG\" rel=\"nofollow noopener\" target=\"_blank\" data-ylk=\"slk:1;elm:context_link;itc:0;sec:content-canvas\" data-yga=\"{&quot;yLinkElement&quot;:&quot;context_link&quot;,&quot;yModuleName&quot;:&quot;content-canvas&quot;,&quot;yLinkText&quot;:&quot;1&quot;}\" class=\"link \">1<\/a>, <a href=\"https:\/\/perma.cc\/4SR2-FQFS\" rel=\"nofollow noopener\" target=\"_blank\" data-ylk=\"slk:2;elm:context_link;itc:0;sec:content-canvas\" data-yga=\"{&quot;yLinkElement&quot;:&quot;context_link&quot;,&quot;yModuleName&quot;:&quot;content-canvas&quot;,&quot;yLinkText&quot;:&quot;2&quot;}\" class=\"link \">2<\/a>, <a href=\"https:\/\/perma.cc\/8KEB-HTK4\" rel=\"nofollow noopener\" target=\"_blank\" data-ylk=\"slk:3;elm:context_link;itc:0;sec:content-canvas\" data-yga=\"{&quot;yLinkElement&quot;:&quot;context_link&quot;,&quot;yModuleName&quot;:&quot;content-canvas&quot;,&quot;yLinkText&quot;:&quot;3&quot;}\" class=\"link \">3<\/a>, <a href=\"https:\/\/perma.cc\/XUH2-CJ48\" rel=\"nofollow noopener\" target=\"_blank\" data-ylk=\"slk:4;elm:context_link;itc:0;sec:content-canvas\" data-yga=\"{&quot;yLinkElement&quot;:&quot;context_link&quot;,&quot;yModuleName&quot;:&quot;content-canvas&quot;,&quot;yLinkText&quot;:&quot;4&quot;}\" class=\"link \">4<\/a>), <a href=\"https:\/\/perma.cc\/RK3E-BX4V\" rel=\"nofollow noopener\" target=\"_blank\" data-ylk=\"slk:Instagram;elm:context_link;itc:0;sec:content-canvas\" data-yga=\"{&quot;yLinkElement&quot;:&quot;context_link&quot;,&quot;yModuleName&quot;:&quot;content-canvas&quot;,&quot;yLinkText&quot;:&quot;Instagram&quot;}\" class=\"link \">Instagram<\/a>, <a href=\"https:\/\/perma.cc\/UB9M-PMH9\" rel=\"nofollow noopener\" target=\"_blank\" data-ylk=\"slk:TikTok;elm:context_link;itc:0;sec:content-canvas\" data-yga=\"{&quot;yLinkElement&quot;:&quot;context_link&quot;,&quot;yModuleName&quot;:&quot;content-canvas&quot;,&quot;yLinkText&quot;:&quot;TikTok&quot;}\" class=\"link \">TikTok<\/a>, X (<a href=\"https:\/\/perma.cc\/FRM7-Z43E\" rel=\"nofollow noopener\" target=\"_blank\" data-ylk=\"slk:1;elm:context_link;itc:0;sec:content-canvas\" data-yga=\"{&quot;yLinkElement&quot;:&quot;context_link&quot;,&quot;yModuleName&quot;:&quot;content-canvas&quot;,&quot;yLinkText&quot;:&quot;1&quot;}\" class=\"link \">1<\/a>, <a href=\"https:\/\/perma.cc\/3L9U-K92U\" rel=\"nofollow noopener\" target=\"_blank\" data-ylk=\"slk:2;elm:context_link;itc:0;sec:content-canvas\" data-yga=\"{&quot;yLinkElement&quot;:&quot;context_link&quot;,&quot;yModuleName&quot;:&quot;content-canvas&quot;,&quot;yLinkText&quot;:&quot;2&quot;}\" class=\"link \">2<\/a>, <a href=\"https:\/\/perma.cc\/87T8-L3M2\" rel=\"nofollow noopener\" target=\"_blank\" data-ylk=\"slk:3;elm:context_link;itc:0;sec:content-canvas\" data-yga=\"{&quot;yLinkElement&quot;:&quot;context_link&quot;,&quot;yModuleName&quot;:&quot;content-canvas&quot;,&quot;yLinkText&quot;:&quot;3&quot;}\" class=\"link \">3<\/a>) et YouTube (<a href=\"https:\/\/perma.cc\/NKZ4-J6LT\" rel=\"nofollow noopener\" target=\"_blank\" data-ylk=\"slk:1;elm:context_link;itc:0;sec:content-canvas\" data-yga=\"{&quot;yLinkElement&quot;:&quot;context_link&quot;,&quot;yModuleName&quot;:&quot;content-canvas&quot;,&quot;yLinkText&quot;:&quot;1&quot;}\" class=\"link \">1<\/a>,\u00a0<a href=\"https:\/\/perma.cc\/TR4Z-JHSG\" rel=\"nofollow noopener\" target=\"_blank\" data-ylk=\"slk:2;elm:context_link;itc:0;sec:content-canvas\" data-yga=\"{&quot;yLinkElement&quot;:&quot;context_link&quot;,&quot;yModuleName&quot;:&quot;content-canvas&quot;,&quot;yLinkText&quot;:&quot;2&quot;}\" class=\"link \">2<\/a>), et dans plusieurs langues, notamment en lingala, comme\u00a0<a href=\"https:\/\/perma.cc\/7QM7-ASPE\" rel=\"nofollow noopener\" target=\"_blank\" data-ylk=\"slk:ici;elm:context_link;itc:0;sec:content-canvas\" data-yga=\"{&quot;yLinkElement&quot;:&quot;context_link&quot;,&quot;yModuleName&quot;:&quot;content-canvas&quot;,&quot;yLinkText&quot;:&quot;ici&quot;}\" class=\"link \">ici<\/a> et <a href=\"https:\/\/web.archive.org\/web\/20260326154146\/https:\/\/www.facebook.com\/congovideospopulaires\/posts\/na-place-bo-kanga-gimisi-pourquoi-pas-bo-kangi-ferrera-ngola-alliance-asumbididi\/1532038532257572\/\" rel=\"nofollow noopener\" target=\"_blank\" data-ylk=\"slk:l\u00e0;elm:context_link;itc:0;sec:content-canvas\" data-yga=\"{&quot;yLinkElement&quot;:&quot;context_link&quot;,&quot;yModuleName&quot;:&quot;content-canvas&quot;,&quot;yLinkText&quot;:&quot;l\u00e0&quot;}\" class=\"link \">l\u00e0<\/a>.<\/p>\n<p><img alt=\"&lt;span&gt;Captures d'\u00e9cran prises le 26 mars 2026 sur Threads (\u00e0 gauche) et TikTok (\u00e0 droite). Croix rouges et symboles IA ajout\u00e9s par l'AFP.&lt;\/span&gt;\" loading=\"lazy\" width=\"960\" height=\"584\" decoding=\"async\" data-nimg=\"1\" class=\"rounded-lg\" style=\"color:transparent\" src=\"https:\/\/www.europesays.com\/fr\/wp-content\/uploads\/2026\/03\/a14a16fa96cdc80ae75810379e8a5898.jpeg\"\/><\/p>\n<p>Captures d&rsquo;\u00e9cran prises le 26 mars 2026 sur Threads (\u00e0 gauche) et TikTok (\u00e0 droite). Croix rouges et symboles IA ajout\u00e9s par l&rsquo;AFP.<\/p>\n<p class=\"mb-4 text-lg md:leading-8 break-words\">\u00ab\u00a0Gims arr\u00eat\u00e9 \u00e0 Roissy : star ou pi\u00e8ce d&rsquo;un r\u00e9seau de blanchiment mondial ? &#8211; L&rsquo;enqu\u00eate qui fait trembler l&rsquo;industrie\u00a0\u00bb, peut-on lire sur une autre <a href=\"https:\/\/perma.cc\/R6N6-W2CQ\" rel=\"nofollow noopener\" target=\"_blank\" data-ylk=\"slk:image;elm:context_link;itc:0;sec:content-canvas\" data-yga=\"{&quot;yLinkElement&quot;:&quot;context_link&quot;,&quot;yModuleName&quot;:&quot;content-canvas&quot;,&quot;yLinkText&quot;:&quot;image&quot;}\" class=\"link \">image<\/a> \u00e9galement partag\u00e9e sur Facebook (<a href=\"https:\/\/perma.cc\/2PM5-JQ7J\" rel=\"nofollow noopener\" target=\"_blank\" data-ylk=\"slk:1;elm:context_link;itc:0;sec:content-canvas\" data-yga=\"{&quot;yLinkElement&quot;:&quot;context_link&quot;,&quot;yModuleName&quot;:&quot;content-canvas&quot;,&quot;yLinkText&quot;:&quot;1&quot;}\" class=\"link \">1<\/a>, <a href=\"https:\/\/perma.cc\/3BJ8-GKS6\" rel=\"nofollow noopener\" target=\"_blank\" data-ylk=\"slk:2;elm:context_link;itc:0;sec:content-canvas\" data-yga=\"{&quot;yLinkElement&quot;:&quot;context_link&quot;,&quot;yModuleName&quot;:&quot;content-canvas&quot;,&quot;yLinkText&quot;:&quot;2&quot;}\" class=\"link \">2<\/a>, <a href=\"https:\/\/perma.cc\/6LNR-3TXG\" rel=\"nofollow noopener\" target=\"_blank\" data-ylk=\"slk:3;elm:context_link;itc:0;sec:content-canvas\" data-yga=\"{&quot;yLinkElement&quot;:&quot;context_link&quot;,&quot;yModuleName&quot;:&quot;content-canvas&quot;,&quot;yLinkText&quot;:&quot;3&quot;}\" class=\"link \">3<\/a>), <a href=\"https:\/\/perma.cc\/9C67-SATQ\" rel=\"nofollow noopener\" target=\"_blank\" data-ylk=\"slk:YouTube;elm:context_link;itc:0;sec:content-canvas\" data-yga=\"{&quot;yLinkElement&quot;:&quot;context_link&quot;,&quot;yModuleName&quot;:&quot;content-canvas&quot;,&quot;yLinkText&quot;:&quot;YouTube&quot;}\" class=\"link \">YouTube<\/a> et <a href=\"https:\/\/perma.cc\/L4U8-RV8M\" rel=\"nofollow noopener\" target=\"_blank\" data-ylk=\"slk:Threads;elm:context_link;itc:0;sec:content-canvas\" data-yga=\"{&quot;yLinkElement&quot;:&quot;context_link&quot;,&quot;yModuleName&quot;:&quot;content-canvas&quot;,&quot;yLinkText&quot;:&quot;Threads&quot;}\" class=\"link \">Threads<\/a> depuis l&rsquo;arrestation de l&rsquo;artiste congolais \u00e0 Roissy.<\/p>\n<p class=\"mb-4 text-lg md:leading-8 break-words\">Cette fois-ci, l&rsquo;image pr\u00e9tend montrer l&rsquo;artiste escort\u00e9 \u00e0 l&rsquo;a\u00e9roport par des agents des douanes judiciaires et de la police, avec en arri\u00e8re-plan un v\u00e9hicule des douanes et un avion de la compagnie Air France.<\/p>\n<p><img alt=\"&lt;span&gt;Captures d'\u00e9cran prises le 26 mars 2026 sur Facebook (\u00e0 gauche) et Threads (\u00e0 droite). Croix rouges et symboles IA ajout\u00e9s par l'AFP.&lt;\/span&gt;\" loading=\"lazy\" width=\"960\" height=\"562\" decoding=\"async\" data-nimg=\"1\" class=\"rounded-lg\" style=\"color:transparent\" src=\"https:\/\/www.europesays.com\/fr\/wp-content\/uploads\/2026\/03\/0cf585c4cf26ca3600054c1920677e99.jpeg\"\/><\/p>\n<p>Captures d&rsquo;\u00e9cran prises le 26 mars 2026 sur Facebook (\u00e0 gauche) et Threads (\u00e0 droite). Croix rouges et symboles IA ajout\u00e9s par l&rsquo;AFP.<\/p>\n<p class=\"mb-4 text-lg md:leading-8 break-words\">Ces visuels sont apparus apr\u00e8s l&rsquo;<a href=\"https:\/\/www.lefigaro.fr\/faits-divers\/le-rappeur-gims-en-garde-a-vue-dans-une-affaire-de-blanchiment-en-bande-organisee-20260325\" rel=\"nofollow noopener\" target=\"_blank\" data-ylk=\"slk:interpellation;elm:context_link;itc:0;sec:content-canvas\" data-yga=\"{&quot;yLinkElement&quot;:&quot;context_link&quot;,&quot;yModuleName&quot;:&quot;content-canvas&quot;,&quot;yLinkText&quot;:&quot;interpellation&quot;}\" class=\"link \">interpellation<\/a> de Gims, Gandhi Djuna de son vrai nom, et son placement en garde \u00e0 vue le 25 mars 2026 dans le cadre d&rsquo;une enqu\u00eate pour blanchiment en bande organis\u00e9e (lien archiv\u00e9\u00a0<a href=\"https:\/\/web.archive.org\/web\/20260325192324\/https:\/\/www.lefigaro.fr\/faits-divers\/le-rappeur-gims-en-garde-a-vue-dans-une-affaire-de-blanchiment-en-bande-organisee-20260325\" rel=\"nofollow noopener\" target=\"_blank\" data-ylk=\"slk:ici;elm:context_link;itc:0;sec:content-canvas\" data-yga=\"{&quot;yLinkElement&quot;:&quot;context_link&quot;,&quot;yModuleName&quot;:&quot;content-canvas&quot;,&quot;yLinkText&quot;:&quot;ici&quot;}\" class=\"link \">ici<\/a>).<\/p>\n<p>Des images g\u00e9n\u00e9r\u00e9es par intelligence artificielle<\/p>\n<p class=\"mb-4 text-lg md:leading-8 break-words\">En observant les images partag\u00e9es sur les r\u00e9seaux sociaux de pr\u00e8s, on peut relever plusieurs incoh\u00e9rences visuelles, typiques des contenus g\u00e9n\u00e9r\u00e9s par IA, m\u00eame si les progr\u00e8s constants de ces outils rendent de plus en difficile la d\u00e9tection de leur utilisation.<\/p>\n<p class=\"mb-4 text-lg md:leading-8 break-words\">Sur la premi\u00e8re image, l&rsquo;arrestation semble se d\u00e9rouler dans une rue parisienne, alors qu&rsquo;elle a en r\u00e9alit\u00e9 eu lieu dans un a\u00e9roport. Les regards des suppos\u00e9s t\u00e9moins et celui d&rsquo;un agent des Compagnies r\u00e9publicaines de s\u00e9curit\u00e9 (CRS) paraissent d\u00e9form\u00e9s et peu naturels.<\/p>\n<p class=\"mb-4 text-lg md:leading-8 break-words\">Interrog\u00e9 le 26 mars par l&rsquo;AFP, le service d&rsquo;information et de communication de la\u00a0<a href=\"https:\/\/www.police-nationale.interieur.gouv.fr\/nous-decouvrir\/nos-missions\" rel=\"nofollow noopener\" target=\"_blank\" data-ylk=\"slk:police nationale;elm:context_link;itc:0;sec:content-canvas\" data-yga=\"{&quot;yLinkElement&quot;:&quot;context_link&quot;,&quot;yModuleName&quot;:&quot;content-canvas&quot;,&quot;yLinkText&quot;:&quot;police nationale&quot;}\" class=\"link \">police nationale<\/a> (Sicop) a qualifi\u00e9 l&rsquo;image de \u00ab\u00a0100% fausse\u00a0\u00bb (lien archiv\u00e9 <a href=\"https:\/\/web.archive.org\/web\/20260210151110\/https:\/\/www.police-nationale.interieur.gouv.fr\/nous-decouvrir\/nos-missions\" rel=\"nofollow noopener\" target=\"_blank\" data-ylk=\"slk:ici;elm:context_link;itc:0;sec:content-canvas\" data-yga=\"{&quot;yLinkElement&quot;:&quot;context_link&quot;,&quot;yModuleName&quot;:&quot;content-canvas&quot;,&quot;yLinkText&quot;:&quot;ici&quot;}\" class=\"link \">ici<\/a>).<\/p>\n<p><img alt=\"&lt;span&gt;Symbole IA, et encadr\u00e9s rouges mettant en \u00e9vidence les incoh\u00e9rences visuelles de l'image g\u00e9n\u00e9r\u00e9e par intelligence artificielle, ajout\u00e9s par l'AFP.&lt;\/span&gt;\" loading=\"lazy\" width=\"840\" height=\"1080\" decoding=\"async\" data-nimg=\"1\" class=\"rounded-lg\" style=\"color:transparent\" src=\"https:\/\/www.europesays.com\/fr\/wp-content\/uploads\/2026\/03\/260315961dd38f6c62b7e930547be182.jpeg\"\/><\/p>\n<p>Symbole IA, et encadr\u00e9s rouges mettant en \u00e9vidence les incoh\u00e9rences visuelles de l&rsquo;image g\u00e9n\u00e9r\u00e9e par intelligence artificielle, ajout\u00e9s par l&rsquo;AFP.<\/p>\n<p class=\"mb-4 text-lg md:leading-8 break-words\">Les \u00e9quipements visibles des forces de l&rsquo;ordre pr\u00e9sentent \u00e9galement plusieurs anomalies. L&rsquo;\u00e9cusson port\u00e9 par l&rsquo;agent \u00e0 gauche mentionne \u00ab\u00a0Force nationale\u00a0\u00bb au lieu de \u00ab\u00a0Police nationale\u00a0\u00bb. Et il est incoh\u00e9rent qu&rsquo;un agent portant un tel \u00e9cusson puisse \u00e9galement porter celui des CRS, comme sur cette image, a soulign\u00e9 le p\u00f4le presse de la police nationale \u00e0 l&rsquo;AFP. Par ailleurs, le griffon comporte deux couleurs dans l&rsquo;image g\u00e9n\u00e9r\u00e9e par IA, alors que le\u00a0<a href=\"https:\/\/www.afpforum.com\/AFPForum\/Search\/ViewMedia.aspx?mui=1&amp;hid=EADB7E2C83D257C4C9322AF80C0F6FF24ED6113A8FBAD5386CBAA0B2ADD86713\" rel=\"nofollow noopener\" target=\"_blank\" data-ylk=\"slk:v\u00e9ritable insigne;elm:context_link;itc:0;sec:content-canvas\" data-yga=\"{&quot;yLinkElement&quot;:&quot;context_link&quot;,&quot;yModuleName&quot;:&quot;content-canvas&quot;,&quot;yLinkText&quot;:&quot;v\u00e9ritable insigne&quot;}\" class=\"link \">v\u00e9ritable insigne<\/a> ne contient que du bleu.<\/p>\n<p><img alt=\"&lt;span&gt;Comparaison de l'\u00e9cusson de la police nationale dans l'image g\u00e9n\u00e9r\u00e9e par IA (\u00e0 gauche) avec une photographie de l'\u00e9cusson prise \u00e0 la pr\u00e9fecture de police, \u00e0 Paris, le 4 novembre 2025 (\u00e0 droite). Mise en \u00e9vidence et symbole IA ajout\u00e9s par l'AFP.&lt;\/span&gt;&lt;div&gt;&lt;span&gt;Julie SEBADELHA&lt;\/span&gt;&lt;span&gt;AFP&lt;\/span&gt;&lt;\/div&gt;\" loading=\"lazy\" width=\"960\" height=\"422\" decoding=\"async\" data-nimg=\"1\" class=\"rounded-lg\" style=\"color:transparent\" src=\"https:\/\/www.europesays.com\/fr\/wp-content\/uploads\/2026\/03\/567e2bbb77da461dbb29dbe705ab53d0.jpeg\"\/>Comparaison de l&rsquo;\u00e9cusson de la police nationale dans l&rsquo;image g\u00e9n\u00e9r\u00e9e par IA (\u00e0 gauche) avec une photographie de l&rsquo;\u00e9cusson prise \u00e0 la pr\u00e9fecture de police, \u00e0 Paris, le 4 novembre 2025 (\u00e0 droite). Mise en \u00e9vidence et symbole IA ajout\u00e9s par l&rsquo;AFP.<\/p>\n<p>Julie SEBADELHAAFP<\/p>\n<p>(Julie SEBADELHA \/ AFP)<\/p>\n<p class=\"mb-4 text-lg md:leading-8 break-words\">L&rsquo;<a href=\"https:\/\/u.afp.com\/Sbwi\" rel=\"nofollow noopener\" target=\"_blank\" data-ylk=\"slk:\u00e9cusson CRS;elm:context_link;itc:0;sec:content-canvas\" data-yga=\"{&quot;yLinkElement&quot;:&quot;context_link&quot;,&quot;yModuleName&quot;:&quot;content-canvas&quot;,&quot;yLinkText&quot;:&quot;\u00e9cusson CRS&quot;}\" class=\"link \">\u00e9cusson CRS<\/a> est, quant \u00e0 lui, presque illisible.<\/p>\n<p><img alt=\"&lt;span&gt;Comparaison de l'\u00e9cusson CRS sur une veste d'un policier dans l'image g\u00e9n\u00e9r\u00e9e par IA (\u00e0 gauche) avec une photographie prise \u00e0 Ch\u00e2tel-Saint-Germain, en Moselle (est), le 23 f\u00e9vrier 2023 (\u00e0 droite). Mise en \u00e9vidence et symbole IA ajout\u00e9s par l'AFP.&lt;\/span&gt;&lt;div&gt;&lt;span&gt;Jean-Christophe VERHAEGEN&lt;\/span&gt;&lt;span&gt;AFP&lt;\/span&gt;&lt;\/div&gt;\" loading=\"lazy\" width=\"960\" height=\"422\" decoding=\"async\" data-nimg=\"1\" class=\"rounded-lg\" style=\"color:transparent\" src=\"https:\/\/www.europesays.com\/fr\/wp-content\/uploads\/2026\/03\/9be019b9ebe74bc7818eef9fbc23d478.jpeg\"\/>Comparaison de l&rsquo;\u00e9cusson CRS sur une veste d&rsquo;un policier dans l&rsquo;image g\u00e9n\u00e9r\u00e9e par IA (\u00e0 gauche) avec une photographie prise \u00e0 Ch\u00e2tel-Saint-Germain, en Moselle (est), le 23 f\u00e9vrier 2023 (\u00e0 droite). Mise en \u00e9vidence et symbole IA ajout\u00e9s par l&rsquo;AFP.<\/p>\n<p>Jean-Christophe VERHAEGENAFP<\/p>\n<p>(Jean-Christophe VERHAEGEN \/ AFP)<\/p>\n<p class=\"mb-4 text-lg md:leading-8 break-words\">\u00a0<\/p>\n<p class=\"mb-4 text-lg md:leading-8 break-words\">En arri\u00e8re-plan, deux v\u00e9hicules semblent appartenir \u00e0 la gendarmerie, alors que ce sont des CRS qui proc\u00e8dent \u00e0 l&rsquo;interpellation sur l&rsquo;image, remarque aussi le Sicop.<\/p>\n<p class=\"mb-4 text-lg md:leading-8 break-words\">Les marquages sur les v\u00e9hicules sont \u00e9galement erron\u00e9s : l&rsquo;un ne porte pas <a href=\"https:\/\/www.afpforum.com\/AFPForum\/Search\/ViewMedia.aspx?mui=3&amp;hid=602C025254AC54AE4031F01C8DFD8FC01DB72CA368D6EE8D2DC4521CFC4BB83E&amp;cck=a1aff2\" rel=\"nofollow noopener\" target=\"_blank\" data-ylk=\"slk:correctement;elm:context_link;itc:0;sec:content-canvas\" data-yga=\"{&quot;yLinkElement&quot;:&quot;context_link&quot;,&quot;yModuleName&quot;:&quot;content-canvas&quot;,&quot;yLinkText&quot;:&quot;correctement&quot;}\" class=\"link \">correctement<\/a> l&rsquo;inscription \u00ab\u00a0GENDARMERIE\u00a0\u00bb, et le mot \u00ab\u00a0POLICE\u00a0\u00bb est \u00e0 peine d\u00e9chiffrable sur l&rsquo;autre.<\/p>\n<p><img alt=\"&lt;span&gt;Comparaison de la voiture de gendarmerie dans l'image g\u00e9n\u00e9r\u00e9e par IA (\u00e0 gauche) avec un v\u00e9hicule \u00e0 Lescout, dans le Tarn (sud-ouest), le 19 novembre 2021 (\u00e0 droite). Mise en \u00e9vidence et symbole IA ajout\u00e9s par l'AFP.&lt;\/span&gt;&lt;div&gt;&lt;span&gt;Valentine CHAPUIS&lt;\/span&gt;&lt;span&gt;AFP&lt;\/span&gt;&lt;\/div&gt;\" loading=\"lazy\" width=\"960\" height=\"422\" decoding=\"async\" data-nimg=\"1\" class=\"rounded-lg\" style=\"color:transparent\" src=\"https:\/\/www.europesays.com\/fr\/wp-content\/uploads\/2026\/03\/03c29ac3c942d380050f1a02571fc268.jpeg\"\/>Comparaison de la voiture de gendarmerie dans l&rsquo;image g\u00e9n\u00e9r\u00e9e par IA (\u00e0 gauche) avec un v\u00e9hicule \u00e0 Lescout, dans le Tarn (sud-ouest), le 19 novembre 2021 (\u00e0 droite). Mise en \u00e9vidence et symbole IA ajout\u00e9s par l&rsquo;AFP.<\/p>\n<p>Valentine CHAPUISAFP<\/p>\n<p>(Valentine CHAPUIS \/ AFP)<\/p>\n<p class=\"mb-4 text-lg md:leading-8 break-words\">L&rsquo;AFP Factuel a par ailleurs pu \u00e9tablir que l&rsquo;image avait \u00e9t\u00e9 g\u00e9n\u00e9r\u00e9e \u00e0 l&rsquo;aide de Google AI, mod\u00e8le d&rsquo;intelligence artificielle de Google, en utilisant l&rsquo;outil de d\u00e9tection <a href=\"https:\/\/deepmind.google.com\/frontiers\/synthid\/image-detection\" rel=\"nofollow noopener\" target=\"_blank\" data-ylk=\"slk:SynthID;elm:context_link;itc:0;sec:content-canvas\" data-yga=\"{&quot;yLinkElement&quot;:&quot;context_link&quot;,&quot;yModuleName&quot;:&quot;content-canvas&quot;,&quot;yLinkText&quot;:&quot;SynthID&quot;}\" class=\"link \">SynthID<\/a> de Google, qui permet d&rsquo;identifier les contenus produits par cette technologie (lien archiv\u00e9\u00a0<a href=\"https:\/\/web.archive.org\/web\/20260326105105\/https:\/\/deepmind.google.com\/frontiers\/synthid\/image-detection\" rel=\"nofollow noopener\" target=\"_blank\" data-ylk=\"slk:ici;elm:context_link;itc:0;sec:content-canvas\" data-yga=\"{&quot;yLinkElement&quot;:&quot;context_link&quot;,&quot;yModuleName&quot;:&quot;content-canvas&quot;,&quot;yLinkText&quot;:&quot;ici&quot;}\" class=\"link \">ici<\/a>).<\/p>\n<p><img alt=\"&lt;span&gt;Capture d'\u00e9cran, prise le 26 mars 2026, de l'analyse de SynthID montrant que l'image a \u00e9t\u00e9 g\u00e9n\u00e9r\u00e9e par IA avec Google AI. Symbole IA ajout\u00e9 par l'AFP.&lt;\/span&gt;\" loading=\"lazy\" width=\"960\" height=\"573\" decoding=\"async\" data-nimg=\"1\" class=\"rounded-lg\" style=\"color:transparent\" src=\"https:\/\/www.europesays.com\/fr\/wp-content\/uploads\/2026\/03\/ac9599f078dfb3eef458bb0bf882ecf4.jpeg\"\/><\/p>\n<p>Capture d&rsquo;\u00e9cran, prise le 26 mars 2026, de l&rsquo;analyse de SynthID montrant que l&rsquo;image a \u00e9t\u00e9 g\u00e9n\u00e9r\u00e9e par IA avec Google AI. Symbole IA ajout\u00e9 par l&rsquo;AFP.<\/p>\n<p class=\"mb-4 text-lg md:leading-8 break-words\">La seconde image pr\u00e9sente elle aussi plusieurs anomalies : la tenue du douanier ne correspond pas \u00e0 <a href=\"https:\/\/u.afp.com\/Sbw6\" rel=\"nofollow noopener\" target=\"_blank\" data-ylk=\"slk:celle en usage \u00e0 l&#039;a\u00e9roport de Roissy-Charles-de-Gaulle;elm:context_link;itc:0;sec:content-canvas\" data-yga=\"{&quot;yLinkElement&quot;:&quot;context_link&quot;,&quot;yModuleName&quot;:&quot;content-canvas&quot;,&quot;yLinkText&quot;:&quot;celle en usage \u00e0 l&#039;&quot;}\" class=\"link \">celle en usage \u00e0 l&rsquo;a\u00e9roport de Roissy-Charles-de-Gaulle<\/a>, les mains sont d\u00e9form\u00e9es (doigts fusionn\u00e9s ou en nombre incorrect), et une tour visible en arri\u00e8re-plan qui ne correspond \u00e0 aucune <a href=\"https:\/\/www.google.com\/maps\/place\/A%C3%A9roport+de+Paris-Charles+de+Gaulle\/@49.0038864,2.5728035,3a,75y,131.47h,103.43t\/data=!3m7!1e1!3m5!1sgLdCGR4gh53FVIu6KXYdbg!2e0!6shttps:%2F%2Fstreetviewpixels-pa.googleapis.com%2Fv1%2Fthumbnail%3Fcb_client%3Dmaps_sv.tactile%26w%3D900%26h%3D600%26pitch%3D-13.428123460151838%26panoid%3DgLdCGR4gh53FVIu6KXYdbg%26yaw%3D131.46838536879582!7i16384!8i8192!4m6!3m5!1s0x47e63e038e4ccf5b:0x42be0982f5ba62c!8m2!3d49.0078827!4d2.5507855!16zL20vMHFrNzk?authuser=0&amp;entry=ttu&amp;g_ep=EgoyMDI2MDMyMy4xIKXMDSoASAFQAw%3D%3D\" rel=\"nofollow noopener\" target=\"_blank\" data-ylk=\"slk:infrastructure r\u00e9elle de l&#039;a\u00e9roport;elm:context_link;itc:0;sec:content-canvas\" data-yga=\"{&quot;yLinkElement&quot;:&quot;context_link&quot;,&quot;yModuleName&quot;:&quot;content-canvas&quot;,&quot;yLinkText&quot;:&quot;infrastructure r\u00e9elle de l&#039;&quot;}\" class=\"link \">infrastructure r\u00e9elle de l&rsquo;a\u00e9roport<\/a>\u00a0(lien archiv\u00e9 <a href=\"https:\/\/perma.cc\/WBK6-BJP3?type=image\" rel=\"nofollow noopener\" target=\"_blank\" data-ylk=\"slk:ici;elm:context_link;itc:0;sec:content-canvas\" data-yga=\"{&quot;yLinkElement&quot;:&quot;context_link&quot;,&quot;yModuleName&quot;:&quot;content-canvas&quot;,&quot;yLinkText&quot;:&quot;ici&quot;}\" class=\"link \">ici<\/a>).<\/p>\n<p><img alt=\"&lt;span&gt;Symbole IA, et encadr\u00e9s rouges mettant en \u00e9vidence les incoh\u00e9rences visuelles de l'image g\u00e9n\u00e9r\u00e9e par intelligence artificielle, ajout\u00e9s par l'AFP.&lt;\/span&gt;\" loading=\"lazy\" width=\"810\" height=\"1080\" decoding=\"async\" data-nimg=\"1\" class=\"rounded-lg\" style=\"color:transparent\" src=\"https:\/\/www.europesays.com\/fr\/wp-content\/uploads\/2026\/03\/58410641b6157ef63ae5ec26959979ed.jpeg\"\/><\/p>\n<p>Symbole IA, et encadr\u00e9s rouges mettant en \u00e9vidence les incoh\u00e9rences visuelles de l&rsquo;image g\u00e9n\u00e9r\u00e9e par intelligence artificielle, ajout\u00e9s par l&rsquo;AFP.<\/p>\n<p class=\"mb-4 text-lg md:leading-8 break-words\">On note \u00e9galement l&rsquo;absence d&rsquo;un \u00e9l\u00e9ment textile noir sous l&rsquo;inscription \u00ab\u00a0POLICE\u00a0\u00bb sur le\u00a0<a href=\"https:\/\/www.afpforum.com\/AFPForum\/Search\/ViewMedia.aspx?mui=3&amp;hid=E794DDCD48CC93C8BC24B4A667E1E94F5156E0BDB9E510CC5FD1B3AFD97B16ED&amp;cck=a1aff2\" rel=\"nofollow noopener\" target=\"_blank\" data-ylk=\"slk:brassard masqu\u00e9 de l&#039;agent;elm:context_link;itc:0;sec:content-canvas\" data-yga=\"{&quot;yLinkElement&quot;:&quot;context_link&quot;,&quot;yModuleName&quot;:&quot;content-canvas&quot;,&quot;yLinkText&quot;:&quot;brassard masqu\u00e9 de l&#039;&quot;}\" class=\"link \">brassard masqu\u00e9 de l&rsquo;agent<\/a> escortant Gims.<\/p>\n<p><img alt=\"&lt;span&gt;Comparaison du brassard masqu\u00e9 dans l'image g\u00e9n\u00e9r\u00e9e par IA (\u00e0 gauche) avec une photographie de policiers portant des brassards masqu\u00e9s prise le 3 novembre 2016 \u00e0 Paris (\u00e0 droite). Mise en \u00e9vidence et symbole IA ajout\u00e9s par l'AFP.&lt;\/span&gt;&lt;div&gt;&lt;span&gt;Patrick KOVARIK&lt;\/span&gt;&lt;span&gt;AFP&lt;\/span&gt;&lt;\/div&gt;\" loading=\"lazy\" width=\"960\" height=\"422\" decoding=\"async\" data-nimg=\"1\" class=\"rounded-lg\" style=\"color:transparent\" src=\"https:\/\/www.europesays.com\/fr\/wp-content\/uploads\/2026\/03\/ee0a9f4ade69cb94b84e74c261c15f64.jpeg\"\/>Comparaison du brassard masqu\u00e9 dans l&rsquo;image g\u00e9n\u00e9r\u00e9e par IA (\u00e0 gauche) avec une photographie de policiers portant des brassards masqu\u00e9s prise le 3 novembre 2016 \u00e0 Paris (\u00e0 droite). Mise en \u00e9vidence et symbole IA ajout\u00e9s par l&rsquo;AFP.<\/p>\n<p>Patrick KOVARIKAFP<\/p>\n<p>(Patrick KOVARIK \/ AFP)<\/p>\n<p class=\"mb-4 text-lg md:leading-8 break-words\">Une analyse r\u00e9alis\u00e9e par l&rsquo;AFP \u00e0 l&rsquo;aide du d\u00e9tecteur d&rsquo;images synth\u00e9tiques int\u00e9gr\u00e9 \u00e0 l&rsquo;<a href=\"https:\/\/www.invid-project.eu\/tools-and-services\/invid-verification-plugin\/\" rel=\"nofollow noopener\" target=\"_blank\" data-ylk=\"slk:outil de v\u00e9rification (cocr\u00e9\u00e9 par l&#039;AFP) InVID-WeVerify;elm:context_link;itc:0;sec:content-canvas\" data-yga=\"{&quot;yLinkElement&quot;:&quot;context_link&quot;,&quot;yModuleName&quot;:&quot;content-canvas&quot;,&quot;yLinkText&quot;:&quot;outil de v\u00e9rification (cocr\u00e9\u00e9 par l&#039;&quot;}\" class=\"link \">outil de v\u00e9rification (cocr\u00e9\u00e9 par l&rsquo;AFP) InVID-WeVerify<\/a> estime que cette image a vraisemblablement \u00e9t\u00e9 g\u00e9n\u00e9r\u00e9e par IA, avec un score de probabilit\u00e9 de 99%.<\/p>\n<p><img alt=\"&lt;span&gt;Capture d'\u00e9cran, prise le 26 mars 2026, de l'analyse de la photo effectu\u00e9e sur InVID-WeVerify par l'AFP. Symbole IA ajout\u00e9 par l'AFP.&lt;\/span&gt;\" loading=\"lazy\" width=\"960\" height=\"424\" decoding=\"async\" data-nimg=\"1\" class=\"rounded-lg\" style=\"color:transparent\" src=\"https:\/\/www.europesays.com\/fr\/wp-content\/uploads\/2026\/03\/dab5164e88262eb8911239ea679dc5eb.jpeg\"\/><\/p>\n<p>Capture d&rsquo;\u00e9cran, prise le 26 mars 2026, de l&rsquo;analyse de la photo effectu\u00e9e sur InVID-WeVerify par l&rsquo;AFP. Symbole IA ajout\u00e9 par l&rsquo;AFP.<\/p>\n<p class=\"mb-4 text-lg md:leading-8 break-words\">Malgr\u00e9 la large couverture m\u00e9diatique de l&rsquo;\u00e9v\u00e9nement, tant en France qu&rsquo;en R\u00e9publique d\u00e9mocratique du Congo (RDC), <strong>l&rsquo;AFP n&rsquo;a trouv\u00e9, au 26 mars, aucune trace d&rsquo;une quelconque\u00a0 image authentique de l&rsquo;interpellation du chanteur<\/strong>.<\/p>\n<p class=\"mb-4 text-lg md:leading-8 break-words\">Il n&rsquo;est pas rare que des images g\u00e9n\u00e9r\u00e9es par IA circulent sur les r\u00e9seaux sociaux au gr\u00e9 de l&rsquo;actualit\u00e9 : en f\u00e9vrier 2026, l&rsquo;AFP avait par exemple <a href=\"https:\/\/factuel.afp.com\/doc.afp.com.968Q79E\" rel=\"nofollow noopener\" target=\"_blank\" data-ylk=\"slk:v\u00e9rifi\u00e9;elm:context_link;itc:0;sec:content-canvas\" data-yga=\"{&quot;yLinkElement&quot;:&quot;context_link&quot;,&quot;yModuleName&quot;:&quot;content-canvas&quot;,&quot;yLinkText&quot;:&quot;v\u00e9rifi\u00e9&quot;}\" class=\"link \">v\u00e9rifi\u00e9<\/a> des images g\u00e9n\u00e9r\u00e9es par IA pr\u00e9tendant montrer la perquisition des locaux du r\u00e9seau social X \u00e0 Paris.<\/p>\n","protected":false},"excerpt":{"rendered":"L&rsquo;artiste congolais Gims a \u00e9t\u00e9 interpell\u00e9 le 25 mars 2026 par le service national des douanes judiciaires \u00e0&hellip;\n","protected":false},"author":2,"featured_media":826524,"comment_status":"","ping_status":"","sticky":false,"template":"","format":"standard","meta":{"footnotes":"","_share_on_mastodon":"0"},"categories":[1888],"tags":[1111,1928,11,1927,1777,674,1011,27,861,223,20426,12,1926,626,1925,4843,25,20617],"class_list":["post-826523","post","type-post","status-publish","format-standard","has-post-thumbnail","category-paris","tag-actu","tag-actu-paris","tag-actualites","tag-actualites-paris","tag-eu","tag-europe","tag-fr","tag-france","tag-ia","tag-intelligence-artificielle","tag-les-reseaux-sociaux","tag-news","tag-news-paris","tag-paris","tag-paris-news","tag-police-nationale","tag-republique-francaise","tag-roissy-charles-de-gaulle"],"share_on_mastodon":{"url":"https:\/\/pubeurope.com\/@fr\/116296990924024983","error":""},"_links":{"self":[{"href":"https:\/\/www.europesays.com\/fr\/wp-json\/wp\/v2\/posts\/826523","targetHints":{"allow":["GET"]}}],"collection":[{"href":"https:\/\/www.europesays.com\/fr\/wp-json\/wp\/v2\/posts"}],"about":[{"href":"https:\/\/www.europesays.com\/fr\/wp-json\/wp\/v2\/types\/post"}],"author":[{"embeddable":true,"href":"https:\/\/www.europesays.com\/fr\/wp-json\/wp\/v2\/users\/2"}],"replies":[{"embeddable":true,"href":"https:\/\/www.europesays.com\/fr\/wp-json\/wp\/v2\/comments?post=826523"}],"version-history":[{"count":0,"href":"https:\/\/www.europesays.com\/fr\/wp-json\/wp\/v2\/posts\/826523\/revisions"}],"wp:featuredmedia":[{"embeddable":true,"href":"https:\/\/www.europesays.com\/fr\/wp-json\/wp\/v2\/media\/826524"}],"wp:attachment":[{"href":"https:\/\/www.europesays.com\/fr\/wp-json\/wp\/v2\/media?parent=826523"}],"wp:term":[{"taxonomy":"category","embeddable":true,"href":"https:\/\/www.europesays.com\/fr\/wp-json\/wp\/v2\/categories?post=826523"},{"taxonomy":"post_tag","embeddable":true,"href":"https:\/\/www.europesays.com\/fr\/wp-json\/wp\/v2\/tags?post=826523"}],"curies":[{"name":"wp","href":"https:\/\/api.w.org\/{rel}","templated":true}]}}