{"id":826532,"date":"2026-03-26T18:57:14","date_gmt":"2026-03-26T18:57:14","guid":{"rendered":"https:\/\/www.europesays.com\/fr\/826532\/"},"modified":"2026-03-26T18:57:14","modified_gmt":"2026-03-26T18:57:14","slug":"voici-le-programme-tv-du-gp-des-usa-2026","status":"publish","type":"post","link":"https:\/\/www.europesays.com\/fr\/826532\/","title":{"rendered":"voici le programme TV du GP des USA 2026"},"content":{"rendered":"<p itemprop=\"description\">Troisi\u00e8me manche du calendrier MotoGP<br \/>\n2026, le GP des USA se dispute \u00e0 Austin du 27 au 29 mars. Entre<br \/>\nd\u00e9calage horaire et diffusion Canal+, on vous aide \u00e0 caler vos<br \/>\nsoir\u00e9es.<\/p>\n<p>Le MotoGP revient \u00e0 Austin en 2026, et pour les fans fran\u00e7ais,<br \/>\nle Grand Prix des Am\u00e9riques rime surtout avec soir\u00e9es bien remplies<br \/>\ndevant la t\u00e9l\u00e9. Entre le d\u00e9calage horaire avec le Texas et un<br \/>\nweek-end programm\u00e9 fin mars, le <strong>programme TV du GP des<br \/>\nAm\u00e9riques MotoGP 2026<\/strong> peut vite devenir un vrai casse-t\u00eate<br \/>\nsi l\u2019on ne s\u2019y prend pas \u00e0 l\u2019avance.<\/p>\n<p>Cette manche d\u2019Austin, troisi\u00e8me rendez-vous du calendrier<br \/>\nMotoGP 2026, se court sur le spectaculaire Circuit of the Americas,<br \/>\navec course principale le dimanche 29 mars. Sprint le samedi, Grand<br \/>\nPrix le dimanche, le tout en nocturne pour la France : de quoi<br \/>\ndonner envie de s\u2019organiser d\u00e8s maintenant pour savoir \u00e0 quelle<br \/>\nheure allumer la t\u00e9l\u00e9 et sur quelle cha\u00eene suivre ce GP des USA<br \/>\n2026 sans rien louper.<\/p>\n<p>GP des Am\u00e9riques 2026 : horaires en France et d\u00e9calage avec le<br \/>\nTexas<\/p>\n<p><a href=\"https:\/\/www.autoplus.fr\/actualite\/insolite\/taxi-robots-commencent-envahir-rues-phoenix-austin-620538.html\" rel=\"nofollow noopener\" target=\"_blank\"><br \/>\nLe week-end d\u2019Austin<\/a> se tient du vendredi 27 au dimanche 29<br \/>\nmars 2026. Il y a, au d\u00e9part, six heures de d\u00e9calage horaire entre<br \/>\nla France et le Texas, puis sept heures le dimanche apr\u00e8s le<br \/>\npassage \u00e0 l\u2019heure d\u2019\u00e9t\u00e9 c\u00f4t\u00e9 fran\u00e7ais. Le sprint du samedi et la<br \/>\ncourse principale du dimanche sont pr\u00e9vus \u00e0 15h heure locale, ce<br \/>\nqui donne un d\u00e9part \u00e0 21h \u00e0 Paris pour la course sprint le samedi,<br \/>\npuis \u00e0 22h le dimanche pour le Grand Prix.<\/p>\n<ul>\n<li><strong>Course sprint MotoGP<\/strong> : samedi 28 mars \u00e0<br \/>\n<strong>21h00<\/strong>, heure fran\u00e7aise<\/li>\n<li><strong>Warm-up MotoGP<\/strong> : dimanche 29 mars de<br \/>\n<strong>17h40 \u00e0 17h50<\/strong>, heure fran\u00e7aise<\/li>\n<li><strong>Course MotoGP<\/strong> : dimanche 29 mars \u00e0<br \/>\n<strong>22h00<\/strong>, heure fran\u00e7aise<\/li>\n<\/ul>\n<p>Pour le reste du programme, tout est \u00e9galement cal\u00e9 en heure<br \/>\nfran\u00e7aise. Le vendredi 27 mars, les Essais Libres 1 MotoGP sont<br \/>\nprogramm\u00e9s de 16h45 \u00e0 17h30, avant une autre s\u00e9ance d\u2019essais de<br \/>\n21h00 \u00e0 22h00. Le samedi 28 mars, les Essais Libres 2 auront lieu<br \/>\nde 16h10 \u00e0 16h40, suivis des qualifications de 16h50 \u00e0 17h30, puis<br \/>\nde la course sprint \u00e0 21h00. Le dimanche 29 mars, apr\u00e8s le warm-up<br \/>\nde 17h40 \u00e0 17h50, les fans n\u2019auront plus qu\u2019\u00e0 patienter jusqu\u2019\u00e0<br \/>\n22h00 pour le d\u00e9part de la course MotoGP, toujours en heure<br \/>\nfran\u00e7aise.<\/p>\n<p>Cha\u00eenes TV, streaming et replays du GP des USA MotoGP 2026<\/p>\n<p>En France, les droits de diffusion du MotoGP appartiennent aux<br \/>\ncha\u00eenes du groupe Canal+. Pour ce Grand Prix des Am\u00e9riques,<br \/>\nl\u2019int\u00e9gralit\u00e9 du programme est annonc\u00e9e sur <strong>Canal+ Sport<br \/>\n360<\/strong>. Toutes les s\u00e9ances du week-end y sont pr\u00e9vues :<br \/>\nessais libres, essais, qualifications, course sprint du samedi,<br \/>\nmais aussi les courses Moto2 et Moto3 du dimanche, en plus de la<br \/>\ncourse principale MotoGP. Les abonn\u00e9s peuvent donc rester sur la<br \/>\nm\u00eame cha\u00eene du d\u00e9but \u00e0 la fin du week-end, tout en gardant un \u0153il<br \/>\nsur le guide TV pour rep\u00e9rer d\u2019\u00e9ventuels magazines ou rediffusions<br \/>\nsur les autres cha\u00eenes du groupe.<\/p>\n<p>C\u00f4t\u00e9 streaming, les abonn\u00e9s Canal+ peuvent suivre le <strong>GP<br \/>\ndes Am\u00e9riques MotoGP 2026<\/strong> en direct via la plateforme<br \/>\nMyCanal, sur ordinateur, tablette, smartphone ou t\u00e9l\u00e9vision<br \/>\nconnect\u00e9e, avec acc\u00e8s aux replays en cas d\u2019horaire trop tardif pour<br \/>\nla course de 22h00. Pour ceux qui pr\u00e9f\u00e8rent l\u2019offre officielle<br \/>\ninternationale, le MotoGP VideoPass propose un acc\u00e8s au championnat<br \/>\nen streaming, via des abonnements annuels ou mensuels, avec<br \/>\nv\u00e9rification n\u00e9cessaire des conditions de diffusion depuis la<br \/>\nFrance. Et une fois Austin pass\u00e9, les fans pourront d\u00e9j\u00e0 cocher la<br \/>\ndate du prochain rendez-vous, le Grand Prix d\u2019Espagne pr\u00e9vu du 24<br \/>\nau 26 avril.<\/p>\n","protected":false},"excerpt":{"rendered":"Troisi\u00e8me manche du calendrier MotoGP 2026, le GP des USA se dispute \u00e0 Austin du 27 au 29&hellip;\n","protected":false},"author":2,"featured_media":826533,"comment_status":"","ping_status":"","sticky":false,"template":"","format":"standard","meta":{"footnotes":"","_share_on_mastodon":"0"},"categories":[1589],"tags":[930,5734,11,154,3029,73,1866,7591,1458,12,5240,1364,1864,1865,1863,308,6013],"class_list":["post-826532","post","type-post","status-publish","format-standard","has-post-thumbnail","category-etats-unis","tag-le","tag-5734","tag-actualites","tag-des","tag-du","tag-etats-unis","tag-etats-unis-damerique","tag-gp","tag-motogp","tag-news","tag-programme","tag-tv","tag-united-states","tag-united-states-of-america","tag-us","tag-usa","tag-voici"],"share_on_mastodon":{"url":"https:\/\/pubeurope.com\/@fr\/116297010158760328","error":""},"_links":{"self":[{"href":"https:\/\/www.europesays.com\/fr\/wp-json\/wp\/v2\/posts\/826532","targetHints":{"allow":["GET"]}}],"collection":[{"href":"https:\/\/www.europesays.com\/fr\/wp-json\/wp\/v2\/posts"}],"about":[{"href":"https:\/\/www.europesays.com\/fr\/wp-json\/wp\/v2\/types\/post"}],"author":[{"embeddable":true,"href":"https:\/\/www.europesays.com\/fr\/wp-json\/wp\/v2\/users\/2"}],"replies":[{"embeddable":true,"href":"https:\/\/www.europesays.com\/fr\/wp-json\/wp\/v2\/comments?post=826532"}],"version-history":[{"count":0,"href":"https:\/\/www.europesays.com\/fr\/wp-json\/wp\/v2\/posts\/826532\/revisions"}],"wp:featuredmedia":[{"embeddable":true,"href":"https:\/\/www.europesays.com\/fr\/wp-json\/wp\/v2\/media\/826533"}],"wp:attachment":[{"href":"https:\/\/www.europesays.com\/fr\/wp-json\/wp\/v2\/media?parent=826532"}],"wp:term":[{"taxonomy":"category","embeddable":true,"href":"https:\/\/www.europesays.com\/fr\/wp-json\/wp\/v2\/categories?post=826532"},{"taxonomy":"post_tag","embeddable":true,"href":"https:\/\/www.europesays.com\/fr\/wp-json\/wp\/v2\/tags?post=826532"}],"curies":[{"name":"wp","href":"https:\/\/api.w.org\/{rel}","templated":true}]}}