{"id":82655,"date":"2025-05-07T19:42:22","date_gmt":"2025-05-07T19:42:22","guid":{"rendered":"https:\/\/www.europesays.com\/fr\/82655\/"},"modified":"2025-05-07T19:42:22","modified_gmt":"2025-05-07T19:42:22","slug":"cest-le-bon-moment-pour-carlos-sainz","status":"publish","type":"post","link":"https:\/\/www.europesays.com\/fr\/82655\/","title":{"rendered":"\u00ab\u00a0C&rsquo;est le bon moment\u00a0\u00bb pour Carlos Sainz"},"content":{"rendered":"<p><a href=\"https:\/\/fr.motorsport.com\/driver\/carlos-sainz-sr\/76914\/\" target=\"_blank\" rel=\"noopener\">Carlos Sainz<\/a> confirme que \u00ab\u00a0c&rsquo;est le bon moment\u00a0\u00bb pour <a href=\"https:\/\/fr.motorsport.com\/f1\/news\/exclusif-carlos-sainz-candidat-president-fia\/10720712\/\" target=\"_self\" rel=\"noopener\">envisager une candidature \u00e0 la pr\u00e9sidence de la FIA<\/a>, rejetant au passage toute crainte de conflit d&rsquo;int\u00e9r\u00eats. S&rsquo;exprimant en exclusivit\u00e9 pour <strong>Motorsport.com<\/strong>, le double champion du monde des rallyes a indiqu\u00e9 qu&rsquo;il \u00e9tait \u00ab\u00a0actuellement en train d&rsquo;\u00e9valuer le niveau de soutien que je peux obtenir au sein de la communaut\u00e9 du sport automobile\u00a0\u00bb.<\/p>\n<p>La prochaine \u00e9lection \u00e0 la t\u00eate de la FIA aura lieu le 12 d\u00e9cembre prochain \u00e0 Tachkent, en Ouzb\u00e9kistan, et l&rsquo;actuel pr\u00e9sident, Mohammed Ben Sulayem, devrait briguer un second mandat. Aucun autre candidat ne s&rsquo;est encore d\u00e9clar\u00e9.<\/p>\n<p>Carlos Sainz, qui court toujours et a remport\u00e9 le Dakar 2024 avec Audi, a d\u00e9clar\u00e9 avoir d\u00e9j\u00e0 envisag\u00e9 une candidature \u00e0 la t\u00eate de l&rsquo;instance dirigeante du sport automobile, mais jamais de mani\u00e8re s\u00e9rieuse jusqu&rsquo;\u00e0 pr\u00e9sent.<\/p>\n<p>\u00ab\u00a0Il y a de nombreuses raisons, mais je pilote depuis plus de 40 ans et ce sport m&rsquo;a tout donn\u00e9\u00a0\u00bb, d\u00e9clare-t-il. \u00ab\u00a0Cette possibilit\u00e9 me trotte dans la t\u00eate depuis un moment, sans que ce soit tr\u00e8s pouss\u00e9, mais je pense que cela pourrait \u00eatre le bon moment dans ma carri\u00e8re pour franchir ce cap. Je suis confiant dans ma capacit\u00e9 \u00e0 bien faire les choses et \u00e0 constituer une excellente \u00e9quipe pour rendre au sport une partie de ce qu&rsquo;il m&rsquo;a apport\u00e9.\u00a0\u00bb<\/p>\n<p>\u00ab\u00a0J&rsquo;ai accumul\u00e9 beaucoup d&rsquo;exp\u00e9rience dans ce sport au fil des ann\u00e9es et je suis convaincu de pouvoir apporter des choses nouvelles et int\u00e9ressantes, pour renforcer et d\u00e9velopper le sport et le monde de l&rsquo;automobile.\u00a0\u00bb<\/p>\n<p>Carlos Sainz est le p\u00e8re du pilote de Formule\u00a01 <a href=\"https:\/\/fr.motorsport.com\/driver\/carlos-sainz-jr\/91450\/\" target=\"_blank\" rel=\"noopener\">Carlos Sainz Jr<\/a>, qui roule chez <a href=\"https:\/\/fr.motorsport.com\/team\/williams\/613\/\" target=\"_blank\" rel=\"noopener\">Williams<\/a>. Lorsqu&rsquo;on l&rsquo;interroge sur le risque d&rsquo;un conflit d&rsquo;int\u00e9r\u00eats, il assure qu&rsquo;il prendrait toutes les dispositions n\u00e9cessaires pour l&rsquo;\u00e9viter.<\/p>\n<p>\u00ab\u00a0J&rsquo;ai un parcours solide et les gens me connaissent suffisamment pour comprendre que cela ne posera pas de probl\u00e8me\u00a0\u00bb, plaide-t-il. \u00ab\u00a0\u00c9videmment, je devrai me retirer de tout ce qui concerne le r\u00f4le que j&rsquo;ai aupr\u00e8s de Carlos et de sa carri\u00e8re, mais cela ne pose aucun souci. Ce n&rsquo;est plus un enfant, cela fait dix ans qu&rsquo;il est en F1 et nous savons tous les deux que si je poursuis ce projet, nos relations \u00e9volueront, \u00e9videmment. La FIA est une entit\u00e9 tr\u00e8s s\u00e9rieuse et il n&rsquo;y aura aucun conflit.\u00a0\u00bb<\/p>\n<p>   <img decoding=\"async\" draggable=\"false\" src=\"https:\/\/www.europesays.com\/fr\/wp-content\/uploads\/2025\/05\/carlos-sainz-sr-and-carlos-sai-1.jpg\" alt=\"Carlos Sainz et son fils en 2023.\" width=\"1200\" height=\"800\" loading=\"lazy\"\/> <\/p>\n<p class=\"title\">Carlos Sainz et son fils en 2023.<\/p>\n<p class=\"photographer\">Photo de: Mark Sutton \/ Motorsport Images<\/p>\n<p>Interrog\u00e9 sur ce qu&rsquo;il apporterait \u00e0 ce poste, Carlos Sainz a mis en avant son parcours et sa m\u00e9thode de travail.<\/p>\n<p>\u00ab\u00a0Chacun a sa propre mani\u00e8re de diriger [une organisation], sa propre vision de ce qui est le mieux, et sa propre compr\u00e9hension du sport et du monde de la mobilit\u00e9\u00a0\u00bb, explique-t-il. \u00ab\u00a0Je pense que mon parcours montre que lorsque je m&rsquo;engage dans quelque chose, je ne connais qu&rsquo;une seule fa\u00e7on de faire : de mani\u00e8re professionnelle, s\u00e9rieuse et directe. Ensuite, ce sera \u00e0 la communaut\u00e9 de d\u00e9cider.\u00a0\u00bb<\/p>\n<p>La FIA a connu ces derni\u00e8res ann\u00e9es des relations tendues avec la Formule\u00a01, en raison d&rsquo;une succession de pol\u00e9miques. Carlos Sainz n&rsquo;a pas souhait\u00e9 commenter le mandat controvers\u00e9 de Mohammed Ben Sulayem, marqu\u00e9 par une enqu\u00eate sur une possible influence sur le r\u00e9sultat d&rsquo;une course, des tensions avec les pilotes de plusieurs disciplines autour des \u00e9carts de langage, et une vague de d\u00e9parts parmi les personnes haut plac\u00e9es de l&rsquo;instance bas\u00e9e \u00e0 Paris.<\/p>\n<p>\u00ab\u00a0Il y a \u00e9videmment eu des controverses derni\u00e8rement, mais je veux me concentrer sur moi-m\u00eame. Je laisse le soin aux autres de juger\u00a0\u00bb, pr\u00e9vient-il. \u00ab\u00a0Si je me lance, ce ne sera pas pour affronter qui que ce soit, ce sera par passion et par amour du sport automobile, parce que je crois pouvoir aider et am\u00e9liorer certaines choses. Je pense que c&rsquo;est probablement le bon moment pour moi, \u00e0 la fois sur le plan personnel et professionnel, et c&rsquo;est pourquoi j&rsquo;y r\u00e9fl\u00e9chis.\u00a0\u00bb<\/p>\n<p>L&rsquo;Espagnol a expliqu\u00e9 que son pass\u00e9 de pilote l&rsquo;am\u00e8nerait \u00e0 \u00e9couter toutes les parties prenantes du sport pour am\u00e9liorer les relations entre la FIA et les diff\u00e9rentes disciplines.<\/p>\n<p>\u00ab\u00a0J&rsquo;ai \u00e9t\u00e9 de l&rsquo;autre c\u00f4t\u00e9 du sport automobile, et je sais combien il est important d&rsquo;\u00e9couter tout le monde : pilotes, \u00e9quipes, fans, organisateurs, promoteurs, monde social, constructeurs. Je crois sinc\u00e8rement pouvoir rendre cette relation plus fluide et plus forte. J&rsquo;aimerais que la FIA soit, \u00e0 l&rsquo;avenir, une entit\u00e9 r\u00e9ellement appr\u00e9ci\u00e9e et respect\u00e9e par tous.\u00a0\u00bb<\/p>\n<p>Carlos Sainz va d\u00e9sormais \u00e9valuer le soutien dont il dispose avant de d\u00e9cider s&rsquo;il officialise sa candidature.<\/p>\n<p>Lire aussi :<\/p>\n<p>Dans cet article<\/p>\n<p>    Rebecca Clancy\n<\/p>\n<p>    Formule 1\n<\/p>\n<p>    General\n<\/p>\n<p>    WRC\n<\/p>\n<p>    WEC\n<\/p>\n<p>    Formule E\n<\/p>\n<p>    Carlos Sainz Sr\n<\/p>\n<p>Soyez le premier inform\u00e9 et souscrivez aux alertes mails pour recevoir les infos en temps r\u00e9el<\/p>\n<p>    S&rsquo;abonner aux alertes de news<\/p>\n","protected":false},"excerpt":{"rendered":"Carlos Sainz confirme que \u00ab\u00a0c&rsquo;est le bon moment\u00a0\u00bb pour envisager une candidature \u00e0 la pr\u00e9sidence de la FIA,&hellip;\n","protected":false},"author":2,"featured_media":82656,"comment_status":"","ping_status":"","sticky":false,"template":"","format":"standard","meta":{"footnotes":""},"categories":[1412],"tags":[19050,1451,1452,1453,1454,8313,1455,1011,27,6556,60,12993,16405],"class_list":{"0":"post-82655","1":"post","2":"type-post","3":"status-publish","4":"format-standard","5":"has-post-thumbnail","7":"category-f1","8":"tag-carlos-sainz-sr","9":"tag-f1","10":"tag-formula-1","11":"tag-formula1","12":"tag-formule-1","13":"tag-formule-e","14":"tag-formule1","15":"tag-fr","16":"tag-france","17":"tag-general","18":"tag-sports","19":"tag-wec","20":"tag-wrc"},"share_on_mastodon":{"url":"https:\/\/pubeurope.com\/@fr\/114468261056900108","error":""},"_links":{"self":[{"href":"https:\/\/www.europesays.com\/fr\/wp-json\/wp\/v2\/posts\/82655","targetHints":{"allow":["GET"]}}],"collection":[{"href":"https:\/\/www.europesays.com\/fr\/wp-json\/wp\/v2\/posts"}],"about":[{"href":"https:\/\/www.europesays.com\/fr\/wp-json\/wp\/v2\/types\/post"}],"author":[{"embeddable":true,"href":"https:\/\/www.europesays.com\/fr\/wp-json\/wp\/v2\/users\/2"}],"replies":[{"embeddable":true,"href":"https:\/\/www.europesays.com\/fr\/wp-json\/wp\/v2\/comments?post=82655"}],"version-history":[{"count":0,"href":"https:\/\/www.europesays.com\/fr\/wp-json\/wp\/v2\/posts\/82655\/revisions"}],"wp:featuredmedia":[{"embeddable":true,"href":"https:\/\/www.europesays.com\/fr\/wp-json\/wp\/v2\/media\/82656"}],"wp:attachment":[{"href":"https:\/\/www.europesays.com\/fr\/wp-json\/wp\/v2\/media?parent=82655"}],"wp:term":[{"taxonomy":"category","embeddable":true,"href":"https:\/\/www.europesays.com\/fr\/wp-json\/wp\/v2\/categories?post=82655"},{"taxonomy":"post_tag","embeddable":true,"href":"https:\/\/www.europesays.com\/fr\/wp-json\/wp\/v2\/tags?post=82655"}],"curies":[{"name":"wp","href":"https:\/\/api.w.org\/{rel}","templated":true}]}}