{"id":82662,"date":"2025-05-07T19:46:10","date_gmt":"2025-05-07T19:46:10","guid":{"rendered":"https:\/\/www.europesays.com\/fr\/82662\/"},"modified":"2025-05-07T19:46:10","modified_gmt":"2025-05-07T19:46:10","slug":"a-dublin-une-maison-originale-des-annees-1790-avec-vue-sur-la-mer","status":"publish","type":"post","link":"https:\/\/www.europesays.com\/fr\/82662\/","title":{"rendered":"\u00c0 Dublin, une maison originale des ann\u00e9es 1790 avec vue sur la mer"},"content":{"rendered":"<p>En 2022, Suzie Mc Adam, <a href=\"https:\/\/www.admagazine.fr\/galerie\/pied-a-terre-parisien-architecte-interieur\" target=\"_blank\" rel=\"noopener\">architecte d\u2019int\u00e9rieur<\/a> bas\u00e9e \u00e0 Dublin, venait d\u2019achever \u2013 du moins le pensait-elle \u2013 la maison dans laquelle elle comptait s\u2019installer pour de bon avec sa famille. Mais le destin avait d\u2019autres projets. \u00c0 seulement 200 m\u00e8tres de l\u00e0 se trouvait la demeure dont elle allait finalement tomber amoureuse. \u00ab Un ami agent immobilier m\u2019a propos\u00e9 de la visiter, potentiellement pour un client \u00bb, se souvient-elle. \u00ab\u00a0Mais d\u00e8s que j\u2019ai franchi le seuil, j\u2019ai appel\u00e9 mon mari pour lui dire que j\u2019avais trouv\u00e9 la maison de nos r\u00eaves. \u00bb<\/p>\n<p>Qui pourrait le lui reprocher ? Construite dans les ann\u00e9es 1790, cette demeure <a href=\"https:\/\/www.admagazine.fr\/article\/a-londres-une-maison-georgienne-a-lausterite-coloree\" target=\"_blank\" rel=\"noopener\">g\u00e9orgienne<\/a> de style Regency, d\u2019une superficie de 560 m\u00e8tres carr\u00e9s, se d\u00e9ploie dans un jardin luxuriant d\u00e9bordant de marguerites \u00e0 hauteur de taille, d\u2019hortensias rose bonbon et de palmiers imposants, le tout en cascade vers la mer d\u2019Irlande. La rue dans laquelle se trouve la maison a m\u00eame \u00e9t\u00e9 admir\u00e9e par James Joyce, qui la mentionne dans son chef-d\u2019\u0153uvre Ulysse.<\/p>\n<p>Construite \u00e0 la fin des ann\u00e9es 1700, cette maison g\u00e9orgienne de style Regency a conserv\u00e9 ses caract\u00e9ristiques d\u2019origine intactes au fil des si\u00e8cles. Le chien de la famille, Mischko, attend pr\u00e8s de la porte.<\/p>\n<p>L\u2019entr\u00e9e de la <a href=\"https:\/\/www.admagazine.fr\/galerie\/maison-notting-hill-coloree\" target=\"_blank\" rel=\"noopener\">maison<\/a> est d\u00e9cor\u00e9e d\u2019un banc tress\u00e9 fran\u00e7ais provenant du march\u00e9 aux puces de Clignancourt \u00e0 Paris et d\u2019un papier peint d\u2019inspiration navale de Surface View. Les carreaux de sol g\u00e9om\u00e9triques d\u2019origine ont \u00e9t\u00e9 conserv\u00e9s. L\u2019entr\u00e9e m\u00e8ne \u00e0 l\u2019escalier central, recouvert d\u2019un tapis Palmador de Pierre Frey. La suspension au plafond est sign\u00e9e Aerin Lauder pour Visual Comfort.<\/p>\n<p>Suzie Mc Adam dans la cuisine de sa maison de r\u00eave sur la c\u00f4te de Dublin.<\/p>\n<p>Connue pour ses r\u00e9inventions \u00e9l\u00e9gantes, souvent ludiques, de demeures historiques \u00e0 Dublin et ailleurs, Suzie Mc Adam venait tout juste d\u2019achever la <a href=\"https:\/\/www.admagazine.fr\/article\/grosses-erreurs-renovation-selon-experts\" target=\"_blank\" rel=\"noopener\">r\u00e9novation<\/a> d\u2019une maison de ville o\u00f9 elle avait juxtapos\u00e9 de riches boiseries aux tons chocolat \u00e0 de d\u00e9licates illustrations botaniques, en suspendant un luminaire en forme de collier de perles \u00e0 un plafond \u00e0 caissons \u2013 un m\u00e9lange subtil de grandeur et de l\u00e9g\u00e8ret\u00e9 qui lui est propre. Dans cette maison g\u00e9orgienne du bord de mer, elle a imm\u00e9diatement per\u00e7u le potentiel d\u2019un lieu d\u2019exception. \u00ab C\u2019est l\u2019une des plus anciennes maisons de la r\u00e9gion \u00bb, explique-t-elle. \u00ab\u00a0Dans les ann\u00e9es 1800, les habitants des places g\u00e9orgiennes de Dublin venaient ici en cal\u00e8che pour passer la journ\u00e9e au bord de la <a href=\"https:\/\/www.admagazine.fr\/article\/petit-espace-doux-confortable-mer\" target=\"_blank\" rel=\"noopener\">mer<\/a>. \u00bb<\/p>\n<p>Fait remarquable, la maison avait r\u00e9ussi \u00e0 \u00e9chapper \u00e0 toute transformation importante au cours de ses deux si\u00e8cles d\u2019existence. \u00ab Aucun des pl\u00e2tres, chemin\u00e9es ou parquets d\u2019origine n\u2019avait \u00e9t\u00e9 touch\u00e9 \u00bb, explique l\u2019architecte. Mieux encore, les anciens propri\u00e9taires avaient d\u00e9j\u00e0 r\u00e9gl\u00e9 les probl\u00e8mes structurels les plus urgents de la maison, ce qui a permis \u00e0 Suzie Mc Adam de se concentrer sur la revitalisation des int\u00e9rieurs et l\u2019accentuation du charme historique.<\/p>\n<p>\u00ab Compar\u00e9e \u00e0 mon travail en agence, cette maison est beaucoup plus expressive \u00bb, dit-elle \u00e0 propos de la conception, qui int\u00e8gre des <a href=\"https:\/\/www.admagazine.fr\/art\/portfolio\/diaporama\/5-peintures-qui-ont-fait-scandale\/58382\" target=\"_blank\" rel=\"noopener\">peintures<\/a> murales r\u00e9alis\u00e9es \u00e0 la main, des meubles vintage et des \u0153uvres d\u2019art collectionn\u00e9es au fil des ans. \u00ab\u00a0C\u2019\u00e9tait ma cuisine d\u2019essai. J\u2019ai pu explorer des id\u00e9es que je n\u2019aurais pas n\u00e9cessairement essay\u00e9es avec un client. \u00bb<\/p>\n","protected":false},"excerpt":{"rendered":"En 2022, Suzie Mc Adam, architecte d\u2019int\u00e9rieur bas\u00e9e \u00e0 Dublin, venait d\u2019achever \u2013 du moins le pensait-elle \u2013&hellip;\n","protected":false},"author":2,"featured_media":82663,"comment_status":"","ping_status":"","sticky":false,"template":"","format":"standard","meta":{"footnotes":""},"categories":[1358],"tags":[1348,1384,1385,1386,58,59,1011,27,516],"class_list":{"0":"post-82662","1":"post","2":"type-post","3":"status-publish","4":"format-standard","5":"has-post-thumbnail","7":"category-arts-et-design","8":"tag-arts","9":"tag-arts-and-design","10":"tag-arts-et-design","11":"tag-design","12":"tag-divertissement","13":"tag-entertainment","14":"tag-fr","15":"tag-france","16":"tag-irlande"},"share_on_mastodon":{"url":"https:\/\/pubeurope.com\/@fr\/114468276480645168","error":""},"_links":{"self":[{"href":"https:\/\/www.europesays.com\/fr\/wp-json\/wp\/v2\/posts\/82662","targetHints":{"allow":["GET"]}}],"collection":[{"href":"https:\/\/www.europesays.com\/fr\/wp-json\/wp\/v2\/posts"}],"about":[{"href":"https:\/\/www.europesays.com\/fr\/wp-json\/wp\/v2\/types\/post"}],"author":[{"embeddable":true,"href":"https:\/\/www.europesays.com\/fr\/wp-json\/wp\/v2\/users\/2"}],"replies":[{"embeddable":true,"href":"https:\/\/www.europesays.com\/fr\/wp-json\/wp\/v2\/comments?post=82662"}],"version-history":[{"count":0,"href":"https:\/\/www.europesays.com\/fr\/wp-json\/wp\/v2\/posts\/82662\/revisions"}],"wp:featuredmedia":[{"embeddable":true,"href":"https:\/\/www.europesays.com\/fr\/wp-json\/wp\/v2\/media\/82663"}],"wp:attachment":[{"href":"https:\/\/www.europesays.com\/fr\/wp-json\/wp\/v2\/media?parent=82662"}],"wp:term":[{"taxonomy":"category","embeddable":true,"href":"https:\/\/www.europesays.com\/fr\/wp-json\/wp\/v2\/categories?post=82662"},{"taxonomy":"post_tag","embeddable":true,"href":"https:\/\/www.europesays.com\/fr\/wp-json\/wp\/v2\/tags?post=82662"}],"curies":[{"name":"wp","href":"https:\/\/api.w.org\/{rel}","templated":true}]}}