{"id":82680,"date":"2025-05-07T19:55:10","date_gmt":"2025-05-07T19:55:10","guid":{"rendered":"https:\/\/www.europesays.com\/fr\/82680\/"},"modified":"2025-05-07T19:55:10","modified_gmt":"2025-05-07T19:55:10","slug":"jerome-powell-patron-de-la-reserve-federale-americaine-ne-cede-pas-a-trump-et-ne-touche-pas-aux-taux","status":"publish","type":"post","link":"https:\/\/www.europesays.com\/fr\/82680\/","title":{"rendered":"Jerome Powell, patron de la R\u00e9serve f\u00e9d\u00e9rale am\u00e9ricaine, ne c\u00e8de pas \u00e0 Trump et ne touche pas aux taux"},"content":{"rendered":"<p>\u00ab\u00a0La Fed a int\u00e9r\u00eat \u00e0 prendre son temps\u00a0\u00bb<\/p>\n<p class=\"ap-StoryElement ap-StoryElement--mb ap-StoryText\">En r\u00e9alit\u00e9, Powell n&rsquo;avait pas vraiment d&rsquo;autre choix possible. Baisser le co\u00fbt du loyer de l&rsquo;argent ce mercredi aurait \u00e9t\u00e9 interpr\u00e9t\u00e9 comme une reculade face aux pressions de Trump qui exige, depuis son retour \u00e0 la Maison Blanche, du pr\u00e9sident de la Fed qu&rsquo;il abaisse les taux afin de relancer l&rsquo;\u00e9conomie am\u00e9ricaine. C\u00e9der \u00e0 Trump aurait in\u00e9vitablement port\u00e9 atteinte \u00e0 l&rsquo;ind\u00e9pendance de l&rsquo;institution et \u00e0 la cr\u00e9dibilit\u00e9 de sa politique mon\u00e9taire.<\/p>\n<p><a href=\"https:\/\/www.lalibre.be\/economie\/conjoncture\/2025\/04\/30\/il-faut-demontrer-a-trump-quil-existe-une-alternative-a-la-loi-de-la-jungle-quil-veut-nous-imposer-55N3QOVDSVE6TGWVJUQ3QZITNA\/\" target=\"_blank\" rel=\"noopener noreferrer nofollow\" class=\"ap-StoryInterstitialLink ap-StoryElement ap-StoryElement--mb\">\u00ab\u00a0Il faut d\u00e9montrer \u00e0 Trump qu&rsquo;il existe une alternative \u00e0 la loi de la jungle qu&rsquo;il veut nous imposer\u00a0\u00bb<\/a><\/p>\n<p class=\"ap-StoryElement ap-StoryElement--mb ap-StoryText\">Le patron de la Fed doit aussi tenir \u00e0 l&rsquo;\u0153il l&rsquo;inflation et les cons\u00e9quences sur celle-ci du rench\u00e9rissement des importations \u00e0 la suite de l&rsquo;entr\u00e9e en vigueur des tarifs douaniers. \u00ab\u00a0Il faudra certainement encore trois \u00e0 quatre mois avant d&rsquo;\u00eatre en mesure d&rsquo;estimer avec plus de certitude l&rsquo;impact r\u00e9el des taxes douani\u00e8res d\u00e9j\u00e0 mises en \u0153uvre, et de celles qui pourraient l&rsquo;\u00eatre une fois que le moratoire de 90 jours aura expir\u00e9 au d\u00e9but du mois de juillet. La Fed a donc tout int\u00e9r\u00eat \u00e0 prendre son temps\u00a0\u00bb, expliquait mercredi matin un analyste de Pictet AM dans une note d&rsquo;analyse.<\/p>\n<p><a href=\"https:\/\/www.lalibre.be\/economie\/placements\/2025\/05\/07\/la-fed-a-lobligation-deviter-que-linflation-due-aux-droits-de-douane-devienne-persistante-TZBLTRSPWVGKZEJIEBZ5SCASTA\/\" target=\"_blank\" rel=\"noopener noreferrer nofollow\" class=\"ap-StoryInterstitialLink ap-StoryElement ap-StoryElement--mb\">\u00ab\u00a0La Fed a l&rsquo;obligation d&rsquo;\u00e9viter que l&rsquo;inflation due aux droits de douane devienne persistante\u00a0\u00bb<\/a>Rendez-vous en juin?<\/p>\n<p class=\"ap-StoryElement ap-StoryElement--mb ap-StoryText\">Cela \u00e9tant, Powell \u2013 dont Trump n&rsquo;exige d\u00e9sormais plus ouvertement le d\u00e9part de la Fed \u2013 \u00e9tait \u00e9galement attendu au tournant sur le calendrier d&rsquo;une future baisse des taux, \u00e9tant donn\u00e9 le ralentissement de l&rsquo;\u00e9conomie am\u00e9ricaine, dont le PIB s&rsquo;est inscrit en recul au premier trimestre (NdlR: avec un recul de 0,3% en rythme annualis\u00e9). D\u00e8s la prochaine r\u00e9union pr\u00e9vue en juin ? C&rsquo;est en tout cas le pari de nombreux observateurs sur les march\u00e9s mais cela reste encore \u00e0 d\u00e9montrer. \u00ab\u00a0L&rsquo;incertitude concernant les perspectives \u00e9conomiques s&rsquo;est encore accrue\u00a0\u00bb, a expliqu\u00e9 ce mercredi soir dans un communiqu\u00e9 la banque centrale, qui estime que les risques de voir \u00ab\u00a0un ch\u00f4mage plus \u00e9lev\u00e9 et une inflation plus \u00e9lev\u00e9e\u00a0\u00bb ont aussi \u00ab\u00a0augment\u00e9\u00a0\u00bb. Une mani\u00e8re sans doute de dire que la prudence devrait encore rester de mise pendant un bon moment&#8230; Au cours de la conf\u00e9rence de presse, Jerome Powell a d&rsquo;ailleurs enfonc\u00e9 le clou: \u00ab\u00a0Nous pourrions nous retrouver dans un sc\u00e9nario difficile o\u00f9 nos deux objectifs (NdlR: plein emploi et inflation ma\u00eetris\u00e9e) sont en tension. Il y a tellement d&rsquo;incertitudes pour les Etats-Unis \u00e0 cause des droits de douane\u00a0\u00bb. Les critiques de Trump \u00ab\u00a0n&rsquo;affectent pas du tout\u00a0\u00bb le travail de la Fed, a encore tenu \u00e0 pr\u00e9ciser le patron de la Fed. Et d&rsquo;ajouter: \u00ab\u00a0Nous consid\u00e9rons toujours uniquement les donn\u00e9es \u00e9conomiques, les perspectives, la balance des risques et c&rsquo;est tout. Donc cela n&rsquo;affecte vraiment pas ni notre travail, ni la mani\u00e8re dont nous l&rsquo;ex\u00e9cutons\u00a0\u00bb.<\/p>\n<p><a href=\"https:\/\/www.lalibre.be\/economie\/conjoncture\/2025\/04\/30\/voici-une-statistique-qui-va-mettre-de-mechante-humeur-donald-trump-le-pib-americain-est-en-recul-7JRREUA3XRBIXPRJLHG7PZ3WNE\/\" target=\"_blank\" rel=\"noopener noreferrer nofollow\" class=\"ap-StoryInterstitialLink ap-StoryElement ap-StoryElement--mb\">Douche froide pour Donald Trump: le PIB am\u00e9ricain est en recul<\/a><\/p>\n<p class=\"ap-StoryElement ap-StoryElement--mb ap-StoryText\">Le rythme futur de baisse des taux outre-Atlantique d\u00e9pendra donc en partie de l&rsquo;\u00e9volution des tensions commerciales entre les \u00c9tats-Unis et ses partenaires commerciaux. Sur ce point, Donald Trump semble avoir mis de l&rsquo;eau dans son vin ces derniers jours, adoptant un discours moins agressif en la mati\u00e8re et se disant ouvert \u00e0 la conclusion de \u00ab\u00a0deals\u00a0\u00bb. La Chine et les \u00c9tats-Unis vont d&rsquo;ailleurs se r\u00e9unir le week-end prochain en Suisse \u2013 signe d&rsquo;apaisement ? \u2013 pour jeter les bases d&rsquo;une n\u00e9gociation commerciale, une premi\u00e8re depuis l&rsquo;annonce du \u00ab\u00a0Liberation Day\u00a0\u00bb et alors que la Chine avait jusqu&rsquo;ici opt\u00e9 pour l&rsquo;\u00e9preuve de force avec Washington.<\/p>\n<p class=\"ap-StoryElement ap-StoryElement--mb ap-StoryText\">Petit pied de nez adress\u00e9 \u00e0 Trump, la Chine a, par ailleurs, annonc\u00e9 ce mercredi avoir assoupli certains de ses principaux instruments de politique mon\u00e9taire dans l&rsquo;espoir de relancer sa propre \u00e9conomie. L\u00e0 o\u00f9 Trump se heurte donc encore et toujours \u00e0 un mur nomm\u00e9 donc Jerome Powell. Une annonce chinoise qui doit certainement irriter le locataire de la Maison Blanche\u2026<\/p>\n","protected":false},"excerpt":{"rendered":"\u00ab\u00a0La Fed a int\u00e9r\u00eat \u00e0 prendre son temps\u00a0\u00bb En r\u00e9alit\u00e9, Powell n&rsquo;avait pas vraiment d&rsquo;autre choix possible. Baisser&hellip;\n","protected":false},"author":2,"featured_media":82681,"comment_status":"","ping_status":"","sticky":false,"template":"","format":"standard","meta":{"footnotes":""},"categories":[6],"tags":[35,33,34,1011,27,13931,19052,467],"class_list":{"0":"post-82680","1":"post","2":"type-post","3":"status-publish","4":"format-standard","5":"has-post-thumbnail","7":"category-economie","8":"tag-business","9":"tag-economie","10":"tag-economy","11":"tag-fr","12":"tag-france","13":"tag-politique-monetaire","14":"tag-powell","15":"tag-trump"},"share_on_mastodon":{"url":"https:\/\/pubeurope.com\/@fr\/114468311827931626","error":""},"_links":{"self":[{"href":"https:\/\/www.europesays.com\/fr\/wp-json\/wp\/v2\/posts\/82680","targetHints":{"allow":["GET"]}}],"collection":[{"href":"https:\/\/www.europesays.com\/fr\/wp-json\/wp\/v2\/posts"}],"about":[{"href":"https:\/\/www.europesays.com\/fr\/wp-json\/wp\/v2\/types\/post"}],"author":[{"embeddable":true,"href":"https:\/\/www.europesays.com\/fr\/wp-json\/wp\/v2\/users\/2"}],"replies":[{"embeddable":true,"href":"https:\/\/www.europesays.com\/fr\/wp-json\/wp\/v2\/comments?post=82680"}],"version-history":[{"count":0,"href":"https:\/\/www.europesays.com\/fr\/wp-json\/wp\/v2\/posts\/82680\/revisions"}],"wp:featuredmedia":[{"embeddable":true,"href":"https:\/\/www.europesays.com\/fr\/wp-json\/wp\/v2\/media\/82681"}],"wp:attachment":[{"href":"https:\/\/www.europesays.com\/fr\/wp-json\/wp\/v2\/media?parent=82680"}],"wp:term":[{"taxonomy":"category","embeddable":true,"href":"https:\/\/www.europesays.com\/fr\/wp-json\/wp\/v2\/categories?post=82680"},{"taxonomy":"post_tag","embeddable":true,"href":"https:\/\/www.europesays.com\/fr\/wp-json\/wp\/v2\/tags?post=82680"}],"curies":[{"name":"wp","href":"https:\/\/api.w.org\/{rel}","templated":true}]}}