{"id":82682,"date":"2025-05-07T19:56:07","date_gmt":"2025-05-07T19:56:07","guid":{"rendered":"https:\/\/www.europesays.com\/fr\/82682\/"},"modified":"2025-05-07T19:56:07","modified_gmt":"2025-05-07T19:56:07","slug":"une-premiere-fumee-noire-depuis-la-cheminee-de-la-chapelle-sixtine","status":"publish","type":"post","link":"https:\/\/www.europesays.com\/fr\/82682\/","title":{"rendered":"Une premi\u00e8re fum\u00e9e noire depuis la chemin\u00e9e de la chapelle Sixtine"},"content":{"rendered":"<p>Apr\u00e8s leur entr\u00e9e dans la chapelle Sixtine ce mercredi 7 mai, les cardinaux ont proc\u00e9d\u00e9 au premier scrutin pour l\u2019\u00e9lection du Successeur de Pierre. Ils ont fait savoir le r\u00e9sultat de ce premier vote par une fum\u00e9e noire: aucun cardinal n\u2019a recueilli  sur son nom les 89 voix n\u00e9cessaires pour acc\u00e9der au tr\u00f4ne de Pierre.  <\/p>\n<p><b>Jean-Beno\u00eet Harel \u2013 Cit\u00e9 du Vatican<\/b><\/p>\n<p>L&rsquo;attente des fid\u00e8les leur a sembl\u00e9 interminable. Ils \u00e9taient 45 000 personnes \u00e0 lever les yeux la chemin\u00e9e pendant plus de trois heures apr\u00e8s le \u00abExtra omnes\u00bb. \u00c0 21h, la fum\u00e9e noire s\u2019est \u00e9lev\u00e9e de la petite chemin\u00e9e qui d\u00e9passe de la chapelle Sixtine, \u00e0 gauche de la basilique Saint-Pierre, ce mercredi 7 mai. Aucun Pape n\u2019a donc \u00e9t\u00e9 choisi par le coll\u00e8ge des 133 cardinaux \u00e9lecteurs \u00e0 l\u2019issue de ce premier scrutin.<\/p>\n<p>Apr\u00e8s la procession de la chapelle Pauline \u00e0 la chapelle Sixtine \u00e0 16h30, les cardinaux ont invoqu\u00e9 l\u2019Esprit Saint avec le chant du Veni creator, puis ont prononc\u00e9 le serment, chacun \u00e0 leur tour, main sur l&rsquo;\u00c9vangile, conform\u00e9ment \u00e0 la constitution apostolique Universi Dominici gregis promulgu\u00e9e par le Pape Jean-Paul II en 1996.<\/p>\n<p>C\u2019est alors que le maitre des c\u00e9r\u00e9monies pontificales, Mgr Diego Ravelli, a prononc\u00e9 le c\u00e9l\u00e8bre \u00abExtra omnes\u00bb, \u00abTous dehors\u00bb en fran\u00e7ais. Avec lui, seul l&rsquo;ancien pr\u00e9dicateur de la Maison pontificale, le cardinal italien non-\u00e9lecteur Raniero Cantalamessa est rest\u00e9 pour une pr\u00e9dication juste avant de sortir, pour laisser place au premier tour de vote.<\/p>\n<p>     <a href=\"https:\/\/www.vaticannews.va\/fr\/vatican\/news\/2025-05\/messe-pour-l-election-du-pape-la-priere-est-la-seule-attitude.html\" title=\"Messe pour l\u2019\u00e9lection du Pape: \u00abLa pri\u00e8re est la seule attitude qui convienne\u00bb\" rel=\"nofollow noopener\" target=\"_blank\"><\/p>\n<p>        <img decoding=\"async\" src=\"data:image\/gif;base64,R0lGODlhAQABAIAAAAAAAP\/\/\/yH5BAEAAAAALAAAAAABAAEAAAIBRAA7\" data-original=\"https:\/\/www.vaticannews.va\/content\/dam\/vaticannews\/agenzie\/images\/ansa\/2025\/05\/07\/12\/1746614599630.jpg\/_jcr_content\/renditions\/cq5dam.thumbnail.cropped.500.281.jpeg\" alt=\"Messe pour l\u2019\u00e9lection du Pape: \u00abLa pri\u00e8re est la seule attitude qui convienne\u00bb\"\/><\/p>\n<p>      <\/a><\/p>\n<p>\n      En pr\u00e9lude au conclave, la messe pour l\u2019\u00e9lection du Souverain pontife a \u00e9t\u00e9 pr\u00e9sid\u00e9e ce mercredi 7 mai dans la basilique Saint-Pierre, par le cardinal doyen Giovanni Battista Re et &#8230;\n     <\/p>\n<p><b>Des milliers de fid\u00e8les place Saint-Pierre<\/b> <\/p>\n<p>Sur la place Saint-Pierre, plusieurs milliers de fid\u00e8les ont suivi la c\u00e9r\u00e9monie sur les \u00e9crans g\u00e9ants. Des drapeaux de toutes les couleurs \u00e9taient pos\u00e9s sur les barri\u00e8res de s\u00e9curit\u00e9, dont certains repr\u00e9sentant les nationalit\u00e9s des cardinaux \u00e9lecteurs, provenant des plus de 70 pays. Tous fixaient la chemin\u00e9e d&rsquo;o\u00f9 s&rsquo;est \u00e9lev\u00e9e la fum\u00e9e blanche dans une ambiance f\u00e9brile.\u00a0<\/p>\n<p>Pour le premier r\u00e9sultat du vote de ce 76e conclave, les cardinaux ont vot\u00e9 \u00e0 bulletin secret, avant le d\u00e9pouillement. Aucun nom n\u2019ayant obtenu les deux tiers des votes des cardinaux, soit 89 votes, les bulletins ont \u00e9t\u00e9 br\u00fbl\u00e9s dans le po\u00eale en fonte. Afin d&rsquo;accro\u00eetre la visibilit\u00e9 de la fum\u00e9e, un deuxi\u00e8me po\u00eale, plus moderne est utilis\u00e9 depuis 2005, avec des sortes de fumig\u00e8nes. Cette fum\u00e9e noire est caus\u00e9e par plusieurs composants, dont du perchlorate de potassium, de l\u2019anthrac\u00e8ne et du soufre pour une dur\u00e9e totale d&rsquo;environ 7 minutes.<\/p>\n<p>Autre signe, les cloches de la basilique n\u2019ont pas sonn\u00e9, comme lorsque c\u2019est pr\u00e9vu lors de l\u2019\u00e9lection d\u2019un nouveau Souverain pontife. Ce vote n\u2019est pas une surprise, puisque depuis 1878, depuis que le conclave est install\u00e9 dans la chapelle Sixtine, la premi\u00e8re fum\u00e9e du conclave a toujours \u00e9t\u00e9 noire.<\/p>\n<p>      <a href=\"https:\/\/www.vaticannews.va\/fr\/vatican\/news\/2025-05\/extra-omnes-tous-dehors.html\" title=\"\u00abExtra omnes!\u00bb, \u00abDehors, tous!\u00bb\" rel=\"nofollow noopener\" target=\"_blank\"><\/p>\n<p>         <img decoding=\"async\" src=\"data:image\/gif;base64,R0lGODlhAQABAIAAAAAAAP\/\/\/yH5BAEAAAAALAAAAAABAAEAAAIBRAA7\" data-original=\"https:\/\/www.vaticannews.va\/content\/dam\/vaticannews\/multimedia\/2025\/maggio\/06\/4.jpg\/_jcr_content\/renditions\/cq5dam.thumbnail.cropped.500.281.jpeg\" alt=\"\u00abExtra omnes!\u00bb, \u00abDehors, tous!\u00bb\"\/><\/p>\n<p>       <\/a><\/p>\n<p>\n       L&rsquo;entr\u00e9e des cardinaux dans la chapelle Sixtine, un temps d&rsquo;attente, de myst\u00e8re pour discerner le serviteur des serviteurs de Dieu.\n      <\/p>\n<p> <br \/>\n<b>Le programme du jeudi 8 mai<\/b> <\/p>\n<p>Apr\u00e8s ce vote initial, les cardinaux ont rejoint la r\u00e9sidence Sainte-Marthe, de l\u2019autre c\u00f4t\u00e9 du Vatican, pour le d\u00eener et pour y passer la premi\u00e8re nuit de conclave.<\/p>\n<p>Jeudi 8 mai, les cardinaux ont rendez-vous \u00e0 8h15 pour participer \u00e0 la messe et \u00e0 l\u2019office des laudes dans la chapelle Pauline. Une heure plus tard, \u00e0 9h15, les \u00e9lecteurs du Souverain pontife devront voter par deux fois (en cas de non-\u00e9lection au premier scrutin), apr\u00e8s avoir chant\u00e9 l\u2019office de tierce. Ils rentreront ensuite pour d\u00e9jeuner \u00e0 la r\u00e9sidence Sainte-Marthe, avant de proc\u00e9der \u00e0 nouveau \u00e0 deux tours de scrutin \u00e0 partir de 16h30.<\/p>\n<p>D\u00e8s qu\u2019un nom recueillera plus des deux tiers du coll\u00e8ge cardinalice, la fum\u00e9e blanche tant attendue sortira de la chemin\u00e9e, puis environ une heure apr\u00e8s, le nouveau Pape saluera la foule depuis la loge de la basilique Saint-Pierre, en tenue blanche.<\/p>\n<p>      <a href=\"https:\/\/www.vaticannews.va\/fr\/vatican\/news\/2025-05\/comment-sera-elu-le-prochain-pape.html\" title=\"Comment se d\u00e9roule l&#039;\u00e9lection du Pape?\" rel=\"nofollow noopener\" target=\"_blank\"><\/p>\n<p>         <img decoding=\"async\" src=\"data:image\/gif;base64,R0lGODlhAQABAIAAAAAAAP\/\/\/yH5BAEAAAAALAAAAAABAAEAAAIBRAA7\" data-original=\"https:\/\/www.vaticannews.va\/content\/dam\/vaticannews\/agenzie\/images\/srv\/2025\/05\/06\/2025-05-06-allestimento-cappella-sistina---seconda-parte\/1746540445291.JPG\/_jcr_content\/renditions\/cq5dam.thumbnail.cropped.500.281.jpeg\" alt=\"Comment se d\u00e9roule l'\u00e9lection du Pape?\"\/><\/p>\n<p>       <\/a><\/p>\n<p>\n       Du vote des cardinaux \u00e9lecteurs au d\u00e9pouillement des bulletins qui sont ensuite br\u00fbl\u00e9s dans un po\u00eale en fonte de 1939, voici tous les d\u00e9tails de ce qui se passe dans la chapelle &#8230;\n      <\/p>\n<p> <\/p>\n","protected":false},"excerpt":{"rendered":"Apr\u00e8s leur entr\u00e9e dans la chapelle Sixtine ce mercredi 7 mai, les cardinaux ont proc\u00e9d\u00e9 au premier scrutin&hellip;\n","protected":false},"author":2,"featured_media":82683,"comment_status":"","ping_status":"","sticky":false,"template":"","format":"standard","meta":{"footnotes":""},"categories":[5],"tags":[11,18362,13175,1011,27,14,12,13426,28],"class_list":{"0":"post-82682","1":"post","2":"type-post","3":"status-publish","4":"format-standard","5":"has-post-thumbnail","7":"category-international","8":"tag-actualites","9":"tag-cardinaux","10":"tag-conclave","11":"tag-fr","12":"tag-france","13":"tag-international","14":"tag-news","15":"tag-sede-vacante","16":"tag-world"},"share_on_mastodon":{"url":"https:\/\/pubeurope.com\/@fr\/114468315797403389","error":""},"_links":{"self":[{"href":"https:\/\/www.europesays.com\/fr\/wp-json\/wp\/v2\/posts\/82682","targetHints":{"allow":["GET"]}}],"collection":[{"href":"https:\/\/www.europesays.com\/fr\/wp-json\/wp\/v2\/posts"}],"about":[{"href":"https:\/\/www.europesays.com\/fr\/wp-json\/wp\/v2\/types\/post"}],"author":[{"embeddable":true,"href":"https:\/\/www.europesays.com\/fr\/wp-json\/wp\/v2\/users\/2"}],"replies":[{"embeddable":true,"href":"https:\/\/www.europesays.com\/fr\/wp-json\/wp\/v2\/comments?post=82682"}],"version-history":[{"count":0,"href":"https:\/\/www.europesays.com\/fr\/wp-json\/wp\/v2\/posts\/82682\/revisions"}],"wp:featuredmedia":[{"embeddable":true,"href":"https:\/\/www.europesays.com\/fr\/wp-json\/wp\/v2\/media\/82683"}],"wp:attachment":[{"href":"https:\/\/www.europesays.com\/fr\/wp-json\/wp\/v2\/media?parent=82682"}],"wp:term":[{"taxonomy":"category","embeddable":true,"href":"https:\/\/www.europesays.com\/fr\/wp-json\/wp\/v2\/categories?post=82682"},{"taxonomy":"post_tag","embeddable":true,"href":"https:\/\/www.europesays.com\/fr\/wp-json\/wp\/v2\/tags?post=82682"}],"curies":[{"name":"wp","href":"https:\/\/api.w.org\/{rel}","templated":true}]}}