{"id":82704,"date":"2025-05-07T20:07:08","date_gmt":"2025-05-07T20:07:08","guid":{"rendered":"https:\/\/www.europesays.com\/fr\/82704\/"},"modified":"2025-05-07T20:07:08","modified_gmt":"2025-05-07T20:07:08","slug":"foires-a-tout-brocantes-vide-grenier-ou-chiner-pendant-ce-jeudi-8-mai","status":"publish","type":"post","link":"https:\/\/www.europesays.com\/fr\/82704\/","title":{"rendered":"Foires \u00e0 tout, brocantes, vide grenier&#8230; O\u00f9 chiner pendant ce jeudi 8 mai\u00a0?"},"content":{"rendered":"<p>            Par<br \/>\n        <strong><br \/>\n            <a href=\"https:\/\/actu.fr\/auteur\/louise-boutard\" title=\"Consulter tous les articles de Louise Boutard\" rel=\"nofollow noopener\" target=\"_blank\">Louise Boutard<\/a><br \/>\n        <\/strong><\/p>\n<p>        Publi\u00e9 le<\/p>\n<p>            7 mai 2025 \u00e0 20h22        <\/p>\n<p class=\" wall-content\">Les jours f\u00e9ri\u00e9s sont parfois l\u2019occasion de bonnes affaires. Apr\u00e8s le 1er mai, voici la liste (non exhaustive) des foires \u00e0 tout et vide-greniers en <a href=\"https:\/\/actu.fr\/76actu\/\" rel=\"nofollow noopener\" target=\"_blank\">Seine-Maritime<\/a> <strong>ce jeudi 8 mai 2025.<\/strong>\u00a0<\/p>\n<p>Les foires \u00e0 tout du 8 mai en Seine-Maritime<\/p>\n<p class=\" wall-content\"><strong>Barentin :<\/strong> foire \u00e0 tout avec des professionnels fleuristes et des animations pour les enfants, y compris une animation sur le th\u00e8me des abeilles et du miel, une miniferme p\u00e9dagogique, des balades \u00e0 poney et des d\u00e9ambulations musicales. Rendez-vous de 8 h \u00e0 17 h, place de la Lib\u00e9ration.\u00a0<\/p>\n<p class=\" wall-content\"><strong>Bolbec :<\/strong> vide-grenier de 7h \u00e0 17h30 au stade Tetlow. Entr\u00e9e 1\u20ac. Restauration sur place et man\u00e8ge.\u00a0<\/p>\n<p class=\" wall-content\"><strong>Bosc-Bordel :<\/strong> vide-grenier de 8h30 \u00e0 17h, rue de la salle des f\u00eates. Restauration sur place et toilettes<\/p>\n<p class=\" wall-content\"><strong>Bosc-le-Hard :<\/strong> bourse aux plantes \u00e0 Augeville, chapelle et ext\u00e9rieur, de 9h30 \u00e0 17h30, exposition de peinture dans la chapelle.\u00a0<\/p>\n<p class=\" wall-content\"><strong>Canteleu :<\/strong> foire \u00e0 tout de 7h \u00e0 18h, parking du centre commercial, rue Alexandre-Dumas. Toilettes payantes<\/p>\n<p>Vid\u00e9os : en ce moment sur Actu<\/p>\n<p class=\" wall-content\"><strong>Caudebec-l\u00e8s-Elbeuf<\/strong> : foire \u00e0 tout de 7h30 \u00e0 18h, parc de l\u2019Ehpad L\u00e9callier-Leriche. Restauration sur place<\/p>\n<p class=\" wall-content\"><strong>Criquiers :<\/strong> grande brocante de 6h \u00e0 18h30, jeux forains.\u00a0<\/p>\n<p class=\" wall-content\"><strong>Dieppe :<\/strong> brocante de 8h \u00e0 17h salle Paul-Eluard, restauration sur place et toilettes<\/p>\n<p class=\" wall-content\"><strong>Epreville :<\/strong> vide-grenier de 8h \u00e0 18h dans le stade, rue Victor-Hugo. Toilettes. Entr\u00e9e 1\u20ac<\/p>\n<p class=\" wall-content\"><strong>Forges-les-Eaux<\/strong> : foire \u00e0 tout, rue Albert-Bochet et rue de la R\u00e9publique, de 7h \u00e0 18h. Restauration sur place<\/p>\n<p class=\" wall-content\"><strong>Gonfreville-l\u2019Orcher :<\/strong> vide-grenier de 7h30 \u00e0 18h, rue Saint-Sauveur. Restauration sur place<\/p>\n<p class=\" wall-content\"><strong>Gruchet-le-Valasse :<\/strong> vide grenier sur le parking de la salle Claude-Laplaceet autour du terrain de foot, de 8h \u00e0 18h. Entr\u00e9e 1\u20ac pour les plus de 16 ans. Restauration sur place<\/p>\n<p class=\" wall-content\"><strong>Hugleville-en-Caux :<\/strong> vide grenier, place de la mairie dans le bourg, de 7h \u00e0 18h. Restauration sur place<\/p>\n<p class=\" wall-content\"><strong>La Houssaye-B\u00e9ranger :<\/strong> foire \u00e0 tout de 6h \u00e0 18h dans la salle des f\u00eates sur le terrain de sport. Restauration sur place avec barbecue<\/p>\n<p class=\" wall-content\"><strong>La Rue-Saint-Pierre :<\/strong> foire \u00e0 tout, place de la mairie de 6h30 \u00e0 19h. Restauration sur place<\/p>\n<p class=\" wall-content\"><strong>Le Grand-Quevilly :<\/strong> foire \u00e0 tout de 7h \u00e0 17h, avenue des Provinces. Restauration sur place<\/p>\n<p class=\" wall-content\"><strong>Le Petit-Quevilly :<\/strong> vide-grenier de printemps des habitants, de 8h \u00e0 18h, all\u00e9e Isaac-Newton<\/p>\n<p class=\" wall-content\"><strong>Martin-Eglise :<\/strong> grande foire \u00e0 tout de 7 \u00e0 18h, dans les jardins du monast\u00e8re Sainte-Marie. Restauration sur place<\/p>\n<p class=\" wall-content\"><strong>Maucomble :<\/strong> vide grenier et rassemblement de deux roues anciens et r\u00e9cents, dans la salle des f\u00eates, rue du Buis, de 6h \u00e0 18h. Restauration sur place<\/p>\n<p class=\" wall-content\"><strong>Neufchatel-en-Bray :<\/strong> vide grenier foire \u00e0 tout dans le stade, route de Londini\u00e8res, de 7h \u00e0 18h. Restauration sur place et man\u00e8ge<\/p>\n<p class=\" wall-content\"><strong>Offranville :<\/strong> foire \u00e0 tout au gymnase n\u00b02, rue de l\u2019\u00c9pine, de 8h \u00e0 18h. Restauration sur place<\/p>\n<p class=\" wall-content\"><strong>Rouen :<\/strong> grande foire \u00e0 tout, place Henri IV, de 7h \u00e0 18h<\/p>\n<p class=\" wall-content\"><strong>Saint-Aubin-le-Cauf :<\/strong> foire \u00e0 tout dans le stade communal de 8h \u00e0 18h. Restauration sur place<\/p>\n<p class=\" wall-content\"><strong>Sainte-Marguerite-sur-Duclair<\/strong> : foire \u00e0 tout du club du FCSMD au stade de foot Raymond-Debris de 8h \u00e0 18h. Restauration sur place<\/p>\n<p>Vous souhaitez annoncer un \u00e9v\u00e9nement festif ou associatif, une initiative locale ? Rendez-vous sur notre plateforme<a href=\"https:\/\/www.infolocale.fr\/decouvrir\/actu\/\" rel=\"nofollow noopener\" target=\"_blank\"> Infolocale.<\/a><\/p>\n<p class=\" wall-content\">Suivez toute l\u2019actualit\u00e9 de vos villes et m\u00e9dias favoris en vous inscrivant \u00e0 <a href=\"https:\/\/moncompte.actu.fr\" title=\"D\u00e9couvez Mon Actu\" rel=\"nofollow noopener\" data-trk=\"{&quot;cta&quot;:{&quot;action&quot;:&quot;https:\\\/\\\/moncompte.actu.fr&quot;,&quot;category&quot;:&quot;mon compte&quot;,&quot;from&quot;:&quot;article footer&quot;,&quot;name&quot;:&quot;Mon actu&quot;,&quot;type&quot;:&quot;cta&quot;}}\" target=\"_blank\">Mon Actu<\/a>.<\/p>\n","protected":false},"excerpt":{"rendered":"Par Louise Boutard Publi\u00e9 le 7 mai 2025 \u00e0 20h22 Les jours f\u00e9ri\u00e9s sont parfois l\u2019occasion de bonnes&hellip;\n","protected":false},"author":2,"featured_media":82705,"comment_status":"","ping_status":"","sticky":false,"template":"","format":"standard","meta":{"footnotes":""},"categories":[9587],"tags":[1111,11,6961,1777,674,10087,1011,27,1652,12,5161,25,9590,3365],"class_list":{"0":"post-82704","1":"post","2":"type-post","3":"status-publish","4":"format-standard","5":"has-post-thumbnail","7":"category-rouen","8":"tag-actu","9":"tag-actualites","10":"tag-brocante","11":"tag-eu","12":"tag-europe","13":"tag-foires-a-tout","14":"tag-fr","15":"tag-france","16":"tag-loisirs-culture","17":"tag-news","18":"tag-normandie","19":"tag-republique-francaise","20":"tag-rouen","21":"tag-vide-greniers"},"share_on_mastodon":{"url":"https:\/\/pubeurope.com\/@fr\/114468359009419961","error":""},"_links":{"self":[{"href":"https:\/\/www.europesays.com\/fr\/wp-json\/wp\/v2\/posts\/82704","targetHints":{"allow":["GET"]}}],"collection":[{"href":"https:\/\/www.europesays.com\/fr\/wp-json\/wp\/v2\/posts"}],"about":[{"href":"https:\/\/www.europesays.com\/fr\/wp-json\/wp\/v2\/types\/post"}],"author":[{"embeddable":true,"href":"https:\/\/www.europesays.com\/fr\/wp-json\/wp\/v2\/users\/2"}],"replies":[{"embeddable":true,"href":"https:\/\/www.europesays.com\/fr\/wp-json\/wp\/v2\/comments?post=82704"}],"version-history":[{"count":0,"href":"https:\/\/www.europesays.com\/fr\/wp-json\/wp\/v2\/posts\/82704\/revisions"}],"wp:featuredmedia":[{"embeddable":true,"href":"https:\/\/www.europesays.com\/fr\/wp-json\/wp\/v2\/media\/82705"}],"wp:attachment":[{"href":"https:\/\/www.europesays.com\/fr\/wp-json\/wp\/v2\/media?parent=82704"}],"wp:term":[{"taxonomy":"category","embeddable":true,"href":"https:\/\/www.europesays.com\/fr\/wp-json\/wp\/v2\/categories?post=82704"},{"taxonomy":"post_tag","embeddable":true,"href":"https:\/\/www.europesays.com\/fr\/wp-json\/wp\/v2\/tags?post=82704"}],"curies":[{"name":"wp","href":"https:\/\/api.w.org\/{rel}","templated":true}]}}