{"id":82708,"date":"2025-05-07T20:09:09","date_gmt":"2025-05-07T20:09:09","guid":{"rendered":"https:\/\/www.europesays.com\/fr\/82708\/"},"modified":"2025-05-07T20:09:09","modified_gmt":"2025-05-07T20:09:09","slug":"grenoble-lintelligence-artificielle-continue-dalimenter-les-debats-des-rendez-vous-philo","status":"publish","type":"post","link":"https:\/\/www.europesays.com\/fr\/82708\/","title":{"rendered":"Grenoble. L\u2019intelligence artificielle continue d\u2019alimenter les d\u00e9bats des rendez-vous philo"},"content":{"rendered":"<p>La Soci\u00e9t\u00e9 alpine de philosophie poursuit son cycle exceptionnel de cours sur \u201cLa soci\u00e9t\u00e9 au d\u00e9fi de l\u2019intelligence artificielle (IA)\u201d \u00e0 la biblioth\u00e8que municipale du centre-ville de Grenoble.<\/p>\n<p>Pour son quatri\u00e8me rendez-vous, mardi 13\u00a0mai \u00e0 18\u00a0h\u00a030, elle abordera la question \u201cL\u2019IA, le travail et les activit\u00e9s sociales, une transformation radicale ou une \u00e9volution sans surprise\u00a0?\u201d avec Chlo\u00e9 Bonifas, doctorante en philosophie \u00e0 l\u2019UGA, et Louis Devillaine, ing\u00e9nieur et doctorant en sociologie des organisations et \u00e9thique de l\u2019intelligence artificielle \u00e9galement \u00e0 l\u2019UGA. L\u2019objectif de ce cours est d\u2019expliquer pourquoi l\u2019intelligence artificielle a besoin d\u2019une philosophie ou de la philosophie, parce qu\u2019aujourd\u2019hui son d\u00e9ploiement constitue un v\u00e9ritable d\u00e9fi, ne serait-ce que celui de maintenir les \u00e9quilibres n\u00e9cessaires pour mener une vie humaine sens\u00e9e, digne et libre, tout en veillant \u00e9galement au respect de la nature et du vivant.<\/p>\n<p class=\"note\">Mardi 13\u00a0mai \u00e0 18\u00a0h\u00a030 \u00e0 la biblioth\u00e8que Centre-Ville, salle de lecture. Entr\u00e9e libre dans la limite des places disponibles.<\/p>\n","protected":false},"excerpt":{"rendered":"La Soci\u00e9t\u00e9 alpine de philosophie poursuit son cycle exceptionnel de cours sur \u201cLa soci\u00e9t\u00e9 au d\u00e9fi de l\u2019intelligence&hellip;\n","protected":false},"author":2,"featured_media":82709,"comment_status":"","ping_status":"","sticky":false,"template":"","format":"standard","meta":{"footnotes":""},"categories":[9566],"tags":[1111,11,2430,6211,1687,112,1777,674,1011,27,2731,2732,2410,12,5486,25,767,104],"class_list":{"0":"post-82708","1":"post","2":"type-post","3":"status-publish","4":"format-standard","5":"has-post-thumbnail","7":"category-grenoble","8":"tag-actu","9":"tag-actualites","10":"tag-auvergne-rhone-alpes","11":"tag-conference","12":"tag-culture-loisirs","13":"tag-edition-grenoble-agglomeration","14":"tag-eu","15":"tag-europe","16":"tag-fr","17":"tag-france","18":"tag-grenoble","19":"tag-grenoble-bassin","20":"tag-livres-bd","21":"tag-news","22":"tag-rencontre","23":"tag-republique-francaise","24":"tag-science-et-technologie","25":"tag-societe"},"share_on_mastodon":{"url":"https:\/\/pubeurope.com\/@fr\/114468366876634130","error":""},"_links":{"self":[{"href":"https:\/\/www.europesays.com\/fr\/wp-json\/wp\/v2\/posts\/82708","targetHints":{"allow":["GET"]}}],"collection":[{"href":"https:\/\/www.europesays.com\/fr\/wp-json\/wp\/v2\/posts"}],"about":[{"href":"https:\/\/www.europesays.com\/fr\/wp-json\/wp\/v2\/types\/post"}],"author":[{"embeddable":true,"href":"https:\/\/www.europesays.com\/fr\/wp-json\/wp\/v2\/users\/2"}],"replies":[{"embeddable":true,"href":"https:\/\/www.europesays.com\/fr\/wp-json\/wp\/v2\/comments?post=82708"}],"version-history":[{"count":0,"href":"https:\/\/www.europesays.com\/fr\/wp-json\/wp\/v2\/posts\/82708\/revisions"}],"wp:featuredmedia":[{"embeddable":true,"href":"https:\/\/www.europesays.com\/fr\/wp-json\/wp\/v2\/media\/82709"}],"wp:attachment":[{"href":"https:\/\/www.europesays.com\/fr\/wp-json\/wp\/v2\/media?parent=82708"}],"wp:term":[{"taxonomy":"category","embeddable":true,"href":"https:\/\/www.europesays.com\/fr\/wp-json\/wp\/v2\/categories?post=82708"},{"taxonomy":"post_tag","embeddable":true,"href":"https:\/\/www.europesays.com\/fr\/wp-json\/wp\/v2\/tags?post=82708"}],"curies":[{"name":"wp","href":"https:\/\/api.w.org\/{rel}","templated":true}]}}