{"id":82710,"date":"2025-05-07T20:10:14","date_gmt":"2025-05-07T20:10:14","guid":{"rendered":"https:\/\/www.europesays.com\/fr\/82710\/"},"modified":"2025-05-07T20:10:14","modified_gmt":"2025-05-07T20:10:14","slug":"un-choc-au-sommet-brive-grenoble-montauban-et-beziers-se-disputent-le-dernier-ticket","status":"publish","type":"post","link":"https:\/\/www.europesays.com\/fr\/82710\/","title":{"rendered":"un choc au sommet Brive-Grenoble, Montauban et B\u00e9ziers se disputent le dernier ticket"},"content":{"rendered":"<p>\u00c0 c\u00f4t\u00e9 du match au sommet entre Brivistes et Grenoblois, les Montalbanais et les Biterrois s\u2019affronter dans un match crucial dans la course pour les six premi\u00e8res places.<\/p>\n<p class=\"fig-paragraph\">Le dauphin\u00a0<a href=\"http:\/\/www.lefigaro.fr\/flash-sport\/pro-d2-grenoble-y-est-presque-brive-s-en-rapproche-20250418\" data-fig-type=\"NewsFlash\" data-gtm-custom-categorie=\"navigation\" data-gtm-custom-action=\"crossclick\" data-gtm-custom-label=\"Contextuel\" data-gtm-event=\"customEventSPE\" data-fig-domain=\"LEFIGARO\" target=\"_blank\" rel=\"noopener\">Brive\u00a0<\/a>re\u00e7oit le leader\u00a0<a href=\"http:\/\/www.lefigaro.fr\/sports\/rugby\/pro-d2-grenoble-se-fait-peur-nice-signe-un-immense-exploit-dax-s-incline-dans-le-derby-20250425\" data-fig-type=\"NewsFlash\" data-gtm-custom-categorie=\"navigation\" data-gtm-custom-action=\"crossclick\" data-gtm-custom-label=\"Contextuel\" data-gtm-event=\"customEventSPE\" data-fig-domain=\"LEFIGARO\" target=\"_blank\" rel=\"noopener\">Grenoble\u00a0<\/a>vendredi lors de\u00a0<a href=\"https:\/\/www.lefigaro.fr\/sports\/rugby\/pro-d2\/calendrier-resultats?journee=29\" target=\"_blank\" rel=\"noopener\" data-gtm-custom-categorie=\"navigation\" data-gtm-custom-action=\"crossclick\" data-gtm-custom-label=\"Contextuel\" data-gtm-event=\"customEventSPE\">la 29e et avant-derni\u00e8re journ\u00e9e de Pro D2<\/a>\u00a0qui verra Montauban et B\u00e9ziers s&rsquo;affronter dans un match crucial dans la course pour les six premi\u00e8res places. Derri\u00e8re Grenoble et Brive, cinq \u00e9quipes se battent pour acc\u00e9der au Top 6 synonyme de barrage d&rsquo;accession pour le Top 14\u00a0: c&rsquo;est math\u00e9matiquement acquis pour Colomiers (81 points), c&rsquo;est tr\u00e8s bien parti pour Provence Rugby (77 points), Soyaux-Angoul\u00eame est en position favorable (75 points). Montauban et B\u00e9ziers, qui s&rsquo;affrontent jeudi, se disputent le dernier ticket (72 points).<\/p>\n<p class=\"fig-paragraph\">Les deux premiers de la saison r\u00e9guli\u00e8re (Grenoble \u00e0 coup s\u00fbr avec 94 points et tr\u00e8s certainement Brive qui compte 89 points) acc\u00e8dent directement en demi-finale o\u00f9 ils recevront les \u00e9quipes victorieuses des confrontations entre les quatre autres pr\u00e9tendants. Le vainqueur de la finale monte directement, tandis que le battu affronte en barrages le 13e du Top 14.<\/p>\n<p class=\"fig-paragraph\">L&rsquo;affrontement entre Grenoble et Brive, les deux \u00e9quipes dominantes de la saison, aura donc surtout pour int\u00e9r\u00eat de pr\u00e9figurer une possible finale pour l&rsquo;accession au stade Ernest-Wallon de Toulouse. Au match aller, Grenoble s&rsquo;\u00e9tait largement impos\u00e9 34-22 mais sans bonus offensif, une raret\u00e9 cette saison \u00e0 domicile o\u00f9 ils ont pris 66 points sur 70 possibles.<\/p>\n<p class=\"fig-paragraph\">La plupart des autres rencontres sont d\u00e9s\u00e9quilibr\u00e9es, et les \u00e9quipes du haut de tableau devraient faire le plein, que ce soit Colomiers contre Nice (16e, 30 points), Provence Rugby contre Biarritz (10e, 60 points) ou Soyaux-Angoul\u00eame contre Oyonnax (12e, 57 points). Mais jeudi, en ouverture, Montauban re\u00e7oit B\u00e9ziers pour un match dont le perdant risque fort de rester bloqu\u00e9 \u00e0 la 7e place, la premi\u00e8re qui ne donne pas droit \u00e0 la phase finale pour la promotion en Top 14.<\/p>\n<p class=\"fig-paragraph\">En bas de classement, la lutte pour ne pas descendre est d\u00e9sormais moins intense. Nice est certain d&rsquo;\u00e9voluer une division plus bas, et Aurillac, 15e avec 48 points, a cinq unit\u00e9s de retard sur Agen, une place devant. Il faudra que les joueurs du Cantal aillent chercher un r\u00e9sultat \u00e0 Nevers (8e, 61 points), pour croire encore en leur chance d&rsquo;\u00e9viter un barrage de rel\u00e9gation.<\/p>\n","protected":false},"excerpt":{"rendered":"\u00c0 c\u00f4t\u00e9 du match au sommet entre Brivistes et Grenoblois, les Montalbanais et les Biterrois s\u2019affronter dans un&hellip;\n","protected":false},"author":2,"featured_media":82711,"comment_status":"","ping_status":"","sticky":false,"template":"","format":"standard","meta":{"footnotes":""},"categories":[9566],"tags":[2306,1111,11,19055,2430,19053,525,2309,1981,2313,1089,451,814,1777,674,1011,27,2731,955,19054,12,2308,2311,25,1980,479,2259,2307,478,2310,2312,513],"class_list":{"0":"post-82710","1":"post","2":"type-post","3":"status-publish","4":"format-standard","5":"has-post-thumbnail","7":"category-grenoble","8":"tag-6-nations","9":"tag-actu","10":"tag-actualites","11":"tag-as-beziers","12":"tag-auvergne-rhone-alpes","13":"tag-brive","14":"tag-calendrier","15":"tag-challenge-europeen","16":"tag-classement","17":"tag-clermont","18":"tag-coupe-deurope","19":"tag-coupe-du-monde","20":"tag-direct","21":"tag-eu","22":"tag-europe","23":"tag-fr","24":"tag-france","25":"tag-grenoble","26":"tag-match","27":"tag-montauban","28":"tag-news","29":"tag-pro-d2","30":"tag-racing","31":"tag-republique-francaise","32":"tag-resultats","33":"tag-rugby","34":"tag-score","35":"tag-six-nations","36":"tag-top-14","37":"tag-toulon","38":"tag-toulouse","39":"tag-xv-de-france"},"share_on_mastodon":{"url":"https:\/\/pubeurope.com\/@fr\/114468370718954860","error":""},"_links":{"self":[{"href":"https:\/\/www.europesays.com\/fr\/wp-json\/wp\/v2\/posts\/82710","targetHints":{"allow":["GET"]}}],"collection":[{"href":"https:\/\/www.europesays.com\/fr\/wp-json\/wp\/v2\/posts"}],"about":[{"href":"https:\/\/www.europesays.com\/fr\/wp-json\/wp\/v2\/types\/post"}],"author":[{"embeddable":true,"href":"https:\/\/www.europesays.com\/fr\/wp-json\/wp\/v2\/users\/2"}],"replies":[{"embeddable":true,"href":"https:\/\/www.europesays.com\/fr\/wp-json\/wp\/v2\/comments?post=82710"}],"version-history":[{"count":0,"href":"https:\/\/www.europesays.com\/fr\/wp-json\/wp\/v2\/posts\/82710\/revisions"}],"wp:featuredmedia":[{"embeddable":true,"href":"https:\/\/www.europesays.com\/fr\/wp-json\/wp\/v2\/media\/82711"}],"wp:attachment":[{"href":"https:\/\/www.europesays.com\/fr\/wp-json\/wp\/v2\/media?parent=82710"}],"wp:term":[{"taxonomy":"category","embeddable":true,"href":"https:\/\/www.europesays.com\/fr\/wp-json\/wp\/v2\/categories?post=82710"},{"taxonomy":"post_tag","embeddable":true,"href":"https:\/\/www.europesays.com\/fr\/wp-json\/wp\/v2\/tags?post=82710"}],"curies":[{"name":"wp","href":"https:\/\/api.w.org\/{rel}","templated":true}]}}