{"id":82717,"date":"2025-05-07T20:14:14","date_gmt":"2025-05-07T20:14:14","guid":{"rendered":"https:\/\/www.europesays.com\/fr\/82717\/"},"modified":"2025-05-07T20:14:14","modified_gmt":"2025-05-07T20:14:14","slug":"handball-le-strasbourg-ath-a-craque-en-seconde-periode-face-a-brest-19-32-revivez-le-direct","status":"publish","type":"post","link":"https:\/\/www.europesays.com\/fr\/82717\/","title":{"rendered":"Handball. Le Strasbourg ATH a craqu\u00e9 en seconde p\u00e9riode face \u00e0 Brest (19-32) : revivez le direct"},"content":{"rendered":"<p>&#13;<br \/>\n                &#13;<\/p>\n<li id=\"759680b7-e30a-403e-ab62-621019e586ec\" class=\"instant Basic  \">&#13;<br \/>\n&#13;<\/p>\n<p class=\"instantHeadline Default \">19 &#8211; 32 <\/p>\n<p>&#13;<br \/>\n    &#13;<\/p>\n<p>Merci de nous avoir suivis, on vous souhaite une tr\u00e8s bonne fin de soir\u00e9e et on vous donne rendez-vous tr\u00e8s bient\u00f4t sur notre site.<\/p>\n<p>&#13;<br \/>\n    &#13;\n    <\/li>\n<p>&#13;<br \/>\n                    &#13;<\/p>\n<li id=\"af0f28ef-70d9-4536-89f0-d94b1338a8f4\" class=\"instant Basic Black hasTeam\" data-team-name=\"Strasbourg ATH\">&#13;<br \/>\n&#13;<\/p>\n<p class=\"instantHeadline Default \">19 &#8211; 32 <\/p>\n<p>&#13;<br \/>\n    &#13;<\/p>\n<p>Le Strasbourg ATH sera \u00e0 M\u00e9rignac samedi avec l&rsquo;intention de mettre fin \u00e0 sa s\u00e9rie de quatre d\u00e9faites et de d\u00e9crocher sa huiti\u00e8me victoire en championnat.<\/p>\n<p>&#13;<br \/>\n    &#13;<br \/>\n    &#13;<\/p>\n<p>            &#13;<br \/>\n    &#13;<br \/>\n    &#13;<br \/>\n    <a href=\"https:\/\/cdn-s-www.dna.fr\/images\/3ed7a351-3562-4117-995b-1a6260fb9629\/NW_raw\/lisa-vlug-et-le-sath-tenteront-de-renouer-avec-la-victoire-samedi-a-merignac-photo-antonin-utz-1746647436.jpg\" title=\"Lisa Vlug et le SATH tenteront de renouer avec la victoire samedi \u00e0 M\u00e9rignac. Photo Antonin Utz\" class=\"chocolat-image GA-tracking\" data-ga_type=\"click\" data-ga_category=\"D\u00e9tail\" data-ga_action=\"zoomer\" data-ga_label=\"aggrandir image\" rel=\"nofollow noopener\" target=\"_blank\">&#13;<br \/>\n        <img src=\"https:\/\/www.europesays.com\/fr\/wp-content\/uploads\/2025\/05\/lisa-vlug-et-le-sath-tenteront-de-renouer-avec-la-victoire-samedi-a-merignac-photo-antonin-utz-17466.jpeg\"   alt=\"Lisa Vlug et le SATH tenteront de renouer avec la victoire samedi \u00e0 M\u00e9rignac. Photo Antonin Utz\" fetchpriority=\"high\" decoding=\"async\" data-mobile=\"NW_listA_M|1746647436\" data-base=\"NW_listA|1746647436\"\/>&#13;<br \/>\n    <\/a>&#13;<br \/>\n    Lisa Vlug et le SATH tenteront de renouer avec la victoire samedi \u00e0 M\u00e9rignac. Photo Antonin Utz<br \/>\n    \t    &#13;\n            <\/li>\n<p>&#13;<br \/>\n                    &#13;<\/p>\n<li id=\"8d4b8813-9a9f-4fce-9ea0-781fae84a7c9\" class=\"instant Basic White hasTeam\" data-team-name=\"Brest Bretagne Handball\">&#13;<br \/>\n&#13;<\/p>\n<p class=\"instantHeadline Default \">19 &#8211; 32 <\/p>\n<p>&#13;<br \/>\n    &#13;<\/p>\n<p>Brest affrontera Metz dimanche pour un match d\u00e9cisif en vue du titre de champion de France.<\/p>\n<p>&#13;<br \/>\n    &#13;\n    <\/li>\n<p>&#13;<br \/>\n                    &#13;<\/p>\n<li id=\"138e2ab5-bc13-4de2-8c98-ac26c5985d3b\" class=\"instant Basic  \">&#13;<br \/>\n&#13;<\/p>\n<p class=\"instantHeadline Default \">19 &#8211; 32 <\/p>\n<p>&#13;<br \/>\n    &#13;<\/p>\n<p>La soir\u00e9e a \u00e9t\u00e9 belle et le public alsacien a pu voir plusieurs joueuses de l&rsquo;\u00e9quipe de France, \u00e7a n&rsquo;arrive pas tous les jours. Il a aussi chaleureusement applaudi les Piraths, qui n&rsquo;ont jamais rien l\u00e2ch\u00e9, m\u00eame au cours d&rsquo;une seconde p\u00e9riode compliqu\u00e9e.<\/p>\n<p>&#13;<br \/>\n    &#13;\n    <\/li>\n<p>&#13;<br \/>\n                    &#13;<\/p>\n<li id=\"0b37e2ab-9098-4044-9e58-896fedf06ae7\" class=\"instant Basic White hasTeam\" data-team-name=\"Brest Bretagne Handball\">&#13;<br \/>\n&#13;<\/p>\n<p class=\"instantHeadline Default \">19 &#8211; 32 <\/p>\n<p>&#13;<br \/>\n    &#13;<\/p>\n<p>Brest a fait parler sa sup\u00e9riorit\u00e9 et il n&rsquo;y a surtout pas \u00e0 rougir de perdre contre une telle \u00e9quipe, qui n&rsquo;a conc\u00e9d\u00e9 qu&rsquo;une seule d\u00e9faite cette saison face au leader messin.<\/p>\n<p>&#13;<br \/>\n    &#13;\n    <\/li>\n<p>&#13;<br \/>\n                    &#13;<\/p>\n<li id=\"56e2d6cb-0cb4-4977-89c7-137ea3ccef50\" class=\"instant Basic Black hasTeam\" data-team-name=\"Strasbourg ATH\">&#13;<br \/>\n&#13;<\/p>\n<p class=\"instantHeadline Default \">19 &#8211; 32 <\/p>\n<p>&#13;<br \/>\n    &#13;<\/p>\n<p>La seconde p\u00e9riode s&rsquo;est av\u00e9r\u00e9e tr\u00e8s difficile pour le Strasbourg, avec seulement six petits buts marqu\u00e9s. Ses joueuses ont souffert face \u00e0 la d\u00e9fense bretonne et sa gardienne Floriane Andr\u00e9 (15 arr\u00eats).<\/p>\n<p>&#13;<br \/>\n    &#13;<br \/>\n    &#13;<\/p>\n<p>            &#13;<br \/>\n    &#13;<br \/>\n    &#13;<br \/>\n    <a href=\"https:\/\/cdn-s-www.dna.fr\/images\/2e3212ef-1f6a-4cf1-b622-5ef4130ece28\/NW_raw\/dalila-abdesselam-grimace-ce-brest-la-etait-trop-fort-pour-le-sath-photo-antonin-utz-1746646897.jpg\" title=\"Dalila Abdesselam grimace : ce Brest-l\u00e0 \u00e9tait trop fort pour le SATH. Photo Antonin Utz\" class=\"chocolat-image GA-tracking\" data-ga_type=\"click\" data-ga_category=\"D\u00e9tail\" data-ga_action=\"zoomer\" data-ga_label=\"aggrandir image\" rel=\"nofollow noopener\" target=\"_blank\">&#13;<br \/>\n        <img src=\"https:\/\/www.europesays.com\/fr\/wp-content\/uploads\/2025\/05\/dalila-abdesselam-grimace-ce-brest-la-etait-trop-fort-pour-le-sath-photo-antonin-utz-1746646897.jpg\"   alt=\"Dalila Abdesselam grimace : ce Brest-l\u00e0 \u00e9tait trop fort pour le SATH. Photo Antonin Utz\" fetchpriority=\"high\" decoding=\"async\" data-mobile=\"NW_listA_M|1746646897\" data-base=\"NW_listA|1746646897\"\/>&#13;<br \/>\n    <\/a>&#13;<br \/>\n    Dalila Abdesselam grimace : ce Brest-l\u00e0 \u00e9tait trop fort pour le SATH. Photo Antonin Utz<br \/>\n    \t    &#13;\n            <\/li>\n<p>&#13;<br \/>\n                    &#13;<\/p>\n<li id=\"5f2f9f74-86a9-4474-b140-4997dd7cb740\" class=\"instant Highlight  \">&#13;<br \/>\n&#13;<\/p>\n<p class=\"instantHeadline  icon\">19 &#8211; 32 <\/p>\n<p>&#13;<br \/>\n    &#13;<br \/>\n            C&rsquo;est fini au Rhenus avec la victoire logique de Brest&#13;<br \/>\n    &#13;\n    <\/li>\n<p>&#13;<br \/>\n                    &#13;<\/p>\n<li id=\"ae1d8aad-07ba-4431-8c38-20815a998895\" class=\"instant Basic White hasTeam\" data-team-name=\"Brest Bretagne Handball\">&#13;<br \/>\n&#13;<\/p>\n<p class=\"instantHeadline HandballPenalty icon\">19 &#8211; 32 <\/p>\n<p>&#13;<br \/>\n    &#13;<\/p>\n<p>Juliette Faure, sur penalty, inscrit le dernier but de cette rencontre.<\/p>\n<p>&#13;<br \/>\n    &#13;\n    <\/li>\n<p>&#13;<br \/>\n                    &#13;<\/p>\n<li id=\"85d793ac-f16c-4b81-903a-a000a5b8cd7e\" class=\"instant Basic White hasTeam\" data-team-name=\"Brest Bretagne Handball\">&#13;<br \/>\n&#13;<\/p>\n<p class=\"instantHeadline HandballGoal icon\">19 &#8211; 30 <\/p>\n<p>&#13;<br \/>\n    &#13;<\/p>\n<p>Oriane Ondono accentue l&rsquo;avance bretonne. C&rsquo;est s\u00e9v\u00e8re pour le SATH au regard de sa combativit\u00e9. Mais il faut \u00e9videmment admettre la sup\u00e9riorit\u00e9 brestoise, qui s&rsquo;exprime franchement en seconde p\u00e9riode.<\/p>\n<p>&#13;<br \/>\n    &#13;\n    <\/li>\n<p>&#13;<br \/>\n                    &#13;<\/p>\n<li id=\"ba81c5a2-eaeb-4f2b-8058-1e7c0d60cb75\" class=\"instant Highlight  \">&#13;<br \/>\n&#13;<\/p>\n<p class=\"instantHeadline  \">18 &#8211; 28 <\/p>\n<p>&#13;<br \/>\n    &#13;<br \/>\n            5067 spectateurs au Rhenus&#13;<br \/>\n    &#13;<br \/>\n    &#13;<\/p>\n<p>On n&rsquo;en doutait pas, mais le public alsacien a une nouvelle fois r\u00e9pondu pr\u00e9sent pour cette belle affiche.<\/p>\n<p>\t    &#13;\n            <\/li>\n<p>&#13;<br \/>\n                    &#13;<\/p>\n<li id=\"074d169b-27b0-4dc0-b68c-5f220e2cc248\" class=\"instant Basic White hasTeam\" data-team-name=\"Brest Bretagne Handball\">&#13;<br \/>\n&#13;<\/p>\n<p class=\"instantHeadline HandballGoal icon\">18 &#8211; 28 <\/p>\n<p>&#13;<br \/>\n    &#13;<\/p>\n<p>Mais \u00e7a n&#8217;emp\u00eache pas Brest de poursuivre son cavalier seul avec cette fois Annika Lott \u00e0 la conclusion.<\/p>\n<p>&#13;<br \/>\n    &#13;<br \/>\n    &#13;<\/p>\n<p>Mais \u00e7a n&#8217;emp\u00eache pas Brest de poursuivre son cavalier seul avec cette fois Annika Lott \u00e0 la conclusion.<\/p>\n<p>\t    &#13;\n            <\/li>\n<p>&#13;<br \/>\n                    &#13;<\/p>\n<li id=\"8dd53803-eebf-4c3f-b9c5-086b066a4309\" class=\"instant Basic Black hasTeam\" data-team-name=\"Strasbourg ATH\">&#13;<br \/>\n&#13;<\/p>\n<p class=\"instantHeadline HandballGoal icon\">18 &#8211; 27 <\/p>\n<p>&#13;<br \/>\n    &#13;<\/p>\n<p>Premier but pour Lilou Begon. Suivi d&rsquo;une nouvelle parade de L\u00e9a Fargues.<\/p>\n<p>&#13;<br \/>\n    &#13;\n    <\/li>\n<p>&#13;<br \/>\n                    &#13;<\/p>\n<li id=\"b71d7df4-d612-4130-b7bf-82d3946e05db\" class=\"instant Intermediate White hasTeam\" data-team-name=\"Brest Bretagne Handball\">&#13;<br \/>\n&#13;<\/p>\n<p class=\"instantHeadline Default \">17 &#8211; 27 <\/p>\n<p>&#13;<br \/>\n    &#13;<br \/>\n            Le dixi\u00e8me arr\u00eat pour Floriane Andr\u00e9&#13;<br \/>\n    &#13;<br \/>\n    &#13;<\/p>\n<p>En seulement 20 minutes pour la gardienne de Brest et de l&rsquo;\u00e9quipe de France, qui a tout chang\u00e9 en seconde p\u00e9riode.<\/p>\n<p>\t    &#13;\n            <\/li>\n<p>&#13;<br \/>\n                    &#13;<\/p>\n<li id=\"8a44b913-f3c1-4fbb-a841-cd2db00a4756\" class=\"instant Intermediate Black hasTeam\" data-team-name=\"Strasbourg ATH\">&#13;<br \/>\n&#13;<\/p>\n<p class=\"instantHeadline HandballGoal icon\">17 &#8211; 26 <\/p>\n<p>&#13;<br \/>\n    &#13;<br \/>\n            Dalila Abdesselam marque enfin pour le SATH&#13;<br \/>\n    &#13;<br \/>\n    &#13;<\/p>\n<p>D&rsquo;un lob subtil, la capitaine du Strasbourg ATH met fin \u00e0 plus de dix minutes sans le moindre but.<\/p>\n<p>\t    &#13;\n            <\/li>\n<p>&#13;<br \/>\n                    &#13;<\/p>\n<li id=\"3385075c-851f-4b1a-8fe0-16e180d24460\" class=\"instant Basic White hasTeam\" data-team-name=\"Brest Bretagne Handball\">&#13;<br \/>\n&#13;<\/p>\n<p class=\"instantHeadline HandballGoal icon\">16 &#8211; 26 <\/p>\n<p>&#13;<br \/>\n    &#13;<\/p>\n<p>Oriane Ondono donne dix buts d&rsquo;avance \u00e0 son \u00e9quipe.<\/p>\n<p>&#13;<br \/>\n    &#13;\n    <\/li>\n<p>&#13;<br \/>\n                    &#13;<\/p>\n<li id=\"ea96f917-8d83-447d-8985-8e4566495736\" class=\"instant Highlight White hasTeam\" data-team-name=\"Brest Bretagne Handball\">&#13;<br \/>\n&#13;<\/p>\n<p class=\"instantHeadline  icon\">16 &#8211; 24 <\/p>\n<p>&#13;<br \/>\n    &#13;<br \/>\n            Brest s&rsquo;envole&#13;<br \/>\n    &#13;<br \/>\n    &#13;<\/p>\n<p>Clarisse Mairot trompe L\u00e9a Fargues, Brest s&rsquo;envole vers la victoire.<\/p>\n<p>\t    &#13;\n            <\/li>\n<p>&#13;<br \/>\n                    &#13;<\/p>\n<li id=\"01c34151-4bea-4680-8d97-203333ae07d5\" class=\"instant Basic Black hasTeam\" data-team-name=\"Strasbourg ATH\">&#13;<br \/>\n&#13;<\/p>\n<p class=\"instantHeadline Default \">16 &#8211; 23 <\/p>\n<p>&#13;<br \/>\n    &#13;<\/p>\n<p>Dalila Abdesselam et ses co\u00e9quipi\u00e8res ne trouvent plus de solutions en attaque. Elles n&rsquo;ont plus marqu\u00e9 depuis dix minutes.<\/p>\n<p>&#13;<br \/>\n    &#13;\n    <\/li>\n<p>&#13;<br \/>\n                    &#13;<\/p>\n<li id=\"14b98fe2-6c29-4f7a-b6d3-961443609014\" class=\"instant Basic Black hasTeam\" data-team-name=\"Strasbourg ATH\">&#13;<br \/>\n&#13;<\/p>\n<p class=\"instantHeadline Default \">16 &#8211; 23 <\/p>\n<p>&#13;<br \/>\n    &#13;<\/p>\n<p>Mais il faut continuer \u00e0 se battre, \u00e0 profiter du moment et de ce match au Rhenus, puisque les Piraths n&rsquo;y joueront plus avant la saison prochaine.<\/p>\n<p>&#13;<br \/>\n    &#13;\n    <\/li>\n<p>&#13;<br \/>\n                    &#13;<\/p>\n<li id=\"3a1cf4fd-1c89-4b55-935a-3d3beb32db1f\" class=\"instant Basic White hasTeam\" data-team-name=\"Brest Bretagne Handball\">&#13;<br \/>\n&#13;<\/p>\n<p class=\"instantHeadline HandballPenalty icon\">16 &#8211; 23 <\/p>\n<p>&#13;<br \/>\n    &#13;<\/p>\n<p>Juliette Faure est toujours aussi pr\u00e9cise sur penalty. Brest s&rsquo;envole.<\/p>\n<p>&#13;<br \/>\n    &#13;\n    <\/li>\n<p>&#13;<br \/>\n                    &#13;<\/p>\n<li id=\"81698965-5aca-4c6a-a0c8-758e0a73795a\" class=\"instant Basic Black hasTeam\" data-team-name=\"Strasbourg ATH\">&#13;<br \/>\n&#13;<\/p>\n<p class=\"instantHeadline Default \">16 &#8211; 22 <\/p>\n<p>&#13;<br \/>\n    &#13;<\/p>\n<p>Les Alsaciennes viennent de perdre plusieurs ballons en attaque, la d\u00e9fense bretonne a hauss\u00e9 le ton.<\/p>\n<p>&#13;<br \/>\n    &#13;\n    <\/li>\n<p>&#13;<br \/>\n                    &#13;<\/p>\n<li id=\"7d92b601-2645-4595-9174-6e0056f74e2c\" class=\"instant Intermediate White hasTeam\" data-team-name=\"Brest Bretagne Handball\">&#13;<br \/>\n&#13;<\/p>\n<p class=\"instantHeadline HandballGoal icon\">16 &#8211; 22 <\/p>\n<p>&#13;<br \/>\n    &#13;<br \/>\n            Six buts d&rsquo;avance pour Brest&#13;<br \/>\n    &#13;<br \/>\n    &#13;<\/p>\n<p>Gr\u00e2ce \u00e0 Pauline Coatan\u00e9a en contre-attaque. Le Strasbourg ATH semble au bord de la rupture.<\/p>\n<p>\t    &#13;\n            <\/li>\n<p>&#13;<br \/>\n                    &#13;<\/p>\n<li id=\"531cd2ed-b72f-4568-a0c3-a57842c69f56\" class=\"instant Intermediate White hasTeam\" data-team-name=\"Brest Bretagne Handball\">&#13;<br \/>\n&#13;<\/p>\n<p class=\"instantHeadline HandballTimeout icon\">16 &#8211; 21 <\/p>\n<p>&#13;<br \/>\n    &#13;<br \/>\n            Temps mort brestois&#13;<br \/>\n    &#13;<br \/>\n    &#13;<\/p>\n<p>Le deuxi\u00e8me du championnat a nettement acc\u00e9l\u00e9r\u00e9.<\/p>\n<p>\t    &#13;\n            <\/li>\n<p>&#13;<br \/>\n                    &#13;<\/p>\n<li id=\"3f0a0a30-8f81-42fc-9f5a-b0d4e54d2e14\" class=\"instant Basic White hasTeam\" data-team-name=\"Brest Bretagne Handball\">&#13;<br \/>\n&#13;<\/p>\n<p class=\"instantHeadline HandballGoal icon\">16 &#8211; 21 <\/p>\n<p>&#13;<br \/>\n    &#13;<\/p>\n<p>Et m\u00eame cinq gr\u00e2ce \u00e0 Oriane Ondono (16-21, 39e).<\/p>\n<p>&#13;<br \/>\n    &#13;\n    <\/li>\n<p>&#13;<br \/>\n                    &#13;<\/p>\n<li id=\"3ecfdf47-a49e-4cd3-9af1-171c42318237\" class=\"instant Highlight White hasTeam\" data-team-name=\"Brest Bretagne Handball\">&#13;<br \/>\n&#13;<\/p>\n<p class=\"instantHeadline  icon\">16 &#8211; 20 <\/p>\n<p>&#13;<br \/>\n    &#13;<br \/>\n            Brest reprend quatre buts d&rsquo;avance&#13;<br \/>\n    &#13;<br \/>\n    &#13;<\/p>\n<p>Gr\u00e2ce \u00e0 Kristina Novak.<\/p>\n<p>\t    &#13;\n            <\/li>\n<p>&#13;<br \/>\n                    &#13;<\/p>\n<li id=\"9d10ee8d-3490-43fd-904e-e57364624bb0\" class=\"instant Basic White hasTeam\" data-team-name=\"Brest Bretagne Handball\">&#13;<br \/>\n&#13;<\/p>\n<p class=\"instantHeadline HandballGoal icon\">16 &#8211; 19 <\/p>\n<p>&#13;<br \/>\n    &#13;<\/p>\n<p>M\u00e9line Nocandy fait mal \u00e0 la d\u00e9fense du SATH.<\/p>\n<p>&#13;<br \/>\n    &#13;<br \/>\n    &#13;<\/p>\n<p>            &#13;<br \/>\n    &#13;<br \/>\n    &#13;<br \/>\n    <a href=\"https:\/\/cdn-s-www.dna.fr\/images\/c1ec2632-2099-45dd-8f50-9d4840e747cf\/NW_raw\/meline-nocandy-le-danger-permanent-photo-antonin-utz-1746645857.jpg\" title=\"M\u00e9line Nocandy, le danger permanent. Photo Antonin Utz\" class=\"chocolat-image GA-tracking\" data-ga_type=\"click\" data-ga_category=\"D\u00e9tail\" data-ga_action=\"zoomer\" data-ga_label=\"aggrandir image\" rel=\"nofollow noopener\" target=\"_blank\">&#13;<br \/>\n        <img src=\"https:\/\/www.europesays.com\/fr\/wp-content\/uploads\/2025\/05\/meline-nocandy-le-danger-permanent-photo-antonin-utz-1746645857.jpg\"   alt=\"M\u00e9line Nocandy, le danger permanent. Photo Antonin Utz\" fetchpriority=\"high\" decoding=\"async\" data-mobile=\"NW_listA_M|1746645857\" data-base=\"NW_listA|1746645857\"\/>&#13;<br \/>\n    <\/a>&#13;<br \/>\n    M\u00e9line Nocandy, le danger permanent. Photo Antonin Utz<br \/>\n    \t    &#13;\n            <\/li>\n<p>&#13;<br \/>\n                    &#13;<\/p>\n<li id=\"dc174829-b507-4342-af9f-842aa1154235\" class=\"instant Basic Black hasTeam\" data-team-name=\"Strasbourg ATH\">&#13;<br \/>\n&#13;<\/p>\n<p class=\"instantHeadline HandballGoal icon\">16 &#8211; 18 <\/p>\n<p>&#13;<br \/>\n    &#13;<\/p>\n<p>Mais les Alsaciennes, pouss\u00e9es par le Rhenus, s&rsquo;accrochent toujours, \u00e0 l&rsquo;image de B\u00fcsra Isikhan.<\/p>\n<p>&#13;<br \/>\n    &#13;<br \/>\n    &#13;<\/p>\n<p>            &#13;<br \/>\n    &#13;<br \/>\n    &#13;<br \/>\n    <a href=\"https:\/\/cdn-s-www.dna.fr\/images\/21c2306c-5e1c-4c96-8e88-2813f7c34e50\/NW_raw\/busra-isikhan-et-le-sath-n-abdiquent-pas-photo-antonin-utz-1746645239.jpg\" title=\"B\u00fcsra Isikhan et le SATH n&#039;abdiquent pas. Photo Antonin Utz\" class=\"chocolat-image GA-tracking\" data-ga_type=\"click\" data-ga_category=\"D\u00e9tail\" data-ga_action=\"zoomer\" data-ga_label=\"aggrandir image\" rel=\"nofollow noopener\" target=\"_blank\">&#13;<br \/>\n        <img src=\"https:\/\/www.europesays.com\/fr\/wp-content\/uploads\/2025\/05\/busra-isikhan-et-le-sath-n-abdiquent-pas-photo-antonin-utz-1746645239.jpg\"   alt=\"B\u00fcsra Isikhan et le SATH n'abdiquent pas. Photo Antonin Utz\" fetchpriority=\"high\" decoding=\"async\" data-mobile=\"NW_listA_M|1746645239\" data-base=\"NW_listA|1746645239\"\/>&#13;<br \/>\n    <\/a>&#13;<br \/>\n    B\u00fcsra Isikhan et le SATH n&rsquo;abdiquent pas. Photo Antonin Utz<br \/>\n    \t    &#13;\n            <\/li>\n<p>&#13;<br \/>\n                    &#13;<\/p>\n<li id=\"746d8277-05c6-421c-8746-ad3f1d638f23\" class=\"instant Basic White hasTeam\" data-team-name=\"Brest Bretagne Handball\">&#13;<br \/>\n&#13;<\/p>\n<p class=\"instantHeadline HandballGoal icon\">15 &#8211; 18 <\/p>\n<p>&#13;<br \/>\n    &#13;<\/p>\n<p>M\u00e9line Nocandy trouve encore une faille dans la d\u00e9fense alsacienne.<\/p>\n<p>&#13;<br \/>\n    &#13;\n    <\/li>\n<p>&#13;<br \/>\n                    &#13;<\/p>\n<li id=\"e9583abe-2fe6-4661-a94c-40d1f8ff8a1d\" class=\"instant Highlight Black hasTeam\" data-team-name=\"Strasbourg ATH\">&#13;<br \/>\n&#13;<\/p>\n<p class=\"instantHeadline  icon\">15 &#8211; 17 <\/p>\n<p>&#13;<br \/>\n    &#13;<br \/>\n            Margaux Imhof est en r\u00e9ussite&#13;<br \/>\n    &#13;<br \/>\n    &#13;<\/p>\n<p>L&rsquo;aili\u00e8re gauche ram\u00e8ne elle aussi le SATH \u00e0 deux longueurs (15-17, 35e).<\/p>\n<p>\t    &#13;\n            <\/li>\n<p>&#13;<br \/>\n                    &#13;<\/p>\n<li id=\"559ef193-f161-496a-be6d-927eff463b33\" class=\"instant Basic White hasTeam\" data-team-name=\"Brest Bretagne Handball\">&#13;<br \/>\n&#13;<\/p>\n<p class=\"instantHeadline Default \">14 &#8211; 17 <\/p>\n<p>&#13;<br \/>\n    &#13;<\/p>\n<p>Clarisse Mairot est exclue pour deux minutes. Les Piraths doivent essayer d&rsquo;en profiter pour se rapprocher plus pr\u00e8s.<\/p>\n<p>&#13;<br \/>\n    &#13;\n    <\/li>\n<p>&#13;<br \/>\n                    &#13;<\/p>\n<li id=\"5c84d82f-36c8-4eae-9e16-2d5da97514c0\" class=\"instant Basic White hasTeam\" data-team-name=\"Brest Bretagne Handball\">&#13;<br \/>\n&#13;<\/p>\n<p class=\"instantHeadline HandballGoal icon\">14 &#8211; 17 <\/p>\n<p>&#13;<br \/>\n    &#13;<\/p>\n<p>Et M\u00e9line Nocandy redonne de l&rsquo;air \u00e0 Brest (33e).<\/p>\n<p>&#13;<br \/>\n    &#13;\n    <\/li>\n<p>&#13;<br \/>\n                    &#13;<\/p>\n<li id=\"5026a694-402f-4c62-aaf3-5bcc485de53f\" class=\"instant Basic Black hasTeam\" data-team-name=\"Strasbourg ATH\">&#13;<br \/>\n&#13;<\/p>\n<p class=\"instantHeadline Default \">14 &#8211; 16 <\/p>\n<p>&#13;<br \/>\n    &#13;<\/p>\n<p>Le tir d&rsquo;Hanna Ahlen est cette fois stopp\u00e9 par Floriane Andr\u00e9. Le SATH aurait pu revenir \u00e0 un petit but&#8230;<\/p>\n<p>&#13;<br \/>\n    &#13;\n    <\/li>\n<p>&#13;<br \/>\n                    &#13;<\/p>\n<li id=\"253abd9f-d305-4588-a2d8-ca0a349e4c90\" class=\"instant Intermediate Black hasTeam\" data-team-name=\"Strasbourg ATH\">&#13;<br \/>\n&#13;<\/p>\n<p class=\"instantHeadline HandballGoal icon\">14 &#8211; 16 <\/p>\n<p>&#13;<br \/>\n    &#13;<br \/>\n            Hanna Ahlen ram\u00e8ne le SATH \u00e0 deux buts&#13;<br \/>\n    &#13;<br \/>\n    &#13;<\/p>\n<p>L&rsquo;arri\u00e8re gauche su\u00e9doise, qui partira \u00e0 Nice la saison prochaine, est vraiment dans un grand soir.<\/p>\n<p>\t    &#13;<br \/>\n            &#13;<\/p>\n<p>            &#13;<br \/>\n    &#13;<br \/>\n    &#13;<br \/>\n    <a href=\"https:\/\/cdn-s-www.dna.fr\/images\/682ca9ba-df2c-4781-86c3-f49e75509df8\/NW_raw\/toute-la-rage-et-la-determination-d-hanna-ahlen-dans-un-grand-soir-photo-antonin-utz-1746644713.jpg\" title=\"Toute la rage et la d\u00e9termination d&#039;Hanna Ahlen, dans un grand soir. Photo Antonin Utz\" class=\"chocolat-image GA-tracking\" data-ga_type=\"click\" data-ga_category=\"D\u00e9tail\" data-ga_action=\"zoomer\" data-ga_label=\"aggrandir image\" rel=\"nofollow noopener\" target=\"_blank\">&#13;<br \/>\n        <img src=\"https:\/\/www.europesays.com\/fr\/wp-content\/uploads\/2025\/05\/toute-la-rage-et-la-determination-d-hanna-ahlen-dans-un-grand-soir-photo-antonin-utz-1746644713.jpg\"   alt=\"Toute la rage et la d\u00e9termination d'Hanna Ahlen, dans un grand soir. Photo Antonin Utz\" fetchpriority=\"high\" decoding=\"async\" data-mobile=\"NW_listA_M|1746644713\" data-base=\"NW_listA|1746644713\"\/>&#13;<br \/>\n    <\/a>&#13;<br \/>\n    Toute la rage et la d\u00e9termination d&rsquo;Hanna Ahlen, dans un grand soir. Photo Antonin Utz<br \/>\n    \t    &#13;\n            <\/li>\n<p>&#13;<br \/>\n                    &#13;<\/p>\n<li id=\"a39e4191-e7ca-41b4-b6c1-af5f1d9bd5a3\" class=\"instant Intermediate  \">&#13;<br \/>\n&#13;<\/p>\n<p class=\"instantHeadline HandballGameResume icon\">13 &#8211; 16 <\/p>\n<p>&#13;<br \/>\n    &#13;<br \/>\n            C&rsquo;est reparti au Rhenus !&#13;<br \/>\n    &#13;\n    <\/li>\n<p>&#13;<br \/>\n                    &#13;<\/p>\n<li id=\"47f8f454-4833-4d68-b652-66569bab4110\" class=\"instant Basic  \">&#13;<br \/>\n&#13;<\/p>\n<p class=\"instantHeadline Default \">20:44<\/p>\n<p>&#13;<br \/>\n    &#13;<\/p>\n<p>On se retrouve dans quelques minutes pour la seconde p\u00e9riode. Avec l&rsquo;espoir que le SATH continue de batailler comme il le fait et qu&rsquo;il puisse lutter tout le temps \u00e0 armes \u00e9gales face \u00e0 l&rsquo;armada brestoise.<\/p>\n<p>&#13;<br \/>\n    &#13;\n    <\/li>\n<p>&#13;<br \/>\n                    &#13;<\/p>\n<li id=\"5838a2d1-1593-4de7-ab24-bb3d48dca85e\" class=\"instant Highlight  \">&#13;<br \/>\n&#13;<\/p>\n<p class=\"instantHeadline  icon\">13 &#8211; 16 <\/p>\n<p>&#13;<br \/>\n    &#13;<br \/>\n            C&rsquo;est la mi-temps, le Strasbourg ATH est men\u00e9 de trois buts&#13;<br \/>\n    &#13;<br \/>\n    &#13;<\/p>\n<p>On a eu peur un moment que Brest ne s&rsquo;\u00e9chappe tr\u00e8s vite. Mais les joueuses de Jan Basny se sont accroch\u00e9es pour revenir \u00e0 trois buts \u00e0 la pause. Le tout avec quelques coups de sifflet franchement d\u00e9favorables.<\/p>\n<p>\t    &#13;<br \/>\n            &#13;<\/p>\n<p>            &#13;<br \/>\n    &#13;<br \/>\n    &#13;<br \/>\n    <a href=\"https:\/\/cdn-s-www.dna.fr\/images\/7a85ceaf-b825-424c-95c8-17ebf6c2e615\/NW_raw\/le-sath-resiste-le-maillot-de-lilou-begon-aussi-photo-antonin-utz-1746643754.jpg\" title=\"Le SATH r\u00e9siste, le maillot de Lilou Begon aussi. Photo Antonin Utz\" class=\"chocolat-image GA-tracking\" data-ga_type=\"click\" data-ga_category=\"D\u00e9tail\" data-ga_action=\"zoomer\" data-ga_label=\"aggrandir image\" rel=\"nofollow noopener\" target=\"_blank\">&#13;<br \/>\n        <img src=\"https:\/\/www.europesays.com\/fr\/wp-content\/uploads\/2025\/05\/le-sath-resiste-le-maillot-de-lilou-begon-aussi-photo-antonin-utz-1746643754.jpg\"   alt=\"Le SATH r\u00e9siste, le maillot de Lilou Begon aussi. Photo Antonin Utz\" fetchpriority=\"high\" decoding=\"async\" data-mobile=\"NW_listA_M|1746643754\" data-base=\"NW_listA|1746643754\"\/>&#13;<br \/>\n    <\/a>&#13;<br \/>\n    Le SATH r\u00e9siste, le maillot de Lilou Begon aussi. Photo Antonin Utz<br \/>\n    \t    &#13;\n            <\/li>\n<p>&#13;<br \/>\n                    &#13;<\/p>\n<li id=\"5d2d19cc-bfa5-48a3-b432-724073c94bc3\" class=\"instant Basic Black hasTeam\" data-team-name=\"Strasbourg ATH\">&#13;<br \/>\n&#13;<\/p>\n<p class=\"instantHeadline Default \">13 &#8211; 15 <\/p>\n<p>&#13;<br \/>\n    &#13;<\/p>\n<p>Et c&rsquo;est au tour de Margaux Imhof d&rsquo;aller s&rsquo;asseoir sur le banc pendant deux minutes. C&rsquo;est d\u00e9j\u00e0 la sixi\u00e8me exclusion temporaire, \u00e7a commence \u00e0 faire beaucoup et le public le fait savoir aux arbitres&#8230;<\/p>\n<p>&#13;<br \/>\n    &#13;\n    <\/li>\n<p>&#13;<br \/>\n                    &#13;<\/p>\n<li id=\"85ff8e73-900e-46b1-b2b4-94764923887b\" class=\"instant Highlight Black hasTeam\" data-team-name=\"Strasbourg ATH\">&#13;<br \/>\n&#13;<\/p>\n<p class=\"instantHeadline  icon\">12 &#8211; 14 <\/p>\n<p>&#13;<br \/>\n    &#13;<br \/>\n            Le Strasbourg ATH revient \u00e0 deux buts !&#13;<br \/>\n    &#13;<br \/>\n    &#13;<\/p>\n<p>Gr\u00e2ce \u00e0 un nouveau penalty de Margaux Imhof (29e).<\/p>\n<p>\t    &#13;\n            <\/li>\n<p>&#13;<br \/>\n                    &#13;<\/p>\n<li id=\"203b4c46-7397-4ae8-b4d0-eabe7af5d5bf\" class=\"instant Basic Black hasTeam\" data-team-name=\"Strasbourg ATH\">&#13;<br \/>\n&#13;<\/p>\n<p class=\"instantHeadline HandballPenalty icon\">11 &#8211; 14 <\/p>\n<p>&#13;<br \/>\n    &#13;<\/p>\n<p>Margaux Imhof trompe Katharina Filter sur penalty.<\/p>\n<p>&#13;<br \/>\n    &#13;\n    <\/li>\n<p>&#13;<br \/>\n                    &#13;<\/p>\n<li id=\"fb008510-bad2-4f75-aa52-f8dfce4a314f\" class=\"instant Basic Black hasTeam\" data-team-name=\"Strasbourg ATH\">&#13;<br \/>\n&#13;<\/p>\n<p class=\"instantHeadline Default \">10 &#8211; 13 <\/p>\n<p>&#13;<br \/>\n    &#13;<\/p>\n<p>Nouvelle inf\u00e9riorit\u00e9 num\u00e9rique \u00e0 venir pour le SATH avec l&rsquo;exclusion temporaire de Lilou Begon. Le club alsacien est tr\u00e8s (trop?) souvent sanctionn\u00e9.<\/p>\n<p>&#13;<br \/>\n    &#13;<br \/>\n    &#13;<\/p>\n<p>            &#13;<br \/>\n    &#13;<br \/>\n    &#13;<br \/>\n    <a href=\"https:\/\/cdn-s-www.dna.fr\/images\/72162556-2072-443b-9ab2-8dc5e3387770\/NW_raw\/que-de-cartons-a-destination-du-sath-photo-antonin-utz-1746643116.jpg\" title=\"Que de cartons \u00e0 destination du SATH ! Photo Antonin Utz\" class=\"chocolat-image GA-tracking\" data-ga_type=\"click\" data-ga_category=\"D\u00e9tail\" data-ga_action=\"zoomer\" data-ga_label=\"aggrandir image\" rel=\"nofollow noopener\" target=\"_blank\">&#13;<br \/>\n        <img src=\"https:\/\/www.europesays.com\/fr\/wp-content\/uploads\/2025\/05\/que-de-cartons-a-destination-du-sath-photo-antonin-utz-1746643116.jpg\"   alt=\"Que de cartons \u00e0 destination du SATH ! Photo Antonin Utz\" fetchpriority=\"high\" decoding=\"async\" data-mobile=\"NW_listA_M|1746643116\" data-base=\"NW_listA|1746643116\"\/>&#13;<br \/>\n    <\/a>&#13;<br \/>\n    Que de cartons \u00e0 destination du SATH ! Photo Antonin Utz<br \/>\n    \t    &#13;\n            <\/li>\n<p>&#13;<br \/>\n                    &#13;<\/p>\n<li id=\"80e13424-e149-4dbb-b206-f2c6db0ce0d4\" class=\"instant Intermediate Black hasTeam\" data-team-name=\"Strasbourg ATH\">&#13;<br \/>\n&#13;<\/p>\n<p class=\"instantHeadline HandballGoal icon\">10 &#8211; 13 <\/p>\n<p>&#13;<br \/>\n    &#13;<br \/>\n            Le sixi\u00e8me but pour Hanna Ahlen&#13;<br \/>\n    &#13;<br \/>\n    &#13;<\/p>\n<p>La Su\u00e9doise ram\u00e8ne le SATH \u00e0 trois buts.<\/p>\n<p>\t    &#13;\n            <\/li>\n<p>&#13;<br \/>\n                    &#13;<\/p>\n<li id=\"8d0841d1-3dca-474e-8ce6-2bba5be44503\" class=\"instant Basic Black hasTeam\" data-team-name=\"Strasbourg ATH\">&#13;<br \/>\n&#13;<\/p>\n<p class=\"instantHeadline HandballGoal icon\">9 &#8211; 12 <\/p>\n<p>&#13;<br \/>\n    &#13;<\/p>\n<p>Hanna Ahlen est tr\u00e8s efficace ce soir. C&rsquo;est son cinqui\u00e8me but.<\/p>\n<p>&#13;<br \/>\n    &#13;\n    <\/li>\n<p>&#13;<br \/>\n                    &#13;<\/p>\n<li id=\"12747de8-5a08-4a91-94bd-b827e6f13457\" class=\"instant Basic Black hasTeam\" data-team-name=\"Strasbourg ATH\">&#13;<br \/>\n&#13;<\/p>\n<p class=\"instantHeadline HandballGoal icon\">8 &#8211; 11 <\/p>\n<p>&#13;<br \/>\n    &#13;<\/p>\n<p>Margaux Imhof marque son premier but, dans un angle tr\u00e8s ferm\u00e9 sur son aile gauche.<\/p>\n<p>&#13;<br \/>\n    &#13;\n    <\/li>\n<p>&#13;<br \/>\n                    &#13;<\/p>\n<li id=\"ccb8521e-788d-4988-8340-a456b1089a25\" class=\"instant Basic White hasTeam\" data-team-name=\"Brest Bretagne Handball\">&#13;<br \/>\n&#13;<\/p>\n<p class=\"instantHeadline HandballPenalty icon\">7 &#8211; 11 <\/p>\n<p>&#13;<br \/>\n    &#13;<\/p>\n<p>Nouveau penalty transform\u00e9 par Juliette Faure. Les Brestoises en ont obtenu beaucoup. Jan Basny est furieux, et on le comprend un peu.<\/p>\n<p>&#13;<br \/>\n    &#13;<br \/>\n    &#13;<\/p>\n<p>            &#13;<br \/>\n    &#13;<br \/>\n    &#13;<br \/>\n    <a href=\"https:\/\/cdn-s-www.dna.fr\/images\/93c429b3-058d-48ef-82b0-2475f85a298e\/NW_raw\/et-un-nouveau-penalty-pour-brest-transforme-par-l-inevitable-juliette-faure-photo-antonin-utz-1746643045.jpg\" title=\"Et un nouveau penalty pour Brest, transform\u00e9 par l&#039;in\u00e9vitable Juliette Faure. Photo Antonin Utz\" class=\"chocolat-image GA-tracking\" data-ga_type=\"click\" data-ga_category=\"D\u00e9tail\" data-ga_action=\"zoomer\" data-ga_label=\"aggrandir image\" rel=\"nofollow noopener\" target=\"_blank\">&#13;<br \/>\n        <img src=\"https:\/\/www.europesays.com\/fr\/wp-content\/uploads\/2025\/05\/et-un-nouveau-penalty-pour-brest-transforme-par-l-inevitable-juliette-faure-photo-antonin-utz-174664.jpeg\"   alt=\"Et un nouveau penalty pour Brest, transform\u00e9 par l'in\u00e9vitable Juliette Faure. Photo Antonin Utz\" fetchpriority=\"high\" decoding=\"async\" data-mobile=\"NW_listA_M|1746643045\" data-base=\"NW_listA|1746643045\"\/>&#13;<br \/>\n    <\/a>&#13;<br \/>\n    Et un nouveau penalty pour Brest, transform\u00e9 par l&rsquo;in\u00e9vitable Juliette Faure. Photo Antonin Utz<br \/>\n    \t    &#13;\n            <\/li>\n<p>&#13;<br \/>\n                    &#13;<\/p>\n<li id=\"7ba7a709-8d49-49f4-852a-7e901bd79cda\" class=\"instant Intermediate Black hasTeam\" data-team-name=\"Strasbourg ATH\">&#13;<br \/>\n&#13;<\/p>\n<p class=\"instantHeadline HandballTimeout icon\">7 &#8211; 10 <\/p>\n<p>&#13;<br \/>\n    &#13;<br \/>\n            Temps mort pour le Strasbourg ATH&#13;<br \/>\n    &#13;<br \/>\n    &#13;<\/p>\n<p>Jan Basny pose son premier temps mort. Son \u00e9quipe a une balle pour revenir \u00e0 deux buts.<\/p>\n<p>\t    &#13;\n            <\/li>\n<p>&#13;<br \/>\n                    &#13;<\/p>\n<li id=\"75af94bd-bb1b-46a7-8fe4-80b2218b4078\" class=\"instant Basic Black hasTeam\" data-team-name=\"Strasbourg ATH\">&#13;<br \/>\n&#13;<\/p>\n<p class=\"instantHeadline HandballGoal icon\">7 &#8211; 10 <\/p>\n<p>&#13;<br \/>\n    &#13;<\/p>\n<p>Pas pour longtemps avec ce but sign\u00e9 Dalila Abdesselam, son premier de la soir\u00e9e.<\/p>\n<p>&#13;<br \/>\n    &#13;<br \/>\n    &#13;<\/p>\n<p>            &#13;<br \/>\n    &#13;<br \/>\n    &#13;<br \/>\n    <a href=\"https:\/\/cdn-s-www.dna.fr\/images\/2e44bce7-69c5-44a8-ac95-b780e40e1294\/NW_raw\/dalila-abdesselam-debloque-son-compteur-photo-antonin-utz-1746642675.jpg\" title=\"Dalila Abdesselam d\u00e9bloque son compteur. Photo Antonin Utz\" class=\"chocolat-image GA-tracking\" data-ga_type=\"click\" data-ga_category=\"D\u00e9tail\" data-ga_action=\"zoomer\" data-ga_label=\"aggrandir image\" rel=\"nofollow noopener\" target=\"_blank\">&#13;<br \/>\n        <img src=\"https:\/\/www.europesays.com\/fr\/wp-content\/uploads\/2025\/05\/dalila-abdesselam-debloque-son-compteur-photo-antonin-utz-1746642675.jpg\"   alt=\"Dalila Abdesselam d\u00e9bloque son compteur. Photo Antonin Utz\" fetchpriority=\"high\" decoding=\"async\" data-mobile=\"NW_listA_M|1746642675\" data-base=\"NW_listA|1746642675\"\/>&#13;<br \/>\n    <\/a>&#13;<br \/>\n    Dalila Abdesselam d\u00e9bloque son compteur. Photo Antonin Utz<br \/>\n    \t    &#13;\n            <\/li>\n<p>&#13;<br \/>\n                    &#13;<\/p>\n<li id=\"2361455f-a377-4598-9fb9-7fbb89c27986\" class=\"instant Basic White hasTeam\" data-team-name=\"Brest Bretagne Handball\">&#13;<br \/>\n&#13;<\/p>\n<p class=\"instantHeadline HandballGoal icon\">6 &#8211; 10 <\/p>\n<p>&#13;<br \/>\n    &#13;<\/p>\n<p>M\u00e9line Nocandy redonne quatre buts d&rsquo;avance \u00e0 Brest.<\/p>\n<p>&#13;<br \/>\n    &#13;\n    <\/li>\n<p>&#13;<br \/>\n                    &#13;<\/p>\n<li id=\"eae7d662-847f-408f-8037-1af50d52cd8b\" class=\"instant Intermediate Black hasTeam\" data-team-name=\"Strasbourg ATH\">&#13;<br \/>\n&#13;<\/p>\n<p class=\"instantHeadline HandballGoal icon\">6 &#8211; 9 <\/p>\n<p>&#13;<br \/>\n    &#13;<br \/>\n            Le doubl\u00e9 pour Lisa Vlug !&#13;<br \/>\n    &#13;<br \/>\n    &#13;<\/p>\n<p>Brest est un peu moins efficace, il faut en profiter\u00a0!<\/p>\n<p>\t    &#13;\n            <\/li>\n<p>&#13;<br \/>\n                    &#13;<\/p>\n<li id=\"44729336-a334-4074-be61-bef530796b02\" class=\"instant Basic Black hasTeam\" data-team-name=\"Strasbourg ATH\">&#13;<br \/>\n&#13;<\/p>\n<p class=\"instantHeadline HandballGoal icon\">5 &#8211; 9 <\/p>\n<p>&#13;<br \/>\n    &#13;<\/p>\n<p>Les Alsaciennes continuent d&rsquo;insister, \u00e0 l&rsquo;image de Lisa Vlug.<\/p>\n<p>&#13;<br \/>\n    &#13;\n    <\/li>\n<p>&#13;<br \/>\n                    &#13;<\/p>\n<li id=\"f4a435cd-8204-407f-be4f-6cb80431c79d\" class=\"instant Basic White hasTeam\" data-team-name=\"Brest Bretagne Handball\">&#13;<br \/>\n&#13;<\/p>\n<p class=\"instantHeadline HandballGoal icon\">4 &#8211; 9 <\/p>\n<p>&#13;<br \/>\n    &#13;<\/p>\n<p>Juliette Faure poursuit son sans-faute sur penalty (19e).<\/p>\n<p>&#13;<br \/>\n    &#13;\n    <\/li>\n<p>&#13;<br \/>\n                    &#13;<\/p>\n<li id=\"803daca3-472d-4589-b619-ec0d37add243\" class=\"instant Highlight Black hasTeam\" data-team-name=\"Strasbourg ATH\">&#13;<br \/>\n&#13;<\/p>\n<p class=\"instantHeadline  icon\">4 &#8211; 8 <\/p>\n<p>&#13;<br \/>\n    &#13;<br \/>\n            Hanna Ahlen sur penalty pour relancer le SATH&#13;<br \/>\n    &#13;<br \/>\n    &#13;<\/p>\n<p>Le Strasbourg ATH n&rsquo;avait plus marqu\u00e9 depuis dix longues minutes&#8230;<\/p>\n<p>\t    &#13;\n            <\/li>\n<p>&#13;<br \/>\n                    &#13;<\/p>\n<li id=\"19512c59-1b9e-4a19-a946-689b64c2e6e3\" class=\"instant Basic White hasTeam\" data-team-name=\"Brest Bretagne Handball\">&#13;<br \/>\n&#13;<\/p>\n<p class=\"instantHeadline HandballGoal icon\">3 &#8211; 8 <\/p>\n<p>&#13;<br \/>\n    &#13;<\/p>\n<p>Kristina Novak accentue l&rsquo;avance brestoise.<\/p>\n<p>&#13;<br \/>\n    &#13;\n    <\/li>\n<p>&#13;<br \/>\n                    &#13;<\/p>\n<li id=\"45d31323-b52b-4774-88e4-aa7eea8485d8\" class=\"instant Basic  \">&#13;<br \/>\n&#13;<\/p>\n<p class=\"instantHeadline Default \">20:19<\/p>\n<p>&#13;<br \/>\n    &#13;<\/p>\n<p>Il y a quelques si\u00e8ges vides, mais il y a surtout largement plus de 5000 spectateurs ce soir au Rhenus. Ils \u00e9taient plus de 7000 \u00e0 la Meinau un peu plus t\u00f4t dans la journ\u00e9e, le sport f\u00e9minin a la cote en Alsace.<\/p>\n<p>&#13;<br \/>\n    &#13;\n    <\/li>\n<p>&#13;<br \/>\n                    &#13;<\/p>\n<li id=\"a8569e7a-b109-4b4e-a871-942f33e8a99c\" class=\"instant Highlight White hasTeam\" data-team-name=\"Brest Bretagne Handball\">&#13;<br \/>\n&#13;<\/p>\n<p class=\"instantHeadline  icon\">3 &#8211; 7 <\/p>\n<p>&#13;<br \/>\n    &#13;<br \/>\n            Brest fait le break&#13;<br \/>\n    &#13;<br \/>\n    &#13;<\/p>\n<p>Troisi\u00e8me penalty r\u00e9ussi par Juliette Faure (14e).<\/p>\n<p>\t    &#13;\n            <\/li>\n<p>&#13;<br \/>\n                    &#13;<\/p>\n<li id=\"430ea40e-f0fa-466a-b6ae-62270376c200\" class=\"instant Basic  \">&#13;<br \/>\n&#13;<\/p>\n<p class=\"instantHeadline Default \">3 &#8211; 6 <\/p>\n<p>&#13;<br \/>\n    &#13;<\/p>\n<p>Dalila Abdesselam \u00e9cope \u00e0 son tour de deux minutes d&rsquo;exclusion. Le Rhenus gronde.<\/p>\n<p>&#13;<br \/>\n    &#13;\n    <\/li>\n<p>&#13;<br \/>\n                    &#13;<\/p>\n<li id=\"3431e669-e895-4cae-85d2-e875b40a8f48\" class=\"instant Basic White hasTeam\" data-team-name=\"Brest Bretagne Handball\">&#13;<br \/>\n&#13;<\/p>\n<p class=\"instantHeadline HandballPenalty icon\">3 &#8211; 6 <\/p>\n<p>&#13;<br \/>\n    &#13;<\/p>\n<p>Nouveau penalty transform\u00e9 par Juliette Faure. Et le SATH sera en inf\u00e9riorit\u00e9 num\u00e9rique pendant deux minutes, B\u00fcsra Isikhan ayant \u00e9cop\u00e9 d&rsquo;une exclusion temporaire.<\/p>\n<p>&#13;<br \/>\n    &#13;\n    <\/li>\n<p>&#13;<br \/>\n                    &#13;<\/p>\n<li id=\"30d05f3c-310a-4df4-8c1e-f883bad481b7\" class=\"instant Basic Black hasTeam\" data-team-name=\"Strasbourg ATH\">&#13;<br \/>\n&#13;<\/p>\n<p class=\"instantHeadline Default \">3 &#8211; 5 <\/p>\n<p>&#13;<br \/>\n    &#13;<\/p>\n<p>Le Strasbourg ATH r\u00e9cup\u00e8re des ballons, mais n&rsquo;en fait pas toujours bon usage en attaque, \u00e0 l&rsquo;image de ce tir \u00e0 c\u00f4t\u00e9 de Candice Maurin.<\/p>\n<p>&#13;<br \/>\n    &#13;\n    <\/li>\n<p>&#13;<br \/>\n                    &#13;<\/p>\n<li id=\"13f05959-8efe-4f93-9dc8-0f385cd01c98\" class=\"instant Basic Black hasTeam\" data-team-name=\"Strasbourg ATH\">&#13;<br \/>\n&#13;<\/p>\n<p class=\"instantHeadline Default \">3 &#8211; 5 <\/p>\n<p>&#13;<br \/>\n    &#13;<\/p>\n<p>Nouvel arr\u00eat pour L\u00e9a Fargues face \u00e0 Oriane Ondono, la pivot de l&rsquo;\u00e9quipe de France, seule \u00e0 six m\u00e8tres.<\/p>\n<p>&#13;<br \/>\n    &#13;\n    <\/li>\n<p>&#13;<br \/>\n                    &#13;<\/p>\n<li id=\"2082a74b-344e-4316-8545-7e8e3dca471a\" class=\"instant Basic White hasTeam\" data-team-name=\"Brest Bretagne Handball\">&#13;<br \/>\n&#13;<\/p>\n<p class=\"instantHeadline HandballPenalty icon\">3 &#8211; 5 <\/p>\n<p>&#13;<br \/>\n    &#13;<\/p>\n<p>Juliette Faure, avec l&rsquo;aide du poteau, transforme cette fois le penalty accord\u00e9 \u00e0 Brest.<\/p>\n<p>&#13;<br \/>\n    &#13;\n    <\/li>\n<p>&#13;<br \/>\n                    &#13;<\/p>\n<li id=\"2aed16ce-2d72-4146-aa8a-510344bad852\" class=\"instant Intermediate Black hasTeam\" data-team-name=\"Strasbourg ATH\">&#13;<br \/>\n&#13;<\/p>\n<p class=\"instantHeadline HandballGoal icon\">3 &#8211; 4 <\/p>\n<p>&#13;<br \/>\n    &#13;<br \/>\n            Le tripl\u00e9 pour Hanna Ahlen !&#13;<br \/>\n    &#13;<br \/>\n    &#13;<\/p>\n<p>L&rsquo;arri\u00e8re gauche su\u00e9doise a le bras chaud. Et le SATH se procure une balle d&rsquo;\u00e9galisation.<\/p>\n<p>\t    &#13;\n            <\/li>\n<p>&#13;<br \/>\n                    &#13;<\/p>\n<li id=\"0c926948-8c0f-4f2f-834c-48e1f057379b\" class=\"instant Basic White hasTeam\" data-team-name=\"Brest Bretagne Handball\">&#13;<br \/>\n&#13;<\/p>\n<p class=\"instantHeadline HandballGoal icon\">2 &#8211; 4 <\/p>\n<p>&#13;<br \/>\n    &#13;<\/p>\n<p>Clarisse Mairot r\u00e9pond \u00e0 Hanna Ahlen.<\/p>\n<p>&#13;<br \/>\n    &#13;\n    <\/li>\n<p>&#13;<br \/>\n                    &#13;<\/p>\n<li id=\"79a09829-7517-4c04-8024-fab3cf840822\" class=\"instant Intermediate Black hasTeam\" data-team-name=\"Strasbourg ATH\">&#13;<br \/>\n&#13;<\/p>\n<p class=\"instantHeadline HandballPenalty icon\">1 &#8211; 3 <\/p>\n<p>&#13;<br \/>\n    &#13;<br \/>\n            L\u00e9a Fargues !!!!!!&#13;<br \/>\n    &#13;<br \/>\n    &#13;<\/p>\n<p>La gardienne des Piraths d\u00e9tourne le penalty de Clarisse Mairot, puis s&rsquo;interpose encore sur la deuxi\u00e8me tentative de la demi-centre brestoise, qui avait r\u00e9cup\u00e9r\u00e9 la balle.<\/p>\n<p>\t    &#13;\n            <\/li>\n<p>&#13;<br \/>\n                    &#13;<\/p>\n<li id=\"06466be0-373b-43cd-9d33-1f295e28c9e8\" class=\"instant Basic White hasTeam\" data-team-name=\"Brest Bretagne Handball\">&#13;<br \/>\n&#13;<\/p>\n<p class=\"instantHeadline HandballGoal icon\">1 &#8211; 3 <\/p>\n<p>&#13;<br \/>\n    &#13;<\/p>\n<p>Clarisse Mairot trompe une nouvelle fois la vigilance de la d\u00e9fense alsacienne.<\/p>\n<p>&#13;<br \/>\n    &#13;\n    <\/li>\n<p>&#13;<br \/>\n                    &#13;<\/p>\n<li id=\"54258f62-9a27-4183-9b55-88277d8fdc56\" class=\"instant Intermediate Black hasTeam\" data-team-name=\"Strasbourg ATH\">&#13;<br \/>\n&#13;<\/p>\n<p class=\"instantHeadline HandballGoal icon\">1 &#8211; 2 <\/p>\n<p>&#13;<br \/>\n    &#13;<br \/>\n            Hanna Ahlen d\u00e9bloque le compteur des Piraths&#13;<br \/>\n    &#13;\n    <\/li>\n<p>&#13;<br \/>\n                    &#13;<\/p>\n<li id=\"241d6312-2133-4d0a-af98-4d4e05e84158\" class=\"instant Basic White hasTeam\" data-team-name=\"Brest Bretagne Handball\">&#13;<br \/>\n&#13;<\/p>\n<p class=\"instantHeadline HandballGoal icon\">0 &#8211; 2 <\/p>\n<p>&#13;<br \/>\n    &#13;<\/p>\n<p>Mais elle ne peut rien sur le tir de M\u00e9line Nocandy, partie seule en contre-attaque apr\u00e8s une perte de balle alsacienne.<\/p>\n<p>&#13;<br \/>\n    &#13;\n    <\/li>\n<p>&#13;<br \/>\n                    &#13;<\/p>\n<li id=\"93548604-1533-4d46-82cc-d64b21c65499\" class=\"instant Intermediate Black hasTeam\" data-team-name=\"Strasbourg ATH\">&#13;<br \/>\n&#13;<\/p>\n<p class=\"instantHeadline Default \">0 &#8211; 1 <\/p>\n<p>&#13;<br \/>\n    &#13;<br \/>\n            Premier arr\u00eat pour L\u00e9a Fargues&#13;<br \/>\n    &#13;<br \/>\n    &#13;<\/p>\n<p>La gardienne du SATH est souvent inspir\u00e9e au Rhenus. Encore une fois ce soir\u00a0?<\/p>\n<p>\t    &#13;\n            <\/li>\n<p>&#13;<br \/>\n                    &#13;<\/p>\n<li id=\"09220b77-32bc-42ea-81a6-e41e1b79250f\" class=\"instant Basic Black hasTeam\" data-team-name=\"Strasbourg ATH\">&#13;<br \/>\n&#13;<\/p>\n<p class=\"instantHeadline Default \">0 &#8211; 1 <\/p>\n<p>&#13;<br \/>\n    &#13;<\/p>\n<p>Dalila Abdesselam trouve la barre transversale sur l&rsquo;action suivante.<\/p>\n<p>&#13;<br \/>\n    &#13;\n    <\/li>\n<p>&#13;<br \/>\n                    &#13;<\/p>\n<li id=\"e4dad378-0786-4075-8387-9dd1c2e4bc58\" class=\"instant Intermediate White hasTeam\" data-team-name=\"Brest Bretagne Handball\">&#13;<br \/>\n&#13;<\/p>\n<p class=\"instantHeadline HandballGoal icon\">0 &#8211; 1 <\/p>\n<p>&#13;<br \/>\n    &#13;<br \/>\n            Le premier but du match est sign\u00e9 Clarisse Mairot pour Brest&#13;<br \/>\n    &#13;\n    <\/li>\n<p>&#13;<br \/>\n                    &#13;<\/p>\n<li id=\"81e242b2-d636-44b2-8851-7517c9abcfeb\" class=\"instant Intermediate  \">&#13;<br \/>\n&#13;<\/p>\n<p class=\"instantHeadline HandballGameStart icon\">0 &#8211; 0 <\/p>\n<p>&#13;<br \/>\n    &#13;<br \/>\n            C&rsquo;est parti !&#13;<br \/>\n    &#13;\n    <\/li>\n<p>&#13;<br \/>\n                    &#13;<\/p>\n<li id=\"6aee5732-179d-4c96-bcb3-a3be0c556b32\" class=\"instant Basic  \">&#13;<br \/>\n&#13;<\/p>\n<p class=\"instantHeadline Default \">20:01<\/p>\n<p>&#13;<br \/>\n    &#13;<\/p>\n<p>L\u00e9a Fargues a pris place dans le but des Piraths. Pour Brest, c&rsquo;est Katharina Filter qui va d\u00e9marrer la rencontre.<\/p>\n<p>&#13;<br \/>\n    &#13;\n    <\/li>\n<p>&#13;<br \/>\n                    &#13;<\/p>\n<li id=\"c99e4c02-2832-4803-865a-e26aa954315c\" class=\"instant Basic Black hasTeam\" data-team-name=\"Strasbourg ATH\">&#13;<br \/>\n&#13;<\/p>\n<p class=\"instantHeadline Default \">20:00<\/p>\n<p>&#13;<br \/>\n    &#13;<\/p>\n<p>Les encouragements sont encore plus nourris pour les Alsaciennes. De quoi leur donner des ailes pour r\u00e9aliser un exploit XXL?<\/p>\n<p>&#13;<br \/>\n    &#13;\n    <\/li>\n<p>&#13;<br \/>\n                    &#13;<\/p>\n<li id=\"f9434f72-db25-40ef-b96a-7c5d7137687c\" class=\"instant Intermediate Black hasTeam\" data-team-name=\"Strasbourg ATH\">&#13;<br \/>\n&#13;<\/p>\n<p class=\"instantHeadline Default \">19:58<\/p>\n<p>&#13;<br \/>\n    &#13;<br \/>\n            L&rsquo;\u00e9quipe du Strasbourg ATH&#13;<br \/>\n    &#13;<br \/>\n    &#13;<\/p>\n<p>36. Typhanie Perrin et 53. L\u00e9a Fargues au but. 4. Agathe Clerc, 5. Julia Mauffrey, 6. Lilou Begon, 13. Charl\u00e8ne Guerrier, 21. Lisa Vlug, 22. Hanna Ahlen, 26. Dalila Abdesselam (cap.), 30. Candice Maurin, 42. Emma Tuccella, 47. B\u00fcsra Isikhan, 67. Sarah Muller, 72. Margaux Imhof.<\/p>\n<p>\t    &#13;\n            <\/li>\n<p>&#13;<br \/>\n                    &#13;<\/p>\n<li id=\"852f4a1d-5e19-42b8-9a48-bc753f288c89\" class=\"instant Basic White hasTeam\" data-team-name=\"Brest Bretagne Handball\">&#13;<br \/>\n&#13;<\/p>\n<p class=\"instantHeadline Default \">19:56<\/p>\n<p>&#13;<br \/>\n    &#13;<\/p>\n<p>Les Brestoises, notamment les nombreuses internationales fran\u00e7aises, ont \u00e9t\u00e9 chaleureusement applaudies par le public du Rhenus \u00e0 leur entr\u00e9e sur le terrain.<\/p>\n<p>&#13;<br \/>\n    &#13;\n    <\/li>\n<p>&#13;<br \/>\n                    &#13;<\/p>\n<li id=\"68f9b6f0-eef0-4f57-a372-cf419b395ee1\" class=\"instant Intermediate White hasTeam\" data-team-name=\"Brest Bretagne Handball\">&#13;<br \/>\n&#13;<\/p>\n<p class=\"instantHeadline Default \">19:55<\/p>\n<p>&#13;<br \/>\n    &#13;<br \/>\n            L&rsquo;\u00e9quipe de Brest&#13;<br \/>\n    &#13;<br \/>\n    &#13;<\/p>\n<p>12. Floriane Andr\u00e9 et 24. Katharina Filter au but. 2. M\u00e9line Nocandy, 8. Clarisse Mairot, 10. Coralie Lassource, 11. Oriane Ondono, 14. Kristina Novak, 15. Juliette Faure, 21. Laura Kanor, 22. Pauletta Foppa, 23. Annika Lott, 55. Pauline Coatan\u00e9a (cap.), 63. Eva Jarrige, 75. Audrey Demb\u00e9l\u00e9.<\/p>\n<p>\t    &#13;\n            <\/li>\n<p>&#13;<br \/>\n                    &#13;<\/p>\n<li id=\"5306475d-653e-4590-a680-74ff1acdf0ac\" class=\"instant Basic White hasTeam\" data-team-name=\"Brest Bretagne Handball\">&#13;<br \/>\n&#13;<\/p>\n<p class=\"instantHeadline Default \">19:53<\/p>\n<p>&#13;<br \/>\n    &#13;<\/p>\n<p>Brest est deuxi\u00e8me du championnat, \u00e0 deux points du leader messin. Le club breton a \u00e9t\u00e9 \u00e9limin\u00e9 en quart de finale de la Ligue des champions et en demi-finale de la Coupe de France, les deux fois par&#8230; leurs grandes rivales lorraines. Et avant les retrouvailles dimanche en Bretagne, qui d\u00e9cideront sans aucun doute du titre de champion, Brest ne doit pas laisser filer des points contre le Strasbourg ATH.<\/p>\n<p>&#13;<br \/>\n    &#13;\n    <\/li>\n<p>&#13;<br \/>\n                    &#13;<\/p>\n<li id=\"dd858356-7037-467b-89fb-ee54e4c11bf1\" class=\"instant Basic Black hasTeam\" data-team-name=\"Strasbourg ATH\">&#13;<br \/>\n&#13;<\/p>\n<p class=\"instantHeadline Default \">19:50<\/p>\n<p>&#13;<br \/>\n    &#13;<\/p>\n<p>Le Strasbourg ATH, qui occupe la huiti\u00e8me place, reste sur trois d\u00e9faites. Mais Dalila Abdesselam et ses co\u00e9quipi\u00e8res sont assur\u00e9es du maintien en D1.<\/p>\n<p>&#13;<br \/>\n    &#13;\n    <\/li>\n<p>&#13;<br \/>\n                    &#13;<\/p>\n<li id=\"b436626d-e790-466e-87a2-772a0d00c59b\" class=\"instant Basic Black hasTeam\" data-team-name=\"Strasbourg ATH\">&#13;<br \/>\n&#13;<\/p>\n<p class=\"instantHeadline Default \">19:49<\/p>\n<p>&#13;<br \/>\n    &#13;<\/p>\n<p>Le Strasbourg ATH devra faire sans les aili\u00e8res Lidija Cvijic et Eve Barlet.<\/p>\n<p>&#13;<br \/>\n    &#13;\n    <\/li>\n<p>&#13;<br \/>\n                    &#13;<\/p>\n<li id=\"ab22de80-a75f-4297-bb77-8f30da3f786d\" class=\"instant Intermediate White hasTeam\" data-team-name=\"Brest Bretagne Handball\">&#13;<br \/>\n&#13;<\/p>\n<p class=\"instantHeadline Default \">19:48<\/p>\n<p>&#13;<br \/>\n    &#13;<br \/>\n            Anna Vyakhireva n&rsquo;est pas \u00e0 Strasbourg&#13;<br \/>\n    &#13;<br \/>\n    &#13;<\/p>\n<p>La star russe de Brest n&rsquo;a pas fait le d\u00e9placement en Alsace. L&rsquo;arri\u00e8re droite, v\u00e9ritable artiste de la petite balle ronde, souffre du dos et a \u00e9t\u00e9 laiss\u00e9e au repos par son entra\u00eeneure Rapha\u00eblle Tervel. Dommage&#8230;<\/p>\n<p>\t    &#13;\n            <\/li>\n<p>&#13;<br \/>\n                    &#13;<\/p>\n<li id=\"929977f7-ca35-4513-a7f9-2310e98fc9c3\" class=\"instant Basic  \">&#13;<br \/>\n&#13;<\/p>\n<p class=\"instantHeadline Default \">19:47<\/p>\n<p>&#13;<br \/>\n    &#13;<\/p>\n<p>Le match aller s&rsquo;est jou\u00e9 le 15 janvier, le SATH s&rsquo;\u00e9tait inclin\u00e9 en Bretagne (33-25), mais n&rsquo;\u00e9tait men\u00e9 que de deux buts (25-23) \u00e0 dix minutes de la fin.<\/p>\n<p>&#13;<br \/>\n    &#13;\n    <\/li>\n<p>&#13;<br \/>\n                    &#13;<\/p>\n<li id=\"35a9dd88-eefa-4df8-b5d4-e9eea78283c0\" class=\"instant Basic  \">&#13;<br \/>\n&#13;<\/p>\n<p class=\"instantHeadline Default \">19:44<\/p>\n<p>&#13;<br \/>\n    &#13;<\/p>\n<p>Les deux \u00e9quipes sont \u00e0 l&rsquo;\u00e9chauffement, le Rhenus se remplit progressivement.<\/p>\n<p>&#13;<br \/>\n    &#13;\n    <\/li>\n<p>&#13;<br \/>\n                    &#13;<\/p>\n<li id=\"1684ca33-b195-45a8-a134-084aaca5d937\" class=\"instant Intermediate Black hasTeam\" data-team-name=\"Strasbourg ATH\">&#13;<br \/>\n&#13;<\/p>\n<p class=\"instantHeadline Default \">19:43<\/p>\n<p>&#13;<br \/>\n    &#13;<br \/>\n            Plus de 5000 spectateurs attendus&#13;<br \/>\n    &#13;<br \/>\n    &#13;<\/p>\n<p>Le SATH a encore attir\u00e9 la foule. On rappelle que le club alsacien d\u00e9tient le record d&rsquo;affluence pour un match de D1 f\u00e9minine avec 5616 spectateurs. Sera-t-il \u00e9gal\u00e9 ce soir\u00a0?<\/p>\n<p>\t    &#13;\n            <\/li>\n<p>&#13;<br \/>\n                    &#13;<\/p>\n<li id=\"742a850a-9f41-4398-a845-b7e4606318e4\" class=\"instant Basic Black hasTeam\" data-team-name=\"Strasbourg ATH\">&#13;<br \/>\n&#13;<\/p>\n<p class=\"instantHeadline Default \">19:39<\/p>\n<p>&#13;<br \/>\n    &#13;<\/p>\n<p>C&rsquo;est la quatri\u00e8me fois que le club alsacien se d\u00e9localise au Rhenus. Les Piraths ont d&rsquo;abord affront\u00e9 Metz, le meilleur club fran\u00e7ais, pour deux d\u00e9faites logiques. Mais les joueuses de Jan Basny et Louis Chaudeur ont domin\u00e9 le Paris 92 en f\u00e9vrier lors de leur derni\u00e8re sortie dans la salle strasbourgeoise (21-20).<\/p>\n<p>&#13;<br \/>\n    &#13;\n    <\/li>\n<p>&#13;<br \/>\n                    &#13;<\/p>\n<li id=\"c1a23d09-f077-4791-860d-e9e3fdea369b\" class=\"instant Basic  \">&#13;<br \/>\n&#13;<\/p>\n<p class=\"instantHeadline Default \">19:38<\/p>\n<p>&#13;<br \/>\n    &#13;<\/p>\n<p>Apr\u00e8s la victoire des joueuses du Racing, qui ont arrach\u00e9 leur maintien dans l&rsquo;\u00e9lite du football, place au handball et \u00e0 cette affiche entre le Strasbourg ATH et Brest.<\/p>\n<p>&#13;<br \/>\n    &#13;\n    <\/li>\n<p>&#13;<br \/>\n                    &#13;<\/p>\n<li id=\"aa01f064-dd9f-407b-9dea-fa305e3b9194\" class=\"instant Basic  \">&#13;<br \/>\n&#13;<\/p>\n<p class=\"instantHeadline Default \">19:37<\/p>\n<p>&#13;<br \/>\n    &#13;<\/p>\n<p>Bonsoir \u00e0 toutes et \u00e0 tous. La belle journ\u00e9e de sport f\u00e9minin se poursuit sur notre site<\/p>\n<p>&#13;<br \/>\n    &#13;\n    <\/li>\n<p>&#13;<\/p>\n","protected":false},"excerpt":{"rendered":"&#13; &#13; &#13; &#13; 19 &#8211; 32 &#13; &#13; Merci de nous avoir suivis, on vous souhaite une&hellip;\n","protected":false},"author":2,"featured_media":82718,"comment_status":"","ping_status":"","sticky":false,"template":"","format":"standard","meta":{"footnotes":""},"categories":[2820],"tags":[1111,11,2389,2649,3545,1777,674,107,1011,27,775,1792,3544,12,25,517,640,12904],"class_list":{"0":"post-82717","1":"post","2":"type-post","3":"status-publish","4":"format-standard","5":"has-post-thumbnail","7":"category-strasbourg","8":"tag-actu","9":"tag-actualites","10":"tag-alsace","11":"tag-bas-rhin","12":"tag-direct-sport","13":"tag-eu","14":"tag-europe","15":"tag-fil-info","16":"tag-fr","17":"tag-france","18":"tag-grand-est","19":"tag-handball","20":"tag-matchs-en-direct","21":"tag-news","22":"tag-republique-francaise","23":"tag-sport","24":"tag-strasbourg","25":"tag-strasbourg-ath"},"share_on_mastodon":{"url":"https:\/\/pubeurope.com\/@fr\/114468386640863902","error":""},"_links":{"self":[{"href":"https:\/\/www.europesays.com\/fr\/wp-json\/wp\/v2\/posts\/82717","targetHints":{"allow":["GET"]}}],"collection":[{"href":"https:\/\/www.europesays.com\/fr\/wp-json\/wp\/v2\/posts"}],"about":[{"href":"https:\/\/www.europesays.com\/fr\/wp-json\/wp\/v2\/types\/post"}],"author":[{"embeddable":true,"href":"https:\/\/www.europesays.com\/fr\/wp-json\/wp\/v2\/users\/2"}],"replies":[{"embeddable":true,"href":"https:\/\/www.europesays.com\/fr\/wp-json\/wp\/v2\/comments?post=82717"}],"version-history":[{"count":0,"href":"https:\/\/www.europesays.com\/fr\/wp-json\/wp\/v2\/posts\/82717\/revisions"}],"wp:featuredmedia":[{"embeddable":true,"href":"https:\/\/www.europesays.com\/fr\/wp-json\/wp\/v2\/media\/82718"}],"wp:attachment":[{"href":"https:\/\/www.europesays.com\/fr\/wp-json\/wp\/v2\/media?parent=82717"}],"wp:term":[{"taxonomy":"category","embeddable":true,"href":"https:\/\/www.europesays.com\/fr\/wp-json\/wp\/v2\/categories?post=82717"},{"taxonomy":"post_tag","embeddable":true,"href":"https:\/\/www.europesays.com\/fr\/wp-json\/wp\/v2\/tags?post=82717"}],"curies":[{"name":"wp","href":"https:\/\/api.w.org\/{rel}","templated":true}]}}