{"id":8272,"date":"2025-04-07T16:25:09","date_gmt":"2025-04-07T16:25:09","guid":{"rendered":"https:\/\/www.europesays.com\/fr\/8272\/"},"modified":"2025-04-07T16:25:09","modified_gmt":"2025-04-07T16:25:09","slug":"on-sait-enfin-pourquoi-la-buse-de-harris-attaquait-les-habitants-du-village-de-flamstead","status":"publish","type":"post","link":"https:\/\/www.europesays.com\/fr\/8272\/","title":{"rendered":"On sait enfin pourquoi la buse de Harris attaquait les habitants du village de Flamstead"},"content":{"rendered":"<p><strong>agression &#8211; Le comportement agressif de la buse de Harris captur\u00e9e \u00e0 Flamstead serait d\u00fb \u00e0 des facteurs hormonaux et \u00e0 la p\u00e9riode de nidification<\/strong><\/p>\n<p>Pendant un mois, une buse de Harris a sem\u00e9 la panique dans le village <a href=\"https:\/\/www.20minutes.fr\/dossier\/anglais\" rel=\"nofollow noopener\" target=\"_blank\" data-ylk=\"slk:anglais;elm:context_link;itc:0;sec:content-canvas\" class=\"link \">anglais<\/a> de Flamstead, au nord de Londres. <a href=\"https:\/\/www.20minutes.fr\/monde\/angleterre\/4147064-20250404-rapace-enfin-capture-apres-avoir-seme-terreur-pres-londres-pendant-semaines\" rel=\"nofollow noopener\" target=\"_blank\" data-ylk=\"slk:Ce rapace d\u2019origine sud-am\u00e9ricaine a en effet attaqu\u00e9 pr\u00e8s de cinquante personnes et envoy\u00e9 un homme \u00e0 l\u2019h\u00f4pital;elm:context_link;itc:0;sec:content-canvas\" class=\"link \">Ce rapace d\u2019origine sud-am\u00e9ricaine a en effet attaqu\u00e9 pr\u00e8s de cinquante personnes et envoy\u00e9 un homme \u00e0 l\u2019h\u00f4pital<\/a>. Mais pourquoi s\u2019en prenait-il aux humains ?<\/p>\n<p>C\u2019est Steve Harris, un habitant du village, qui a r\u00e9ussi \u00e0 capturer l\u2019<a href=\"https:\/\/www.20minutes.fr\/dossier\/oiseau\" rel=\"nofollow noopener\" target=\"_blank\" data-ylk=\"slk:oiseau;elm:context_link;itc:0;sec:content-canvas\" class=\"link \">oiseau<\/a> jeudi dernier alors qu\u2019il s\u2019\u00e9tait pos\u00e9 dans son jardin. Pour ce faire, le p\u00e8re de famille avait utilis\u00e9 une cage pr\u00eat\u00e9e par un fauconnier local. Pr\u00e9sent lors de la capture, ce dernier s\u2019est confi\u00e9 \u00e0 nos confr\u00e8res de la <a href=\"https:\/\/www.bbc.com\/news\/articles\/czx150vvd22o\" rel=\"nofollow noopener\" target=\"_blank\" data-ylk=\"slk:BBC;elm:context_link;itc:0;sec:content-canvas\" class=\"link \">BBC<\/a>.<\/p>\n<p>Un probl\u00e8me d\u2019hormones<\/p>\n<p>\u00ab Il faisait son nid, a-t-il expliqu\u00e9. Il \u00e9tait donc probablement hormonal et territorial. Cela pourrait \u00eatre l\u2019un de ces facteurs. \u00bb En effet, les buses de Harris deviennent plus agressives au <a href=\"https:\/\/www.20minutes.fr\/dossier\/printemps\" rel=\"nofollow noopener\" target=\"_blank\" data-ylk=\"slk:printemps;elm:context_link;itc:0;sec:content-canvas\" class=\"link \">printemps<\/a>, une p\u00e9riode de reproduction pendant laquelle elles ont tendance \u00e0 prot\u00e9ger leur territoire.<\/p>\n<p>\u00ab C\u2019est un oiseau \u00e9lev\u00e9 en captivit\u00e9 qu\u2019un fauconnier a perdu quelque part. Il est sauvage depuis tr\u00e8s longtemps. On le voit dans les environs depuis plus d\u2019un an maintenant \u00bb, a ajout\u00e9 le sp\u00e9cialiste.<\/p>\n<p>\u00ab Il n\u2019aime personne \u00bb<\/p>\n<p>Un autre \u00e9l\u00e9ment pourrait \u00e9galement expliquer son comportement : \u00ab Il n\u2019aime personne \u00bb, assure le fauconnier. \u00ab Il pense que tout le monde est un ennemi. \u00bb Cela est-il d\u00fb \u00e0 une forme de maltraitance pendant sa captivit\u00e9 ? Nul ne le sait, son ancien propri\u00e9taire n\u2019ayant pas \u00e9t\u00e9 identifi\u00e9.<\/p>\n<p>Toujours est-il que le fauconnier local, qui en a temporairement la charge, promet que l\u2019ani(&#8230;)<\/p>\n<p><a href=\"https:\/\/www.20minutes.fr\/monde\/4147409-20250407-royaume-uni-sait-pourquoi-buse-harris-attaquait-habitants-village-flamstead\" rel=\"nofollow noopener\" target=\"_blank\" data-ylk=\"slk:Lire la suite sur 20minutes;elm:context_link;itc:0;sec:content-canvas\" class=\"link \">Lire la suite sur 20minutes<\/a><\/p>\n<p>\u00c0 lire aussi :<br \/><a href=\"https:\/\/www.20minutes.fr\/lyon\/4141993-20250305-savoie-sens-quelque-chose-agripper-tete-coureuse-attaquee-buse\" rel=\"nofollow noopener\" target=\"_blank\" data-ylk=\"slk:Savoie : \u00ab Je sens quelque chose m\u2019agripper la t\u00eate \u00bb\u2026 Une coureuse attaqu\u00e9e par une buse;elm:context_link;itc:0;sec:content-canvas\" class=\"link \">Savoie : \u00ab Je sens quelque chose m\u2019agripper la t\u00eate \u00bb\u2026 Une coureuse attaqu\u00e9e par une buse<\/a><br \/><a href=\"https:\/\/www.20minutes.fr\/planete\/4146452-20250401-ile-souris-attaquent-oiseaux-devorent-vivants\" rel=\"nofollow noopener\" target=\"_blank\" data-ylk=\"slk:Sur cette \u00eele, les souris s\u2019attaquent aux oiseaux et les d\u00e9vorent vivants;elm:context_link;itc:0;sec:content-canvas\" class=\"link \">Sur cette \u00eele, les souris s\u2019attaquent aux oiseaux et les d\u00e9vorent vivants<\/a><\/p>\n","protected":false},"excerpt":{"rendered":"agression &#8211; Le comportement agressif de la buse de Harris captur\u00e9e \u00e0 Flamstead serait d\u00fb \u00e0 des facteurs&hellip;\n","protected":false},"author":2,"featured_media":8273,"comment_status":"","ping_status":"","sticky":false,"template":"","format":"standard","meta":{"footnotes":""},"categories":[1588],"tags":[11,3207,4354,1777,674,4353,12,3208,473,1853,4352,1851,1850,1852],"class_list":{"0":"post-8272","1":"post","2":"type-post","3":"status-publish","4":"format-standard","5":"has-post-thumbnail","7":"category-royaume-uni","8":"tag-actualites","9":"tag-buse-de-harris","10":"tag-comportement-agressif","11":"tag-eu","12":"tag-europe","13":"tag-flamstead","14":"tag-news","15":"tag-nord-de-londres","16":"tag-royaume-uni","17":"tag-royaume-uni-de-grande-bretagne-et-dirlande-du-nord","18":"tag-steve-harris","19":"tag-uk","20":"tag-united-kingdom","21":"tag-united-kingdom-of-great-britain-and-northern-ireland"},"share_on_mastodon":{"url":"https:\/\/pubeurope.com\/@fr\/114297616779139857","error":""},"_links":{"self":[{"href":"https:\/\/www.europesays.com\/fr\/wp-json\/wp\/v2\/posts\/8272","targetHints":{"allow":["GET"]}}],"collection":[{"href":"https:\/\/www.europesays.com\/fr\/wp-json\/wp\/v2\/posts"}],"about":[{"href":"https:\/\/www.europesays.com\/fr\/wp-json\/wp\/v2\/types\/post"}],"author":[{"embeddable":true,"href":"https:\/\/www.europesays.com\/fr\/wp-json\/wp\/v2\/users\/2"}],"replies":[{"embeddable":true,"href":"https:\/\/www.europesays.com\/fr\/wp-json\/wp\/v2\/comments?post=8272"}],"version-history":[{"count":0,"href":"https:\/\/www.europesays.com\/fr\/wp-json\/wp\/v2\/posts\/8272\/revisions"}],"wp:featuredmedia":[{"embeddable":true,"href":"https:\/\/www.europesays.com\/fr\/wp-json\/wp\/v2\/media\/8273"}],"wp:attachment":[{"href":"https:\/\/www.europesays.com\/fr\/wp-json\/wp\/v2\/media?parent=8272"}],"wp:term":[{"taxonomy":"category","embeddable":true,"href":"https:\/\/www.europesays.com\/fr\/wp-json\/wp\/v2\/categories?post=8272"},{"taxonomy":"post_tag","embeddable":true,"href":"https:\/\/www.europesays.com\/fr\/wp-json\/wp\/v2\/tags?post=8272"}],"curies":[{"name":"wp","href":"https:\/\/api.w.org\/{rel}","templated":true}]}}