{"id":82723,"date":"2025-05-07T20:17:12","date_gmt":"2025-05-07T20:17:12","guid":{"rendered":"https:\/\/www.europesays.com\/fr\/82723\/"},"modified":"2025-05-07T20:17:12","modified_gmt":"2025-05-07T20:17:12","slug":"le-chauffard-ivre-avait-provoque-lexplosion-dun-camion-citerne-a-nantes-et-se-vante-a-son-proces","status":"publish","type":"post","link":"https:\/\/www.europesays.com\/fr\/82723\/","title":{"rendered":"Le chauffard ivre avait provoqu\u00e9 l\u2019explosion d\u2019un camion-citerne \u00e0 Nantes&#8230; et se vante \u00e0 son proc\u00e8s"},"content":{"rendered":"<p class=\"paragraph text_align_left\">Un automobiliste a \u00e9t\u00e9 condamn\u00e9 ce mercredi 7 mai par le tribunal correctionnel de Nantes \u00e0 deux ans de prison avec sursis pour \u00ab mise en danger de la vie d\u2019autrui \u00bb et \u00ab blessures involontaires \u00bb apr\u00e8s l\u2019accident qu\u2019il avait provoqu\u00e9, qualifi\u00e9 d\u2019\u00ab apocalyptique \u00bb, sur l\u2019A83 aux Sorini\u00e8res (<a href=\"https:\/\/www.leparisien.fr\/loire-atlantique-44\/\" target=\"_blank\" rel=\"nofollow noopener\">Loire-Atlantique<\/a>) le 18 juillet 2020.<\/p>\n<p class=\"paragraph text_align_left\">Alban L. slalomait ce matin-l\u00e0 \u00ab comme un fou \u00bb au volant de sa BMW : il avait encore 1,6 g d\u2019alcool par litre de sang apr\u00e8s avoir vid\u00e9 \u00ab une demi-bouteille de vodka m\u00e9lang\u00e9e avec du Red Bull \u00bb chez un coll\u00e8gue de travail \u00ab jusqu\u2019\u00e0 4 heures du matin \u00bb. Apr\u00e8s avoir dormi \u00ab sur un canap\u00e9 \u00bb chez son h\u00f4te, \u00e0 l\u2019invitation de ce dernier, ce \u00ab conseiller financier \u00bb qui avait des fonctions de \u00ab commercial sur la route \u00bb s\u2019\u00e9tait alors brusquement r\u00e9veill\u00e9 avec \u00ab un flash \u00bb en t\u00eate, a-t-il expliqu\u00e9 : il croyait qu\u2019il devait \u00ab absolument garder (ses) filles \u00bb alors que sa compagne \u00e9tait en r\u00e9alit\u00e9 \u00ab en t\u00e9l\u00e9travail \u00bb ce jour-l\u00e0.<\/p>\n","protected":false},"excerpt":{"rendered":"Un automobiliste a \u00e9t\u00e9 condamn\u00e9 ce mercredi 7 mai par le tribunal correctionnel de Nantes \u00e0 deux ans&hellip;\n","protected":false},"author":2,"featured_media":82724,"comment_status":"","ping_status":"","sticky":false,"template":"","format":"standard","meta":{"footnotes":""},"categories":[2818],"tags":[1111,11,459,1777,674,118,1011,27,766,12,2636,25],"class_list":{"0":"post-82723","1":"post","2":"type-post","3":"status-publish","4":"format-standard","5":"has-post-thumbnail","7":"category-nantes","8":"tag-actu","9":"tag-actualites","10":"tag-departements-horsidfo","11":"tag-eu","12":"tag-europe","13":"tag-faits-divers","14":"tag-fr","15":"tag-france","16":"tag-nantes","17":"tag-news","18":"tag-pays-de-la-loire","19":"tag-republique-francaise"},"share_on_mastodon":{"url":"https:\/\/pubeurope.com\/@fr\/114468398334001547","error":""},"_links":{"self":[{"href":"https:\/\/www.europesays.com\/fr\/wp-json\/wp\/v2\/posts\/82723","targetHints":{"allow":["GET"]}}],"collection":[{"href":"https:\/\/www.europesays.com\/fr\/wp-json\/wp\/v2\/posts"}],"about":[{"href":"https:\/\/www.europesays.com\/fr\/wp-json\/wp\/v2\/types\/post"}],"author":[{"embeddable":true,"href":"https:\/\/www.europesays.com\/fr\/wp-json\/wp\/v2\/users\/2"}],"replies":[{"embeddable":true,"href":"https:\/\/www.europesays.com\/fr\/wp-json\/wp\/v2\/comments?post=82723"}],"version-history":[{"count":0,"href":"https:\/\/www.europesays.com\/fr\/wp-json\/wp\/v2\/posts\/82723\/revisions"}],"wp:featuredmedia":[{"embeddable":true,"href":"https:\/\/www.europesays.com\/fr\/wp-json\/wp\/v2\/media\/82724"}],"wp:attachment":[{"href":"https:\/\/www.europesays.com\/fr\/wp-json\/wp\/v2\/media?parent=82723"}],"wp:term":[{"taxonomy":"category","embeddable":true,"href":"https:\/\/www.europesays.com\/fr\/wp-json\/wp\/v2\/categories?post=82723"},{"taxonomy":"post_tag","embeddable":true,"href":"https:\/\/www.europesays.com\/fr\/wp-json\/wp\/v2\/tags?post=82723"}],"curies":[{"name":"wp","href":"https:\/\/api.w.org\/{rel}","templated":true}]}}