{"id":82725,"date":"2025-05-07T20:18:18","date_gmt":"2025-05-07T20:18:18","guid":{"rendered":"https:\/\/www.europesays.com\/fr\/82725\/"},"modified":"2025-05-07T20:18:18","modified_gmt":"2025-05-07T20:18:18","slug":"3-000-repas-gratuits-vont-etre-offerts-sans-condition-a-quiconque-le-souhaitera","status":"publish","type":"post","link":"https:\/\/www.europesays.com\/fr\/82725\/","title":{"rendered":"3 000 repas gratuits vont \u00eatre offerts sans condition \u00ab\u00a0\u00e0 quiconque le souhaitera\u00a0\u00bb"},"content":{"rendered":"<p>            Par<br \/>\n        <strong><br \/>\n            <a href=\"https:\/\/actu.fr\/auteur\/clemence-pays02-actu-fr\" title=\"Consulter tous les articles de Cl\u00e9mence Pays\" rel=\"nofollow noopener\" target=\"_blank\">Cl\u00e9mence Pays<\/a><br \/>\n        <\/strong><\/p>\n<p>        Publi\u00e9 le<\/p>\n<p>            7 mai 2025 \u00e0 18h46        <\/p>\n<p>C\u2019est une op\u00e9ration exceptionnelle que <strong>la Croix-Rouge Pays de la Loire<\/strong> a annonc\u00e9e mercredi 7\u00a0mai 2025. \u00ab\u2009Notre association distribuera d\u00e8s demain <strong>3\u2009000 repas<\/strong> confi\u00e9s par la Ville de <a href=\"https:\/\/actu.fr\/pays-de-la-loire\/saint-herblain_44162\" rel=\"nofollow noopener\" target=\"_blank\">Saint-Herblain<\/a> [\u2026] \u00e0 quiconque le souhaitera.\u2009\u00bb Le tout,<strong> gratuitement.<\/strong><\/p>\n<p class=\" wall-content\">La raison de cette grande distribution\u2009? Une <strong>gr\u00e8ve dans les \u00e9coles<\/strong> herblinoises, qui a entra\u00een\u00e9 un surplus de production dans les restaurants scolaires.<\/p>\n<p class=\" wall-content\">Afin de ne pas g\u00e2cher ces barquettes (compos\u00e9es de pur\u00e9e et de saucisses de porcs s\u00e9par\u00e9es sous-vide), la Croix-Rouge se mobilise pour \u00ab\u2009relever le d\u00e9fi\u2009\u00bb de cette <strong>op\u00e9ration anti-gaspi.<\/strong><\/p>\n<blockquote class=\"ac-article-quote wall-content\">\n<p>Toute aide temporaire est la bienvenue, les b\u00e9n\u00e9voles pourront \u00e9galement b\u00e9n\u00e9ficier d\u2019un repas gratuit, la Croix-Rouge serait heureuse de voir d\u2019autres associations la rejoindre dans cette distribution hors norme.<\/p>\n<p>    <strong>La Croix-Rouge Pays de la Loire<\/strong>\n            <\/p><\/blockquote>\n<p>Comment en b\u00e9n\u00e9ficier\u2009?<\/p>\n<p class=\" wall-content\">Concr\u00e8tement, des b\u00e9n\u00e9voles seront mobilis\u00e9s <strong>du jeudi\u00a08 au mardi 13\u00a0mai<\/strong> pour distribuer les repas.<\/p>\n<p>Vid\u00e9os : en ce moment sur Actu<\/p>\n<p class=\" wall-content\">Ceux qui le souhaitent pourront se rendre <strong>dans l\u2019unit\u00e9 locale de l\u2019association,<\/strong> au <a href=\"https:\/\/maps.app.goo.gl\/W3Q8P2uB6HMbrNnb9\" rel=\"nofollow noopener\" target=\"_blank\">10 rue d\u2019Ath\u00e8nes<\/a>, \u00e0 Nantes. Les apr\u00e8s-midi\u2009: jeudi, vendredi, samedi, et dimanche. Les matins\u2009: vendredi, samedi, dimanche, lundi et mardi.<\/p>\n<p class=\" wall-content\"><strong>En centre-ville de Nantes,<\/strong> \u00ab\u2009lors de tourn\u00e9es extraordinaires, toute personne le souhaitant pourra se voir offrir un repas\u2009\u00bb, samedi\u00a010 et dimanche 11\u00a0mai apr\u00e8s-midi.<\/p>\n<p class=\" wall-content\"><strong>\u00c0 l\u2019arr\u00eat de tram Pirmil (Nantes sud),<\/strong> o\u00f9 la Croix-Rouge organise r\u00e9guli\u00e8rement des maraudes, les distributions se feront samedi et dimanche toute la journ\u00e9e.<\/p>\n<p class=\" wall-content\">\u00ab\u2009Notre nouveau pr\u00e9sident de l\u2019unit\u00e9 locale de Nantes, Bryan Henry, sera sur place durant tout le week-end afin de participer aux op\u00e9rations\u2009\u00bb, pr\u00e9cise l\u2019association.<\/p>\n<p class=\" wall-content\">Suivez toute l\u2019actualit\u00e9 de vos villes et m\u00e9dias favoris en vous inscrivant \u00e0 <a href=\"https:\/\/moncompte.actu.fr\" title=\"D\u00e9couvez Mon Actu\" rel=\"nofollow noopener\" data-trk=\"{&quot;cta&quot;:{&quot;action&quot;:&quot;https:\\\/\\\/moncompte.actu.fr&quot;,&quot;category&quot;:&quot;mon compte&quot;,&quot;from&quot;:&quot;article footer&quot;,&quot;name&quot;:&quot;Mon actu&quot;,&quot;type&quot;:&quot;cta&quot;}}\" target=\"_blank\">Mon Actu<\/a>.<\/p>\n","protected":false},"excerpt":{"rendered":"Par Cl\u00e9mence Pays Publi\u00e9 le 7 mai 2025 \u00e0 18h46 C\u2019est une op\u00e9ration exceptionnelle que la Croix-Rouge Pays&hellip;\n","protected":false},"author":2,"featured_media":82726,"comment_status":"","ping_status":"","sticky":false,"template":"","format":"standard","meta":{"footnotes":""},"categories":[2818],"tags":[1111,11,19056,1777,674,1011,27,766,12,2636,25,104],"class_list":{"0":"post-82725","1":"post","2":"type-post","3":"status-publish","4":"format-standard","5":"has-post-thumbnail","7":"category-nantes","8":"tag-actu","9":"tag-actualites","10":"tag-croix-rouge","11":"tag-eu","12":"tag-europe","13":"tag-fr","14":"tag-france","15":"tag-nantes","16":"tag-news","17":"tag-pays-de-la-loire","18":"tag-republique-francaise","19":"tag-societe"},"share_on_mastodon":{"url":"https:\/\/pubeurope.com\/@fr\/114468402255529577","error":""},"_links":{"self":[{"href":"https:\/\/www.europesays.com\/fr\/wp-json\/wp\/v2\/posts\/82725","targetHints":{"allow":["GET"]}}],"collection":[{"href":"https:\/\/www.europesays.com\/fr\/wp-json\/wp\/v2\/posts"}],"about":[{"href":"https:\/\/www.europesays.com\/fr\/wp-json\/wp\/v2\/types\/post"}],"author":[{"embeddable":true,"href":"https:\/\/www.europesays.com\/fr\/wp-json\/wp\/v2\/users\/2"}],"replies":[{"embeddable":true,"href":"https:\/\/www.europesays.com\/fr\/wp-json\/wp\/v2\/comments?post=82725"}],"version-history":[{"count":0,"href":"https:\/\/www.europesays.com\/fr\/wp-json\/wp\/v2\/posts\/82725\/revisions"}],"wp:featuredmedia":[{"embeddable":true,"href":"https:\/\/www.europesays.com\/fr\/wp-json\/wp\/v2\/media\/82726"}],"wp:attachment":[{"href":"https:\/\/www.europesays.com\/fr\/wp-json\/wp\/v2\/media?parent=82725"}],"wp:term":[{"taxonomy":"category","embeddable":true,"href":"https:\/\/www.europesays.com\/fr\/wp-json\/wp\/v2\/categories?post=82725"},{"taxonomy":"post_tag","embeddable":true,"href":"https:\/\/www.europesays.com\/fr\/wp-json\/wp\/v2\/tags?post=82725"}],"curies":[{"name":"wp","href":"https:\/\/api.w.org\/{rel}","templated":true}]}}