{"id":82727,"date":"2025-05-07T20:19:14","date_gmt":"2025-05-07T20:19:14","guid":{"rendered":"https:\/\/www.europesays.com\/fr\/82727\/"},"modified":"2025-05-07T20:19:14","modified_gmt":"2025-05-07T20:19:14","slug":"comment-voir-le-militant-ecologiste","status":"publish","type":"post","link":"https:\/\/www.europesays.com\/fr\/82727\/","title":{"rendered":"comment voir le militant \u00e9cologiste\u00a0?"},"content":{"rendered":"<p>            Par<br \/>\n        <strong><br \/>\n            <a href=\"https:\/\/actu.fr\/auteur\/juliette-cardinale\" title=\"Consulter tous les articles de Juliette Cardinale\" rel=\"nofollow noopener\" target=\"_blank\">Juliette Cardinale<\/a><br \/>\n        <\/strong><\/p>\n<p>        Publi\u00e9 le<\/p>\n<p>            7 mai 2025 \u00e0 16h36        <\/p>\n<p>Il \u00e9tait l\u2019invit\u00e9 d\u2019honneur du World Impact Summit <a href=\"https:\/\/actu.fr\/nouvelle-aquitaine\/bordeaux_33063\/ecologie-pourquoi-paul-watson-sera-t-il-bientot-de-passage-a-bordeaux_62319181.html\" rel=\"nofollow noopener\" target=\"_blank\">\u00e0 Bordeaux en mars dernier.<\/a> Ce samedi 10 mai 2025, le <strong>militant \u00e9cologiste Paul Watson<\/strong> est de retour <a href=\"https:\/\/actu.fr\/bordeaux\/\" rel=\"nofollow noopener\" target=\"_blank\">dans la capitale girondine.<\/a><\/p>\n<p class=\" wall-content\">Le fondateur de l\u2019association Sea Shepherd donne <strong>une conf\u00e9rence<\/strong> aux c\u00f4t\u00e9s de Lamya Essemlali, l\u2019actuelle pr\u00e9sidence de l\u2019association en France. L\u2019acc\u00e8s sera libre et gratuit. Elle aura lieu\u00a0\u00e0 Darwin, \u00e0 partir de 17 heures ce samedi.<\/p>\n<p>Des activit\u00e9 organis\u00e9es par l\u2019ONG<\/p>\n<p class=\" wall-content\">Mais d\u00e8s le d\u00e9but de l\u2019apr\u00e8s-midi, des <strong>ateliers pour les enfants<\/strong> seront organis\u00e9s par l\u2019ONG. Ils seront sensibilis\u00e9s \u00e0 la protection des oc\u00e9ans, au tri des d\u00e9chets, de la d\u00e9couverte de la faune marine\u2026\u00a0<\/p>\n<p class=\" wall-content\">\u00ab\u00a0Des tatoueurs engag\u00e9s seront \u00e9galement pr\u00e9sents pour marquer cet instant \u00e0 l\u2019encre marine !\u00a0\u00bb, \u00e9crit le groupe local. Un <strong>DJ set<\/strong> d\u2019Amplitudes Radio permettra de cl\u00f4turer la journ\u00e9e.<\/p>\n<p>Un visage bien connu\u00a0<\/p>\n<p class=\" wall-content\">Engag\u00e9 depuis une cinquantaine d\u2019ann\u00e9es pour la <strong>d\u00e9fense des baleines,<\/strong> le co-fondateur de Greenpeace est connu pour ses actions coups-de-poing. Il avait \u00e9t\u00e9 <a href=\"https:\/\/actu.fr\/societe\/paul-watson-fondateur-de-l-ong-sea-sheperd-a-ete-interpelle-que-lui-reproche-t-on_61385076.html\" rel=\"nofollow noopener\" target=\"_blank\">arr\u00eat\u00e9 au Groenland en juillet 2024,<\/a> apr\u00e8s la relance d\u2019une demande \u00e9mise par le Japon douze ans auparavant via une notice rouge d\u2019Interpol. Il a finalement \u00e9t\u00e9 <a href=\"https:\/\/actu.fr\/planete\/biodiversite\/desormais-libre-le-militant-ecologiste-paul-watson-est-arrive-en-france-ce-qu-il-vient-y-faire_62032748.html\" rel=\"nofollow noopener\" target=\"_blank\">lib\u00e9r\u00e9 apr\u00e8s cinq mois de d\u00e9tention et rejoint sa famille en France.<\/a><\/p>\n<p>Vid\u00e9os : en ce moment sur Actu<\/p>\n<p class=\" wall-content\">Tr\u00e8s <strong>soutenu depuis Bordeaux,<\/strong> le marin de 74 ans avait fait l\u2019objet d\u2019une campagne d\u2019affichage, d\u2019une <a href=\"https:\/\/actu.fr\/nouvelle-aquitaine\/bordeaux_33063\/arrestation-de-paul-watson-pierre-hurmic-s-adresse-au-maire-de-fukuoka-ville-jumelle-de-bordeaux_61486521.html\" rel=\"nofollow noopener\" target=\"_blank\">lettre de Pierre Hurmic<\/a> au maire de Fukuoka et <a href=\"https:\/\/actu.fr\/nouvelle-aquitaine\/bordeaux_33063\/sur-les-quais-de-bordeaux-une-impressionnante-sculpture-installee-en-soutien-a-un-militant-ecologiste_61959568.html\" rel=\"nofollow noopener\" target=\"_blank\">une impressionnante sculpture avait \u00e9t\u00e9 \u00e9rig\u00e9e sur les quais.<\/a><\/p>\n<p class=\" wall-content\">Suivez toute l\u2019actualit\u00e9 de vos villes et m\u00e9dias favoris en vous inscrivant \u00e0 <a href=\"https:\/\/moncompte.actu.fr\" title=\"D\u00e9couvez Mon Actu\" rel=\"nofollow noopener\" data-trk=\"{&quot;cta&quot;:{&quot;action&quot;:&quot;https:\\\/\\\/moncompte.actu.fr&quot;,&quot;category&quot;:&quot;mon compte&quot;,&quot;from&quot;:&quot;article footer&quot;,&quot;name&quot;:&quot;Mon actu&quot;,&quot;type&quot;:&quot;cta&quot;}}\" target=\"_blank\">Mon Actu<\/a>.<\/p>\n","protected":false},"excerpt":{"rendered":"Par Juliette Cardinale Publi\u00e9 le 7 mai 2025 \u00e0 16h36 Il \u00e9tait l\u2019invit\u00e9 d\u2019honneur du World Impact Summit&hellip;\n","protected":false},"author":2,"featured_media":82728,"comment_status":"","ping_status":"","sticky":false,"template":"","format":"standard","meta":{"footnotes":""},"categories":[2817],"tags":[1111,11,1997,51,1777,674,1011,27,12,2219,25,104],"class_list":{"0":"post-82727","1":"post","2":"type-post","3":"status-publish","4":"format-standard","5":"has-post-thumbnail","7":"category-bordeaux","8":"tag-actu","9":"tag-actualites","10":"tag-bordeaux","11":"tag-ecologie","12":"tag-eu","13":"tag-europe","14":"tag-fr","15":"tag-france","16":"tag-news","17":"tag-nouvelle-aquitaine","18":"tag-republique-francaise","19":"tag-societe"},"share_on_mastodon":{"url":"https:\/\/pubeurope.com\/@fr\/114468406139929643","error":""},"_links":{"self":[{"href":"https:\/\/www.europesays.com\/fr\/wp-json\/wp\/v2\/posts\/82727","targetHints":{"allow":["GET"]}}],"collection":[{"href":"https:\/\/www.europesays.com\/fr\/wp-json\/wp\/v2\/posts"}],"about":[{"href":"https:\/\/www.europesays.com\/fr\/wp-json\/wp\/v2\/types\/post"}],"author":[{"embeddable":true,"href":"https:\/\/www.europesays.com\/fr\/wp-json\/wp\/v2\/users\/2"}],"replies":[{"embeddable":true,"href":"https:\/\/www.europesays.com\/fr\/wp-json\/wp\/v2\/comments?post=82727"}],"version-history":[{"count":0,"href":"https:\/\/www.europesays.com\/fr\/wp-json\/wp\/v2\/posts\/82727\/revisions"}],"wp:featuredmedia":[{"embeddable":true,"href":"https:\/\/www.europesays.com\/fr\/wp-json\/wp\/v2\/media\/82728"}],"wp:attachment":[{"href":"https:\/\/www.europesays.com\/fr\/wp-json\/wp\/v2\/media?parent=82727"}],"wp:term":[{"taxonomy":"category","embeddable":true,"href":"https:\/\/www.europesays.com\/fr\/wp-json\/wp\/v2\/categories?post=82727"},{"taxonomy":"post_tag","embeddable":true,"href":"https:\/\/www.europesays.com\/fr\/wp-json\/wp\/v2\/tags?post=82727"}],"curies":[{"name":"wp","href":"https:\/\/api.w.org\/{rel}","templated":true}]}}