{"id":82729,"date":"2025-05-07T20:20:18","date_gmt":"2025-05-07T20:20:18","guid":{"rendered":"https:\/\/www.europesays.com\/fr\/82729\/"},"modified":"2025-05-07T20:20:18","modified_gmt":"2025-05-07T20:20:18","slug":"les-quatre-gardes-a-vue-levees-sans-poursuites","status":"publish","type":"post","link":"https:\/\/www.europesays.com\/fr\/82729\/","title":{"rendered":"les quatre gardes \u00e0 vue lev\u00e9es sans poursuites"},"content":{"rendered":"<p>Un conseiller municipal de Gauriaguet, \u00e0 30 kilom\u00e8tres au nord-est de Bordeaux, avait \u00e9t\u00e9 rou\u00e9 de \u00abnombreux coups\u00bb au sol samedi avant de perdre connaissance, apr\u00e8s avoir failli se faire renverser par une moto.<\/p>\n<p class=\"fig-paragraph\">Les gardes \u00e0 vue de quatre jeunes interpell\u00e9s apr\u00e8s\u00a0<a href=\"http:\/\/www.lefigaro.fr\/bordeaux\/gironde-un-elu-municipal-violemment-agresse-lors-d-un-rodeo-urbain-20250504\" target=\"_blank\" data-fig-type=\"NewsFlash\" rel=\"noopener\" data-gtm-custom-categorie=\"navigation\" data-gtm-custom-action=\"crossclick\" data-gtm-custom-label=\"Contextuel\" data-gtm-event=\"customEventSPE\" data-fig-domain=\"LEFIGARO\">l&rsquo;agression d&rsquo;un \u00e9lu lors d&rsquo;un rod\u00e9o urbain samedi en Gironde<\/a>\u00a0ont \u00e9t\u00e9 lev\u00e9es mercredi sans poursuites \u00e0 ce stade mais plusieurs individus restent \u00abactivement recherch\u00e9s\u00bb, a annonc\u00e9 le parquet. Ce conseiller municipal de Gauriaguet, \u00e0 30 kilom\u00e8tres au nord-est de Bordeaux, avait tent\u00e9 de mettre fin \u00e0 un rod\u00e9o samedi en fin d&rsquo;apr\u00e8s-midi avant de recevoir de nombreux coups et de perdre bri\u00e8vement connaissance. Il souffre de plusieurs fractures au visage.<\/p>\n<p class=\"fig-paragraph\">Identifi\u00e9s comme \u00abayant \u00e9t\u00e9 pr\u00e9sents sur les lieux\u00bb, deux mineurs \u00e2g\u00e9s de 15 et 17 ans et deux majeurs \u00e2g\u00e9s de 18 et 21 ans avaient \u00e9t\u00e9 plac\u00e9s en garde \u00e0 vue mardi matin. Mais \u00ables mesures de garde \u00e0 vue ont \u00e9t\u00e9 lev\u00e9es\u00bb mercredi soir, \u00ables \u00e9l\u00e9ments recueillis ne permettant pas \u00e0 ce stade de retenir leur implication dans les faits de violence\u00bb, d\u00e9clare dans un communiqu\u00e9 Lo\u00efs Raschel, procureur de la R\u00e9publique \u00e0 Libourne. \u00abPlusieurs individus demeurent activement recherch\u00e9s, l&rsquo;un ayant quitt\u00e9 le territoire national apr\u00e8s les faits\u00bb, ajoute le magistrat.<\/p>\n<p>Tensions<\/p>\n<p class=\"fig-paragraph\">L&rsquo;\u00e9lu agress\u00e9 a racont\u00e9 \u00eatre venu \u00e0 la rencontre d&rsquo;une quinzaine de motards, sur le terrain de ball-trap de la commune, apr\u00e8s avoir failli se faire renverser par une moto. Le ton est alors mont\u00e9 et l&rsquo;\u00e9lu a ensuite \u00e9t\u00e9 \u00abviolemment frapp\u00e9 par l&rsquo;un d&rsquo;entre eux avec un objet m\u00e9tallique\u00bb, selon le parquet. La victime, admise aux urgences, souffre de fractures \u00e0 l&rsquo;arcade, au nez et \u00e0 la pommette droite. Une information judiciaire pour violences aggrav\u00e9es et non-assistance \u00e0 personne en danger a \u00e9t\u00e9 ouverte contre X, pr\u00e9cise le parquet.<\/p>\n<p class=\"fig-paragraph\">Dans une affaire distincte sur le ressort du parquet de Libourne, un homme n\u00e9 en 1988 a \u00e9t\u00e9 interpell\u00e9 mardi dans cette ville pour menaces de mort \u00e0 l&rsquo;encontre du maire de la commune. Des armes ont \u00e9t\u00e9 d\u00e9couvertes \u00e0 son domicile. Verbalis\u00e9 pour un d\u00e9p\u00f4t sauvage d&rsquo;ordures, il avait appel\u00e9 la police municipale et d\u00e9clar\u00e9 vouloir \u00abtirer une balle dans la t\u00eate\u00bb du maire et faire \u00abexploser la mairie\u00bb. En mars 2024, le Parlement a adopt\u00e9 une loi visant \u00e0 mieux prot\u00e9ger les repr\u00e9sentants locaux contre les violences. L&rsquo;une des mesures-phares du texte est l&rsquo;alignement des sanctions sur celles pr\u00e9vues pour des violences \u00e0 l&rsquo;encontre de d\u00e9positaires de l&rsquo;autorit\u00e9 publique, comme les policiers.<\/p>\n","protected":false},"excerpt":{"rendered":"Un conseiller municipal de Gauriaguet, \u00e0 30 kilom\u00e8tres au nord-est de Bordeaux, avait \u00e9t\u00e9 rou\u00e9 de \u00abnombreux coups\u00bb&hellip;\n","protected":false},"author":2,"featured_media":82730,"comment_status":"","ping_status":"","sticky":false,"template":"","format":"standard","meta":{"footnotes":""},"categories":[2817],"tags":[1111,11,1997,2916,2911,2910,2915,2909,2904,2913,2912,2914,2906,2907,1777,674,1011,27,2905,2908,12,2219,25,19057],"class_list":{"0":"post-82729","1":"post","2":"type-post","3":"status-publish","4":"format-standard","5":"has-post-thumbnail","7":"category-bordeaux","8":"tag-actu","9":"tag-actualites","10":"tag-bordeaux","11":"tag-bordeaux-cauderan","12":"tag-bordeaux-centre-ville","13":"tag-bordeaux-chartrons-grand-parc-jardin-public","14":"tag-bordeaux-la-bastide","15":"tag-bordeaux-maritime","16":"tag-bordeaux-metropole","17":"tag-bordeaux-nansouty-st-genes","18":"tag-bordeaux-st-augustin-tauzin-alphonse-dupeux","19":"tag-bordeaux-sud","20":"tag-capitale-de-gaule","21":"tag-cathedrale-gothique-de-saint-andre","22":"tag-eu","23":"tag-europe","24":"tag-fr","25":"tag-france","26":"tag-gironde","27":"tag-girondins-de-bordeaux","28":"tag-news","29":"tag-nouvelle-aquitaine","30":"tag-republique-francaise","31":"tag-rodeo-urbain"},"share_on_mastodon":{"url":"https:\/\/pubeurope.com\/@fr\/114468410079055408","error":""},"_links":{"self":[{"href":"https:\/\/www.europesays.com\/fr\/wp-json\/wp\/v2\/posts\/82729","targetHints":{"allow":["GET"]}}],"collection":[{"href":"https:\/\/www.europesays.com\/fr\/wp-json\/wp\/v2\/posts"}],"about":[{"href":"https:\/\/www.europesays.com\/fr\/wp-json\/wp\/v2\/types\/post"}],"author":[{"embeddable":true,"href":"https:\/\/www.europesays.com\/fr\/wp-json\/wp\/v2\/users\/2"}],"replies":[{"embeddable":true,"href":"https:\/\/www.europesays.com\/fr\/wp-json\/wp\/v2\/comments?post=82729"}],"version-history":[{"count":0,"href":"https:\/\/www.europesays.com\/fr\/wp-json\/wp\/v2\/posts\/82729\/revisions"}],"wp:featuredmedia":[{"embeddable":true,"href":"https:\/\/www.europesays.com\/fr\/wp-json\/wp\/v2\/media\/82730"}],"wp:attachment":[{"href":"https:\/\/www.europesays.com\/fr\/wp-json\/wp\/v2\/media?parent=82729"}],"wp:term":[{"taxonomy":"category","embeddable":true,"href":"https:\/\/www.europesays.com\/fr\/wp-json\/wp\/v2\/categories?post=82729"},{"taxonomy":"post_tag","embeddable":true,"href":"https:\/\/www.europesays.com\/fr\/wp-json\/wp\/v2\/tags?post=82729"}],"curies":[{"name":"wp","href":"https:\/\/api.w.org\/{rel}","templated":true}]}}