{"id":827331,"date":"2026-03-27T03:13:27","date_gmt":"2026-03-27T03:13:27","guid":{"rendered":"https:\/\/www.europesays.com\/fr\/827331\/"},"modified":"2026-03-27T03:13:27","modified_gmt":"2026-03-27T03:13:27","slug":"guerre-en-ukraine-zelensky-debarque-dans-le-golfe-et-le-kremlin-tacle-lotan","status":"publish","type":"post","link":"https:\/\/www.europesays.com\/fr\/827331\/","title":{"rendered":"Guerre en Ukraine : Zelensky d\u00e9barque dans le Golfe et le Kremlin tacle l\u2019Otan"},"content":{"rendered":"<p class=\"mb-4 text-lg md:leading-8 break-words\"><strong>R\u00e9cap &#8211; \u00ab\u00a020 Minutes\u00a0\u00bb fait le point pour vous tous les soirs sur le conflit en Ukraine. Ce jeudi, 1.491e jour du conflit, le Kremlin s\u2019en est pris \u00e0 l\u2019Otan et \u00e0 l\u2019UE<\/strong><\/p>\n<p class=\"mb-4 text-lg md:leading-8 break-words\">Vous avez rat\u00e9 les derniers \u00e9v\u00e9nements sur la <a href=\"https:\/\/www.20minutes.fr\/monde\/ukraine\/?at_medium=RSS%20feed&amp;at_campaign=ynews&amp;utm_source=yahoo&amp;utm_medium=rss&amp;utm_campaign=news_feed&amp;utm_content=in_article_link\" rel=\"nofollow noopener\" target=\"_blank\" data-ylk=\"slk:guerre en Ukraine;elm:context_link;itc:0;sec:content-canvas\" data-yga=\"{&quot;yLinkElement&quot;:&quot;context_link&quot;,&quot;yModuleName&quot;:&quot;content-canvas&quot;,&quot;yLinkText&quot;:&quot;guerre en Ukraine&quot;}\" class=\"link \">guerre en Ukraine<\/a>\u00a0? 20 Minutes fait le point pour vous tous les soirs. Voici l\u2019essentiel de ce jeudi 26\u00a0mars 2026, au 1.491e jour du conflit.<\/p>\n<p>Le fait du jour<\/p>\n<p class=\"mb-4 text-lg md:leading-8 break-words\">C\u2019est une visite qui n\u2019avait pas \u00e9t\u00e9 annonc\u00e9e. <a href=\"https:\/\/www.20minutes.fr\/monde\/volodymyr-zelensky\/?at_medium=RSS%20feed&amp;at_campaign=ynews&amp;utm_source=yahoo&amp;utm_medium=rss&amp;utm_campaign=news_feed&amp;utm_content=in_article_link\" rel=\"nofollow noopener\" target=\"_blank\" data-ylk=\"slk:Volodymyr Zelensky;elm:context_link;itc:0;sec:content-canvas\" data-yga=\"{&quot;yLinkElement&quot;:&quot;context_link&quot;,&quot;yModuleName&quot;:&quot;content-canvas&quot;,&quot;yLinkText&quot;:&quot;Volodymyr Zelensky&quot;}\" class=\"link \">Volodymyr Zelensky<\/a> est arriv\u00e9 jeudi \u00e0 Djeddah, en <a href=\"https:\/\/www.20minutes.fr\/monde\/arabie_saoudite\/?at_medium=RSS%20feed&amp;at_campaign=ynews&amp;utm_source=yahoo&amp;utm_medium=rss&amp;utm_campaign=news_feed&amp;utm_content=in_article_link\" rel=\"nofollow noopener\" target=\"_blank\" data-ylk=\"slk:Arabie saoudite;elm:context_link;itc:0;sec:content-canvas\" data-yga=\"{&quot;yLinkElement&quot;:&quot;context_link&quot;,&quot;yModuleName&quot;:&quot;content-canvas&quot;,&quot;yLinkText&quot;:&quot;Arabie saoudite&quot;}\" class=\"link \">Arabie saoudite<\/a>, o\u00f9 il esp\u00e9rait conclure des accords sur la vente de drones militaires avec plusieurs pays du Golfe.<\/p>\n<p class=\"mb-4 text-lg md:leading-8 break-words\">Le royaume saoudien est un des pays o\u00f9 le pr\u00e9sident ukrainien a r\u00e9cemment envoy\u00e9 des experts militaires afin de faire partager leur exp\u00e9rience en mati\u00e8re d&rsquo;interception de drones de conception iranienne Shahed.<\/p>\n<p class=\"mb-4 text-lg md:leading-8 break-words\">Attaqu\u00e9e quasi-quotidiennement par des centaines de ces appareils, aujourd\u2019hui produits en masse par Moscou, l\u2019Ukraine a d\u00e9velopp\u00e9 une gamme de syst\u00e8mes de d\u00e9fense bon march\u00e9 et assez efficaces, dont des intercepteurs.<\/p>\n<p class=\"mb-4 text-lg md:leading-8 break-words\">Et forc\u00e9ment, ce savoir-faire est tr\u00e8s sollicit\u00e9 par des pays du Golfe, cibles de ce m\u00eame mod\u00e8le de drones lanc\u00e9s par l\u2019Iran en repr\u00e9sailles depuis le d\u00e9but des <a href=\"https:\/\/www.20minutes.fr\/monde\/guerre-iran\/?at_medium=RSS%20feed&amp;at_campaign=ynews&amp;utm_source=yahoo&amp;utm_medium=rss&amp;utm_campaign=news_feed&amp;utm_content=in_article_link\" rel=\"nofollow noopener\" target=\"_blank\" data-ylk=\"slk:hostilit\u00e9s au Moyen-Orient;elm:context_link;itc:0;sec:content-canvas\" data-yga=\"{&quot;yLinkElement&quot;:&quot;context_link&quot;,&quot;yModuleName&quot;:&quot;content-canvas&quot;,&quot;yLinkText&quot;:&quot;hostilit\u00e9s au Moyen-Orient&quot;}\" class=\"link \">hostilit\u00e9s au Moyen-Orient<\/a>.<\/p>\n<p>Le chiffre du jour<\/p>\n<p class=\"mb-4 text-lg md:leading-8 break-words\"><strong>8,5\u00a0milliards d\u2019euros.<\/strong> La somme que le Premier ministre fran\u00e7ais <a href=\"https:\/\/www.20minutes.fr\/politique\/sebastien-lecornu\/?at_medium=RSS%20feed&amp;at_campaign=ynews&amp;utm_source=yahoo&amp;utm_medium=rss&amp;utm_campaign=news_feed&amp;utm_content=in_article_link\" rel=\"nofollow noopener\" target=\"_blank\" data-ylk=\"slk:S\u00e9bastien Lecornu;elm:context_link;itc:0;sec:content-canvas\" data-yga=\"{&quot;yLinkElement&quot;:&quot;context_link&quot;,&quot;yModuleName&quot;:&quot;content-canvas&quot;,&quot;yLinkText&quot;:&quot;S\u00e9bastien Lecornu&quot;}\" class=\"link \">S\u00e9bastien Lecornu<\/a> a inscrite dans l\u2019actualisation de Loi de programmation militaire (LPM) pour passer des commandes suppl\u00e9mentaires de munitions entre d\u2019ici \u00e0\u00a02030, au regard du contexte international.<\/p>\n<p>La d\u00e9claration du jour<\/p>\n<p class=\"mb-4 text-lg md:leading-8 break-words\">Vladimir Poutine et Donald Trump ont du respect l\u2019un pour l\u2019autre [\u2026] Ils ne sont pas toujours d\u2019accord, loin de l\u00e0, mais ils sont capables de s\u2019entendr(&#8230;)<\/p>\n<p class=\"mb-4 text-lg md:leading-8 break-words\"><a href=\"https:\/\/www.20minutes.fr\/monde\/ukraine\/4215225-20260326-guerre-ukraine-zelensky-debarque-golfe-kremlin-tacle-otan?at_medium=RSS%20feed&amp;at_campaign=ynews&amp;utm_source=yahoo&amp;utm_medium=rss&amp;utm_campaign=news_feed&amp;utm_content=read_more_link&quot;\" rel=\"nofollow noopener\" target=\"_blank\" data-ylk=\"slk:Lire la suite sur 20minutes;elm:context_link;itc:0;sec:content-canvas\" data-yga=\"{&quot;yLinkElement&quot;:&quot;context_link&quot;,&quot;yModuleName&quot;:&quot;content-canvas&quot;,&quot;yLinkText&quot;:&quot;Lire la suite sur 20minutes&quot;}\" class=\"link \">Lire la suite sur 20minutes<\/a><\/p>\n<p>\u00c0 lire aussi :<br \/><a href=\"https:\/\/www.20minutes.fr\/monde\/russie\/4214792-20260326-guerre-ukraine-coupures-reflechies-trafic-ralenti-telegram-banni-comment-poutine-verrouille-internet-russie?at_medium=RSS%20feed&amp;at_campaign=ynews&amp;utm_source=yahoo&amp;utm_medium=rss&amp;utm_campaign=news_feed&amp;utm_content=related_content_link\" rel=\"nofollow noopener\" target=\"_blank\" data-ylk=\"slk:Guerre en Ukraine\u00a0: Coupures r\u00e9fl\u00e9chies, trafic ralenti, Telegram banni.. Comment Poutine verrouille Internet en Russie;elm:context_link;itc:0;sec:content-canvas\" data-yga=\"{&quot;yLinkElement&quot;:&quot;context_link&quot;,&quot;yModuleName&quot;:&quot;content-canvas&quot;,&quot;yLinkText&quot;:&quot;Guerre en Ukraine&amp;nbsp&quot;}\" class=\"link \">Guerre en Ukraine\u00a0: Coupures r\u00e9fl\u00e9chies, trafic ralenti, Telegram banni.. Comment Poutine verrouille Internet en Russie<\/a><br \/><a href=\"https:\/\/www.20minutes.fr\/monde\/ukraine\/4215083-20260325-guerre-ukraine-riposte-desordonnee-drones-chantage-hongrois-orban-gaz?at_medium=RSS%20feed&amp;at_campaign=ynews&amp;utm_source=yahoo&amp;utm_medium=rss&amp;utm_campaign=news_feed&amp;utm_content=related_content_link\" rel=\"nofollow noopener\" target=\"_blank\" data-ylk=\"slk:Guerre en Ukraine\u00a0: La riposte (d\u00e9sordonn\u00e9e) des drones et le chantage du Hongrois Orban sur le gaz;elm:context_link;itc:0;sec:content-canvas\" data-yga=\"{&quot;yLinkElement&quot;:&quot;context_link&quot;,&quot;yModuleName&quot;:&quot;content-canvas&quot;,&quot;yLinkText&quot;:&quot;Guerre en Ukraine&amp;nbsp&quot;}\" class=\"link \">Guerre en Ukraine\u00a0: La riposte (d\u00e9sordonn\u00e9e) des drones et le chantage du Hongrois Orban sur le gaz<\/a><\/p>\n","protected":false},"excerpt":{"rendered":"R\u00e9cap &#8211; \u00ab\u00a020 Minutes\u00a0\u00bb fait le point pour vous tous les soirs sur le conflit en Ukraine. Ce&hellip;\n","protected":false},"author":2,"featured_media":827332,"comment_status":"","ping_status":"","sticky":false,"template":"","format":"standard","meta":{"footnotes":"","_share_on_mastodon":"0"},"categories":[1590],"tags":[642,11,1777,674,4998,40114,12,85461,220,134],"class_list":["post-827331","post","type-post","status-publish","format-standard","has-post-thumbnail","category-ukraine","tag-20-minutes","tag-actualites","tag-eu","tag-europe","tag-kremlin","tag-loi-de-programmation-militaire","tag-news","tag-pays-du-golfe","tag-ukraine","tag-volodymyr-zelensky"],"share_on_mastodon":{"url":"https:\/\/pubeurope.com\/@fr\/116298960465890069","error":""},"_links":{"self":[{"href":"https:\/\/www.europesays.com\/fr\/wp-json\/wp\/v2\/posts\/827331","targetHints":{"allow":["GET"]}}],"collection":[{"href":"https:\/\/www.europesays.com\/fr\/wp-json\/wp\/v2\/posts"}],"about":[{"href":"https:\/\/www.europesays.com\/fr\/wp-json\/wp\/v2\/types\/post"}],"author":[{"embeddable":true,"href":"https:\/\/www.europesays.com\/fr\/wp-json\/wp\/v2\/users\/2"}],"replies":[{"embeddable":true,"href":"https:\/\/www.europesays.com\/fr\/wp-json\/wp\/v2\/comments?post=827331"}],"version-history":[{"count":0,"href":"https:\/\/www.europesays.com\/fr\/wp-json\/wp\/v2\/posts\/827331\/revisions"}],"wp:featuredmedia":[{"embeddable":true,"href":"https:\/\/www.europesays.com\/fr\/wp-json\/wp\/v2\/media\/827332"}],"wp:attachment":[{"href":"https:\/\/www.europesays.com\/fr\/wp-json\/wp\/v2\/media?parent=827331"}],"wp:term":[{"taxonomy":"category","embeddable":true,"href":"https:\/\/www.europesays.com\/fr\/wp-json\/wp\/v2\/categories?post=827331"},{"taxonomy":"post_tag","embeddable":true,"href":"https:\/\/www.europesays.com\/fr\/wp-json\/wp\/v2\/tags?post=827331"}],"curies":[{"name":"wp","href":"https:\/\/api.w.org\/{rel}","templated":true}]}}