{"id":82737,"date":"2025-05-07T20:25:08","date_gmt":"2025-05-07T20:25:08","guid":{"rendered":"https:\/\/www.europesays.com\/fr\/82737\/"},"modified":"2025-05-07T20:25:08","modified_gmt":"2025-05-07T20:25:08","slug":"la-reprise-de-lhopital-sainte-marguerite-enfin-actee","status":"publish","type":"post","link":"https:\/\/www.europesays.com\/fr\/82737\/","title":{"rendered":"La reprise de l\u2019h\u00f4pital Sainte-Marguerite enfin act\u00e9e"},"content":{"rendered":"\n<p>Elle \u00e9tait attendue avec impatience, elle va d\u00e9sormais pouvoir \u00eatre f\u00eat\u00e9e comme il se doit. La reprise de l\u2019h\u00f4pital priv\u00e9 Sainte-Marguerite, plac\u00e9 en liquidation judiciaire en mars, apr\u00e8s plusieurs mois d\u2019inactivit\u00e9 dus \u00e0 l\u2019incendie survenu le 25 mai 2024, est officielle. Comme \u00e9voqu\u00e9 depuis des semaines, l\u2019heureux \u00e9lu est Almaviva, groupe fran\u00e7ais de cliniques priv\u00e9es, leader du march\u00e9 en r\u00e9gion PACA, dont le projet a \u00e9t\u00e9 valid\u00e9 par le tribunal de commerce de Toulon mercredi.<\/p>\n<p>\u00ab On est ravi. C\u2019est le fruit d\u2019un an de combat, de lutte et de gal\u00e8re financi\u00e8re. On s\u2019est battu pour trouver un acheteur. On a enfin r\u00e9ussi \u00e0 sauver notre clinique, notamment gr\u00e2ce au maire de Hy\u00e8res, au pr\u00e9fet et au groupe Almaviva, qu\u2019on remercie chaleureusement \u00bb se r\u00e9jouit Linda Blanch, \u00e9lue FO et secr\u00e9taire du CSE central.<\/p>\n<p>Avec un petit b\u00e9mol malgr\u00e9 tout : \u00ab On regrette forc\u00e9ment le licenciement d\u2019une partie du personnel, mais c\u2019est normal puisque la partie basse de l\u2019h\u00f4pital a br\u00fbl\u00e9 et qu\u2019il nous manque une dizaine de blocs. La nouvelle direction, qui d\u00e9bute les travaux ce vendredi, nous a dit qu\u2019on allait rouvrir progressivement. On a aussi perdu l\u2019activit\u00e9 d\u2019oncologie, le c\u00f4t\u00e9 ambulatoire et la chirurgie canc\u00e9reuse, ainsi que toute la partie imagerie, donc \u00e7a fait une grosse partie, ce qui limite la reprise, mais le groupe ne d\u00e9sesp\u00e8re pas que l\u2019ARS les rende \u00bb, veut croire Linda Blanch. Au total, 110 des 255 emplois sont sauvegard\u00e9s, ainsi qu\u2019une cinquantaine de plus sur le groupe liquidant, Sainte-Marguerite.<\/p>\n<p> Des salaires qui tardent \u00e0 \u00eatre vers\u00e9s\n              <\/p>\n<p>Le groupe Almaviva a rachet\u00e9 le b\u00e2timent ainsi que le mat\u00e9riel m\u00e9dical, dont la fonctionnalit\u00e9 reste encore \u00e0 \u00e9valuer. Un investissement \u00e9valu\u00e9, selon nos informations, \u00e0 environ 15 millions d\u2019euros, avec l\u2019objectif de relancer l\u2019activit\u00e9 fin 2025 ou d\u00e9but 2026. D\u2019ici l\u00e0, les salari\u00e9s seront pay\u00e9s \u00e0 taux plein, sans travailler.<\/p>\n<p>Ce qui ne fait pas oublier \u00e0 Linda Blanch les retards de paiement du ch\u00f4mage partiel, pas encore sold\u00e9s par le groupe Sainte-Marguerite : \u00ab On n\u2019a toujours pas eu le salaire d\u2019avril, certains n\u2019ont pas eu la premi\u00e8re semaine de mars, d\u2019autres les compl\u00e9ments de salaire de f\u00e9vrier car la direction n\u2019a pas transmis les informations aux services du R\u00e9gime de Garantie des Salaires (AGS). On a donc encore des salari\u00e9s en tr\u00e8s grande pr\u00e9carit\u00e9, et les licenciements et les taux pleins vont faire du bien \u00e0 tout le monde \u00bb, esp\u00e8re la secr\u00e9taire du CSE central.<\/p>\n","protected":false},"excerpt":{"rendered":"Elle \u00e9tait attendue avec impatience, elle va d\u00e9sormais pouvoir \u00eatre f\u00eat\u00e9e comme il se doit. La reprise de&hellip;\n","protected":false},"author":2,"featured_media":82738,"comment_status":"","ping_status":"","sticky":false,"template":"","format":"standard","meta":{"footnotes":""},"categories":[2814],"tags":[1111,11,19058,1777,674,1011,27,884,12,882,25],"class_list":{"0":"post-82737","1":"post","2":"type-post","3":"status-publish","4":"format-standard","5":"has-post-thumbnail","7":"category-marseille","8":"tag-actu","9":"tag-actualites","10":"tag-cse","11":"tag-eu","12":"tag-europe","13":"tag-fr","14":"tag-france","15":"tag-marseille","16":"tag-news","17":"tag-provence-alpes-cote-dazur","18":"tag-republique-francaise"},"share_on_mastodon":{"url":"https:\/\/pubeurope.com\/@fr\/114468429964735364","error":""},"_links":{"self":[{"href":"https:\/\/www.europesays.com\/fr\/wp-json\/wp\/v2\/posts\/82737","targetHints":{"allow":["GET"]}}],"collection":[{"href":"https:\/\/www.europesays.com\/fr\/wp-json\/wp\/v2\/posts"}],"about":[{"href":"https:\/\/www.europesays.com\/fr\/wp-json\/wp\/v2\/types\/post"}],"author":[{"embeddable":true,"href":"https:\/\/www.europesays.com\/fr\/wp-json\/wp\/v2\/users\/2"}],"replies":[{"embeddable":true,"href":"https:\/\/www.europesays.com\/fr\/wp-json\/wp\/v2\/comments?post=82737"}],"version-history":[{"count":0,"href":"https:\/\/www.europesays.com\/fr\/wp-json\/wp\/v2\/posts\/82737\/revisions"}],"wp:featuredmedia":[{"embeddable":true,"href":"https:\/\/www.europesays.com\/fr\/wp-json\/wp\/v2\/media\/82738"}],"wp:attachment":[{"href":"https:\/\/www.europesays.com\/fr\/wp-json\/wp\/v2\/media?parent=82737"}],"wp:term":[{"taxonomy":"category","embeddable":true,"href":"https:\/\/www.europesays.com\/fr\/wp-json\/wp\/v2\/categories?post=82737"},{"taxonomy":"post_tag","embeddable":true,"href":"https:\/\/www.europesays.com\/fr\/wp-json\/wp\/v2\/tags?post=82737"}],"curies":[{"name":"wp","href":"https:\/\/api.w.org\/{rel}","templated":true}]}}