{"id":82741,"date":"2025-05-07T20:27:08","date_gmt":"2025-05-07T20:27:08","guid":{"rendered":"https:\/\/www.europesays.com\/fr\/82741\/"},"modified":"2025-05-07T20:27:08","modified_gmt":"2025-05-07T20:27:08","slug":"laccuse-conteste-toujours-les-faits","status":"publish","type":"post","link":"https:\/\/www.europesays.com\/fr\/82741\/","title":{"rendered":"l\u2019accus\u00e9 conteste toujours les faits"},"content":{"rendered":"<p>Le proc\u00e8s de\u00a0Sohaib Teima, 22 ans et originaire de Fermo a d\u00e9but\u00e9 ce mercredi matin devant la Cour d\u2019assises d\u2019Aoste, en Italie. Le jeune homme est accus\u00e9 d\u2019avoir tu\u00e9 au couteau, fin mars\u00a02024, sa compagne, Auriane Laisn\u00e9, une Lyonnaise \u00e9galement \u00e2g\u00e9e de 22 ans, dans une chapelle abandonn\u00e9e de\u00a0La Salle dans le nord-ouest de l\u2019Italie. Le 10\u00a0avril 2024, cinq jours apr\u00e8s la d\u00e9couverte du corps d\u2019Auriane, Sohaib Teima avait \u00e9t\u00e9 arr\u00eat\u00e9 \u00e0 Lyon puis extrad\u00e9 en Italie, son pays d\u2019origine. Contrairement aux assises fran\u00e7aises, les audiences ne se tiennent pas de mani\u00e8re continue.<\/p>\n<p><a href=\"https:\/\/www.leprogres.fr\/faits-divers-justice\/2025\/05\/07\/meurtre-de-la-lyonnaise-auriane-laisne-l-heure-du-proces-de-son-petit-ami-en-italie\" target=\"_blank\" rel=\"nofollow noopener\">Lors de cette premi\u00e8re journ\u00e9e<\/a>, la Cour d\u2019Aoste a rejet\u00e9 la demande d\u2019expertise psychiatrique formul\u00e9e par les avocats de l\u2019accus\u00e9, qui clame toujours son innocence, <a href=\"https:\/\/www.ansa.it\/valledaosta\/notizie\/2025\/05\/07\/femminicidio-a-la-salle-negata-la-perizia-psichiatrica_85dcdda7-4b81-43fd-9102-d4bac97438c3.html\" target=\"_blank\" rel=\"nofollow noopener\">selon l\u2019agence de presse italienne Ansa<\/a>.<\/p>\n<p>  Aucune preuve de nature \u00e0 justifier une \u00e9valuation\ufeff<\/p>\n<p>Une requ\u00eate contest\u00e9e par le procureur Manlio D\u2019Ambrosi, qui a rappel\u00e9 que, dans le cadre du proc\u00e8s pour violences conjugales <a href=\"https:\/\/www.leprogres.fr\/faits-divers-justice\/2024\/11\/13\/lyonnaise-tuee-en-italie-la-condamnation-de-son-compagnon-pour-violences-conjugales-confirmee\" target=\"_blank\" rel=\"nofollow noopener\">en novembre\u00a02024 \u00e0 Grenoble<\/a> , pour des plaintes d\u2019Auriane remontant \u00e0 2023, l\u2019autorit\u00e9 judiciaire fran\u00e7aise avait estim\u00e9 que \u00ab\u00a0le sujet \u00e9tait capable de comprendre et de vouloir\u00a0\u00bb. De plus, selon les juges Giuseppe Colazingari et Marco Tornator, il n\u2019existe \u00e0 ce jour \u00ab\u00a0aucune preuve de nature \u00e0 justifier une \u00e9valuation de l\u2019\u00e9tat mental de l\u2019accus\u00e9\u00a0\u00bb.<\/p>\n<p>  Ordonnance falsifi\u00e9e pour obtenir du Xanax<\/p>\n<p>Selon le parquet, le meurtre aurait eu lieu entre le 26 et le 27\u00a0mars 2024. D\u00e9j\u00e0 en 2022, Auriane Laisn\u00e9 s\u2019\u00e9tait plainte du \u00ab\u00a0comportement violent\u00a0\u00bb de Sohaib Teima, \u00e9voquant \u00ab\u00a0la possibilit\u00e9 qu\u2019il puisse la tuer\u00a0\u00bb.<\/p>\n<p>L\u2019enqu\u00eate r\u00e9v\u00e8le une relation toxique, marqu\u00e9e par des tentatives de surveillance \u00e9troite exerc\u00e9es par Sohaib Teima sur Auriane. L\u2019accus\u00e9 aurait utilis\u00e9 un logiciel de surveillance pour espionner les \u00e9changes t\u00e9l\u00e9phoniques de la jeune femme. Les analyses men\u00e9es sur son ordinateur ont \u00e9galement r\u00e9v\u00e9l\u00e9 des traces d\u2019un programme espion, utilis\u00e9 entre fin janvier et le 20\u00a0f\u00e9vrier 2024, ainsi qu\u2019un logiciel de masquage d\u2019adresse IP et un acc\u00e8s au compte email d\u2019Auriane. De plus, une ordonnance falsifi\u00e9e pour obtenir du Xanax, un anxiolytique, a \u00e9t\u00e9 retrouv\u00e9e dans ses fichiers. Les enqu\u00eateurs ont \u00e9galement d\u00e9couvert des vid\u00e9os \u00e0 caract\u00e8re sexuel du couple sur une carte m\u00e9moire. Enfin, une note manuscrite retrouv\u00e9e pr\u00e8s du corps de la victime et qui mentionnait le compte Instagram d\u2019un jeune Chilien, finalement sans lien avec l\u2019affaire, poste toujours question. Sohaib Teima aurait-il tent\u00e9 de faire accuser un autre homme\u00a0?<\/p>\n<p>  \u00ab\u00a0Une confiance totale dans la justice italienne\u00a0\u00bb<\/p>\n<p>L\u2019avocate de la d\u00e9fense, Me Lucia Lupi, accompagn\u00e9e de Me Luca Tommaso Calabr\u00f2, d\u00e9nonce un \u00ab\u00a0proc\u00e8s \u00e0 charge, reposant sur des \u00e9l\u00e9ments indirects\u00a0\u00bb, <a href=\"https:\/\/www.ansa.it\/valledaosta\/notizie\/2025\/05\/07\/femminicidio-a-la-salle-chat-del-2022-temo-che-mi-ammazzi_0627e642-cb10-498f-a02c-4ba4df458c0f.html\" target=\"_blank\" rel=\"nofollow noopener\">et r\u00e9affirme que son client conteste les faits qui lui sont reproch\u00e9s<\/a>.<\/p>\n<p>Deux expertises, qui devront avoir lieu au cours du mois de mai\u00a0: l\u2019une pour retranscrire une quinzaine d\u2019\u00e9coutes t\u00e9l\u00e9phoniques, dont plusieurs en arabe, et l\u2019autre pour extraire les donn\u00e9es de deux iPhones appartenant \u00e0 Sohaib Teima. \u00ab\u00a0Nous saluons l\u2019excellent travail des carabiniers et avons une confiance totale dans la justice italienne\u00a0\u00bb, a d\u00e9clar\u00e9 Agn\u00e8s, la m\u00e8re d\u2019Auriane, \u00e0 la presse devant le tribunal. Les prochaines audiences sont programm\u00e9es au mardi 27\u00a0mai, mercredi 18\u00a0juin, mercredi 23\u00a0juillet, mardi 16\u00a0septembre et mercredi 17\u00a0septembre\u00a02025.<\/p>\n","protected":false},"excerpt":{"rendered":"Le proc\u00e8s de\u00a0Sohaib Teima, 22 ans et originaire de Fermo a d\u00e9but\u00e9 ce mercredi matin devant la Cour&hellip;\n","protected":false},"author":2,"featured_media":82742,"comment_status":"","ping_status":"","sticky":false,"template":"","format":"standard","meta":{"footnotes":""},"categories":[1889],"tags":[1111,11,2430,271,272,2757,1777,674,274,107,1011,27,2428,2756,12,25,2429],"class_list":{"0":"post-82741","1":"post","2":"type-post","3":"status-publish","4":"format-standard","5":"has-post-thumbnail","7":"category-lyon","8":"tag-actu","9":"tag-actualites","10":"tag-auvergne-rhone-alpes","11":"tag-crime","12":"tag-delit-et-contravention","13":"tag-edition-lyon-villeurbanne","14":"tag-eu","15":"tag-europe","16":"tag-faits-divers-justice","17":"tag-fil-info","18":"tag-fr","19":"tag-france","20":"tag-lyon","21":"tag-lyon-bassin","22":"tag-news","23":"tag-republique-francaise","24":"tag-rhone"},"share_on_mastodon":{"url":"https:\/\/pubeurope.com\/@fr\/114468437604675186","error":""},"_links":{"self":[{"href":"https:\/\/www.europesays.com\/fr\/wp-json\/wp\/v2\/posts\/82741","targetHints":{"allow":["GET"]}}],"collection":[{"href":"https:\/\/www.europesays.com\/fr\/wp-json\/wp\/v2\/posts"}],"about":[{"href":"https:\/\/www.europesays.com\/fr\/wp-json\/wp\/v2\/types\/post"}],"author":[{"embeddable":true,"href":"https:\/\/www.europesays.com\/fr\/wp-json\/wp\/v2\/users\/2"}],"replies":[{"embeddable":true,"href":"https:\/\/www.europesays.com\/fr\/wp-json\/wp\/v2\/comments?post=82741"}],"version-history":[{"count":0,"href":"https:\/\/www.europesays.com\/fr\/wp-json\/wp\/v2\/posts\/82741\/revisions"}],"wp:featuredmedia":[{"embeddable":true,"href":"https:\/\/www.europesays.com\/fr\/wp-json\/wp\/v2\/media\/82742"}],"wp:attachment":[{"href":"https:\/\/www.europesays.com\/fr\/wp-json\/wp\/v2\/media?parent=82741"}],"wp:term":[{"taxonomy":"category","embeddable":true,"href":"https:\/\/www.europesays.com\/fr\/wp-json\/wp\/v2\/categories?post=82741"},{"taxonomy":"post_tag","embeddable":true,"href":"https:\/\/www.europesays.com\/fr\/wp-json\/wp\/v2\/tags?post=82741"}],"curies":[{"name":"wp","href":"https:\/\/api.w.org\/{rel}","templated":true}]}}