{"id":82743,"date":"2025-05-07T20:28:12","date_gmt":"2025-05-07T20:28:12","guid":{"rendered":"https:\/\/www.europesays.com\/fr\/82743\/"},"modified":"2025-05-07T20:28:12","modified_gmt":"2025-05-07T20:28:12","slug":"jai-laisse-mon-chapeau-de-cow-boy-a-lyon-john-textor-invite-au-parc-par-nasser-al-khelaifi-pour-psg-arsenal","status":"publish","type":"post","link":"https:\/\/www.europesays.com\/fr\/82743\/","title":{"rendered":"\u00ab\u00a0J\u2019ai laiss\u00e9 mon chapeau de cow-boy \u00e0 Lyon\u00a0\u00bb\u00a0: John Textor invit\u00e9 au Parc par Nasser al-Khela\u00effi pour PSG-Arsenal"},"content":{"rendered":"<p class=\"paragraph text_align_left\">Pas de chapeau de cow-boy ni de passe d\u2019armes cette fois. John Textor, le pr\u00e9sident de Lyon, et Nasser al-Khela\u00effi, son homologue parisien \u00e9taient en paix. Les deux hommes s\u2019\u00e9taient largement oppos\u00e9s au moment des n\u00e9gociations sur les droits t\u00e9l\u00e9 de la Ligue\u00a01, le dirigeant parisien traitant le Lyonnais de \u00ab\u00a0cow-boy\u00a0\u00bb. L\u2019Am\u00e9ricain avait r\u00e9pliqu\u00e9 en arborant un stetson sur la t\u00eate.<\/p>\n<p class=\"lp-f-ui-06 bet-widget_legal-notices lp-color-text-muted lp-mb-07\">LES JEUX D&rsquo;ARGENT ET DE HASARD PEUVENT \u00caTRE DANGEREUX : PERTES D&rsquo;ARGENT, CONFLITS FAMILIAUX, ADDICTION\u2026 RETROUVEZ NOS CONSEILS SUR <a href=\"https:\/\/joueurs-info-service.fr\/\" class=\"lp-color-text-muted\" rel=\"nofollow noopener\" target=\"_blank\">JOUEURS-INFO-SERVICE.FR<\/a> (09 74 75 13 13 &#8211; APPEL NON SURTAX\u00c9)<\/p>\n<p class=\"paragraph text_align_left\">Mais, \u00e0 l\u2019\u00e9vidence, le calumet de la paix a \u00e9t\u00e9 fum\u00e9 entre les deux dirigeants. Al-Khela\u00effi a invit\u00e9 Textor \u00e0 assister \u00e0 la demi-finale de Ligue des champions entre le PSG et Arsenal dans la tribune pr\u00e9sidentielle. Et le patron de l\u2019OL a \u00e9t\u00e9 sensible au geste.<\/p>\n<p class=\"paragraph text_align_left\">\u00ab\u00a0Tr\u00e8s heureux d\u2019\u00eatre invit\u00e9 par le PSG pour la demi-finale de la Ligue des champions ce soir, \u00e9crit-il sur son compte Instagram. Heureux \u00e9galement de collaborer \u00e0 nouveau avec NAK, en cette p\u00e9riode critique, sur les d\u00e9fis et les opportunit\u00e9s du football fran\u00e7ais. Dans des moments comme celui-ci, nous travaillerons ensemble\u2026 J\u2019ai donc laiss\u00e9 mon chapeau de cow-boy \u00e0 Lyon. Ce soir, je soutiens la France\u00a0!\u00a0\u00bb<\/p>\n","protected":false},"excerpt":{"rendered":"Pas de chapeau de cow-boy ni de passe d\u2019armes cette fois. John Textor, le pr\u00e9sident de Lyon, et&hellip;\n","protected":false},"author":2,"featured_media":82744,"comment_status":"","ping_status":"","sticky":false,"template":"","format":"standard","meta":{"footnotes":""},"categories":[1889],"tags":[1111,11,2430,1777,674,63,1011,27,447,2428,12,25,60],"class_list":{"0":"post-82743","1":"post","2":"type-post","3":"status-publish","4":"format-standard","5":"has-post-thumbnail","7":"category-lyon","8":"tag-actu","9":"tag-actualites","10":"tag-auvergne-rhone-alpes","11":"tag-eu","12":"tag-europe","13":"tag-football","14":"tag-fr","15":"tag-france","16":"tag-ligue-des-champions","17":"tag-lyon","18":"tag-news","19":"tag-republique-francaise","20":"tag-sports"},"share_on_mastodon":{"url":"https:\/\/pubeurope.com\/@fr\/114468441513408834","error":""},"_links":{"self":[{"href":"https:\/\/www.europesays.com\/fr\/wp-json\/wp\/v2\/posts\/82743","targetHints":{"allow":["GET"]}}],"collection":[{"href":"https:\/\/www.europesays.com\/fr\/wp-json\/wp\/v2\/posts"}],"about":[{"href":"https:\/\/www.europesays.com\/fr\/wp-json\/wp\/v2\/types\/post"}],"author":[{"embeddable":true,"href":"https:\/\/www.europesays.com\/fr\/wp-json\/wp\/v2\/users\/2"}],"replies":[{"embeddable":true,"href":"https:\/\/www.europesays.com\/fr\/wp-json\/wp\/v2\/comments?post=82743"}],"version-history":[{"count":0,"href":"https:\/\/www.europesays.com\/fr\/wp-json\/wp\/v2\/posts\/82743\/revisions"}],"wp:featuredmedia":[{"embeddable":true,"href":"https:\/\/www.europesays.com\/fr\/wp-json\/wp\/v2\/media\/82744"}],"wp:attachment":[{"href":"https:\/\/www.europesays.com\/fr\/wp-json\/wp\/v2\/media?parent=82743"}],"wp:term":[{"taxonomy":"category","embeddable":true,"href":"https:\/\/www.europesays.com\/fr\/wp-json\/wp\/v2\/categories?post=82743"},{"taxonomy":"post_tag","embeddable":true,"href":"https:\/\/www.europesays.com\/fr\/wp-json\/wp\/v2\/tags?post=82743"}],"curies":[{"name":"wp","href":"https:\/\/api.w.org\/{rel}","templated":true}]}}