{"id":82751,"date":"2025-05-07T20:32:17","date_gmt":"2025-05-07T20:32:17","guid":{"rendered":"https:\/\/www.europesays.com\/fr\/82751\/"},"modified":"2025-05-07T20:32:17","modified_gmt":"2025-05-07T20:32:17","slug":"football-vive-altercation-entre-marie-antoinette-katoto-et-le-directeur-sportif-du-psg-feminin","status":"publish","type":"post","link":"https:\/\/www.europesays.com\/fr\/82751\/","title":{"rendered":"Football. Vive altercation entre Marie-Antoinette Katoto et le directeur sportif du PSG f\u00e9minin"},"content":{"rendered":"<p>Le climat est tendu au PSG. Lundi, une altercation aurait eu lieu entre Marie-Antoinette Katoto et le directeur sportif de la section f\u00e9minine Angelo Castellazzi lors d&rsquo;une r\u00e9union avec les joueuses. Celle-ci s&rsquo;est d\u00e9roul\u00e9e entre les dirigeants du PSG f\u00e9minin et l&rsquo;ensemble de l&rsquo;effectif \u00e0 la suite de l&rsquo;annonce de la mise \u00e0 pied du coach Fabrice Abriel, confirmant une information du journal l&rsquo;Equipe.<\/p>\n<p>L&rsquo;\u00e9change a \u00e9t\u00e9 tendu entre l&rsquo;attaquante internationale, en fin de contrat \u00e0 la fin de la saison et annonc\u00e9e \u00e0 l&rsquo;Olympique lyonnais, et le directeur sportif, qui entretiennent des relations tendues depuis plusieurs mois, selon une source qui a pr\u00e9cis\u00e9 que ce n&rsquo;\u00e9tait pas la premi\u00e8re fois que le ton \u00e9tait mont\u00e9 entre les deux protagonistes. Ils se sont retrouv\u00e9s \u00ab front contre front \u00bb et \u00ab il a fallu les s\u00e9parer \u00bb,<a href=\"https:\/\/www.lequipe.fr\/Football\/Actualites\/Vive-altercation-entre-marie-antoinette-katoto-et-le-directeur-sportif-du-psg-angelo-castellazzi\/1559736\" target=\"_blank\" rel=\"nofollow noopener\"> selon l&rsquo;Equipe<\/a>. Contact\u00e9s, le club, Angelo Castellazzi et l&rsquo;avocat de l&rsquo;attaquante n&rsquo;ont pas r\u00e9agi dans l&rsquo;imm\u00e9diat.<\/p>\n<p>Katoto et d&rsquo;autres cadres non convoqu\u00e9es face \u00e0 Nantes<\/p>\n<p>La fin de saison est compliqu\u00e9e pour le PSG<a href=\"https:\/\/www.ledauphine.com\/sport\/2025\/05\/03\/le-paris-fc-bat-le-psg-aux-tirs-au-but-et-remporte-la-coupe-de-france-feminine\" target=\"_blank\" rel=\"nofollow noopener\">: la d\u00e9faite samedi en finale de la Coupe de France<\/a> contre le Paris FC (0-0, 5 t.a.b. \u00e0 4), pr\u00e9cis\u00e9ment l&rsquo;adversaire que le PSG doit retrouver au Parc des Princes dimanche (17h00) en demi-finale des play-off de championnat, a pr\u00e9cipit\u00e9 la chute du coach Fabrice Abriel qui a connu plusieurs conflits avec son groupe dont Grace Geyoro et Sakina Karchaoui <a href=\"https:\/\/www.ledauphine.com\/sport\/2024\/07\/08\/fabrice-abriel-nomme-entraineur-du-psg-feminin\" target=\"_blank\" rel=\"nofollow noopener\">depuis son arriv\u00e9e l&rsquo;\u00e9t\u00e9 dernier. <\/a><\/p>\n<p>Il a \u00e9t\u00e9 remplac\u00e9 provisoirement par le Br\u00e9silien Paulo Cesar, ancien joueur du PSG et en charge jusqu&rsquo;ici des U19 f\u00e9minines. Ce dernier n&rsquo;a pas convoqu\u00e9 Katoto, ni d&rsquo;autres cadres comme Grace Geyoro, <a href=\"https:\/\/www.ledauphine.com\/p\/griedge-mbock\" target=\"_blank\" rel=\"nofollow noopener\">Griedge Mbock<\/a>, Elisa De Almeida et Jackie Groenen mercredi pour le match face \u00e0 Nantes (17h00), qui compte pour la 22e journ\u00e9e de championnat. <\/p>\n","protected":false},"excerpt":{"rendered":"Le climat est tendu au PSG. Lundi, une altercation aurait eu lieu entre Marie-Antoinette Katoto et le directeur&hellip;\n","protected":false},"author":2,"featured_media":82752,"comment_status":"","ping_status":"","sticky":false,"template":"","format":"standard","meta":{"footnotes":""},"categories":[1888],"tags":[1111,1928,11,1927,1777,674,107,63,1011,27,329,12,1926,626,1925,25,517,1947],"class_list":{"0":"post-82751","1":"post","2":"type-post","3":"status-publish","4":"format-standard","5":"has-post-thumbnail","7":"category-paris","8":"tag-actu","9":"tag-actu-paris","10":"tag-actualites","11":"tag-actualites-paris","12":"tag-eu","13":"tag-europe","14":"tag-fil-info","15":"tag-football","16":"tag-fr","17":"tag-france","18":"tag-france-monde","19":"tag-news","20":"tag-news-paris","21":"tag-paris","22":"tag-paris-news","23":"tag-republique-francaise","24":"tag-sport","25":"tag-sport-national"},"share_on_mastodon":{"url":"https:\/\/pubeurope.com\/@fr\/114468457448565595","error":""},"_links":{"self":[{"href":"https:\/\/www.europesays.com\/fr\/wp-json\/wp\/v2\/posts\/82751","targetHints":{"allow":["GET"]}}],"collection":[{"href":"https:\/\/www.europesays.com\/fr\/wp-json\/wp\/v2\/posts"}],"about":[{"href":"https:\/\/www.europesays.com\/fr\/wp-json\/wp\/v2\/types\/post"}],"author":[{"embeddable":true,"href":"https:\/\/www.europesays.com\/fr\/wp-json\/wp\/v2\/users\/2"}],"replies":[{"embeddable":true,"href":"https:\/\/www.europesays.com\/fr\/wp-json\/wp\/v2\/comments?post=82751"}],"version-history":[{"count":0,"href":"https:\/\/www.europesays.com\/fr\/wp-json\/wp\/v2\/posts\/82751\/revisions"}],"wp:featuredmedia":[{"embeddable":true,"href":"https:\/\/www.europesays.com\/fr\/wp-json\/wp\/v2\/media\/82752"}],"wp:attachment":[{"href":"https:\/\/www.europesays.com\/fr\/wp-json\/wp\/v2\/media?parent=82751"}],"wp:term":[{"taxonomy":"category","embeddable":true,"href":"https:\/\/www.europesays.com\/fr\/wp-json\/wp\/v2\/categories?post=82751"},{"taxonomy":"post_tag","embeddable":true,"href":"https:\/\/www.europesays.com\/fr\/wp-json\/wp\/v2\/tags?post=82751"}],"curies":[{"name":"wp","href":"https:\/\/api.w.org\/{rel}","templated":true}]}}