{"id":827580,"date":"2026-03-27T06:03:16","date_gmt":"2026-03-27T06:03:16","guid":{"rendered":"https:\/\/www.europesays.com\/fr\/827580\/"},"modified":"2026-03-27T06:03:16","modified_gmt":"2026-03-27T06:03:16","slug":"voici-le-programme-tv-du-gp-du-japon-2026","status":"publish","type":"post","link":"https:\/\/www.europesays.com\/fr\/827580\/","title":{"rendered":"voici le programme TV du GP du Japon 2026"},"content":{"rendered":"<p itemprop=\"description\">Le Grand Prix du Japon 2026 de F1<br \/>\ns\u2019annonce d\u00e9cisif \u00e0 Suzuka, du 27 au 29 mars, avec un d\u00e9part<br \/>\nprogramm\u00e9 \u00e0 l\u2019aube pour les fans fran\u00e7ais. Entre passage \u00e0 l\u2019heure<br \/>\nd\u2019\u00e9t\u00e9 et dernier rendez-vous avant un long break, mieux vaut<br \/>\npr\u00e9parer son programme TV.<\/p>\n<p>Le retour du <strong>Grand Prix du Japon 2026<\/strong> s\u2019annonce<br \/>\nmuscl\u00e9 pour les fans de F1\u2026 et pour les r\u00e9veils matinaux. Le<br \/>\nchampionnat du monde fait \u00e9tape \u00e0 Suzuka du vendredi 27 au dimanche<br \/>\n29 mars 2026, sur un week-end d\u00e9j\u00e0 bien particulier : calendrier<br \/>\nchamboul\u00e9, bataille au sommet chez Mercedes, et course programm\u00e9e<br \/>\ntr\u00e8s t\u00f4t pour les t\u00e9l\u00e9spectateurs fran\u00e7ais. Autant dire qu\u2019il va<br \/>\nfalloir s\u2019organiser si vous ne voulez rien rater.<\/p>\n<p>Avant ce voyage au pays du Soleil-Levant, la saison 2026 a d\u00e9j\u00e0<br \/>\n\u00e9t\u00e9 secou\u00e9e : les Grands Prix de Bahre\u00efn et d\u2019Arabie Saoudite ont<br \/>\n\u00e9t\u00e9 annul\u00e9s, et ce sont George Russell et Kimi Antonelli qui m\u00e8nent<br \/>\nla danse, avec respectivement 51 et 47 points, Mercedes ayant<br \/>\nremport\u00e9 toutes les courses disput\u00e9es jusque-l\u00e0. Suzuka devient du<br \/>\ncoup la derni\u00e8re manche avant un long mois sans F1, un rendez-vous<br \/>\n\u00e0 ne pas manquer\u2026 \u00e0 condition de bien ma\u00eetriser les<br \/>\n<strong>horaires F1 Suzuka 2026 en heure fran\u00e7aise<\/strong>.<\/p>\n<p>Programme TV du GP du Japon 2026 : tous les horaires F1 en<br \/>\nheure fran\u00e7aise<\/p>\n<p>Le <strong>programme TV du GP du Japon 2026<\/strong> s\u2019\u00e9tale du<br \/>\nvendredi 27 au dimanche 29 mars, avec un format classique sur le<br \/>\ncircuit de Suzuka. D\u2019apr\u00e8s les horaires communiqu\u00e9s pour ce<br \/>\nweek-end, les deux s\u00e9ances d\u2019essais libres du vendredi auront lieu<br \/>\nen pleine nuit et au petit matin pour les Fran\u00e7ais : Essais libres<br \/>\n1 \u00e0 3h30, puis Essais libres 2 \u00e0 7h, en heure fran\u00e7aise. Le samedi,<br \/>\nm\u00eame sch\u00e9ma tr\u00e8s matinal avec les Essais libres 3 \u00e0 3h30, suivis<br \/>\ndes qualifications \u00e0 7h, toujours en heure fran\u00e7aise.<\/p>\n<p>Le dimanche 29 mars 2026, le d\u00e9part du <strong>Grand Prix du<br \/>\nJapon 2026 de F1<\/strong> est programm\u00e9 \u00e0 7h, l\u00e0 encore en heure<br \/>\nfran\u00e7aise. Un d\u00e9tail qui a son importance : dans la nuit de samedi<br \/>\n\u00e0 dimanche, l\u2019Europe passe \u00e0 l\u2019heure d\u2019\u00e9t\u00e9, avec l\u2019horloge qui<br \/>\nsautera directement de 2h \u00e0 3h. Il faudra donc tenir compte de ce<br \/>\nchangement d\u2019heure pour ne pas rater le d\u00e9part. Aucune pr\u00e9cision<br \/>\nn\u00a0\u00bbest donn\u00e9e \u00e0 ce sujet pour l\u2019instant concernant l\u2019horaire exact<br \/>\ndes \u00e9ventuelles \u00e9missions d\u2019avant-course type plateau ou \u00ab\u00a0La<br \/>\nGrille\u00a0\u00bb avant le feu vert.<\/p>\n<p>Sur quelles cha\u00eenes et en streaming voir le Grand Prix du Japon<br \/>\n2026 de F1 ?<\/p>\n<p>En France, la Formule 1 est diffus\u00e9e en exclusivit\u00e9 par<br \/>\n<strong>Canal+<\/strong>, avec un contrat prolong\u00e9 au moins jusqu\u2019en<br \/>\n2029. La cha\u00eene crypt\u00e9e s\u2019est impos\u00e9e comme une r\u00e9f\u00e9rence des<br \/>\nsports m\u00e9caniques : elle diffuse la F1, mais aussi la MotoGP, le<br \/>\nWRC et l\u2019IndyCar. Pour suivre le GP du Japon 2026 en direct \u00e0 la<br \/>\nt\u00e9l\u00e9vision, il faudra donc passer par une offre Canal+, les autres<br \/>\ncha\u00eenes gratuites ou payantes ne proposant pas la course en clair.<br \/>\nSelon les pr\u00e9c\u00e9dents Grands Prix, la course est propos\u00e9e sur<br \/>\nCanal+, tandis que les essais et qualifications sont relay\u00e9s sur<br \/>\nles antennes Canal+ Sport, mais aucune pr\u00e9cision n&rsquo;est donn\u00e9e \u00e0 ce<br \/>\nsujet pour l\u2019instant pour l\u2019\u00e9dition 2026.<\/p>\n<p>Pour le streaming l\u00e9gal, tout se joue via myCanal, la plateforme<br \/>\nde Canal+ <strong>qui permet de regarder les cha\u00eenes en direct et<br \/>\nen replay sur t\u00e9l\u00e9viseur connect\u00e9<\/strong>, ordinateur, smartphone<br \/>\nou tablette.<\/p>\n","protected":false},"excerpt":{"rendered":"Le Grand Prix du Japon 2026 de F1 s\u2019annonce d\u00e9cisif \u00e0 Suzuka, du 27 au 29 mars, avec&hellip;\n","protected":false},"author":2,"featured_media":827581,"comment_status":"","ping_status":"","sticky":false,"template":"","format":"standard","meta":{"footnotes":"","_share_on_mastodon":"0"},"categories":[9],"tags":[930,5734,3029,1451,1011,27,7591,2070,5240,60,1364,6013],"class_list":["post-827580","post","type-post","status-publish","format-standard","has-post-thumbnail","category-sports","tag-le","tag-5734","tag-du","tag-f1","tag-fr","tag-france","tag-gp","tag-japon","tag-programme","tag-sports","tag-tv","tag-voici"],"share_on_mastodon":{"url":"https:\/\/pubeurope.com\/@fr\/116299628852123962","error":""},"_links":{"self":[{"href":"https:\/\/www.europesays.com\/fr\/wp-json\/wp\/v2\/posts\/827580","targetHints":{"allow":["GET"]}}],"collection":[{"href":"https:\/\/www.europesays.com\/fr\/wp-json\/wp\/v2\/posts"}],"about":[{"href":"https:\/\/www.europesays.com\/fr\/wp-json\/wp\/v2\/types\/post"}],"author":[{"embeddable":true,"href":"https:\/\/www.europesays.com\/fr\/wp-json\/wp\/v2\/users\/2"}],"replies":[{"embeddable":true,"href":"https:\/\/www.europesays.com\/fr\/wp-json\/wp\/v2\/comments?post=827580"}],"version-history":[{"count":0,"href":"https:\/\/www.europesays.com\/fr\/wp-json\/wp\/v2\/posts\/827580\/revisions"}],"wp:featuredmedia":[{"embeddable":true,"href":"https:\/\/www.europesays.com\/fr\/wp-json\/wp\/v2\/media\/827581"}],"wp:attachment":[{"href":"https:\/\/www.europesays.com\/fr\/wp-json\/wp\/v2\/media?parent=827580"}],"wp:term":[{"taxonomy":"category","embeddable":true,"href":"https:\/\/www.europesays.com\/fr\/wp-json\/wp\/v2\/categories?post=827580"},{"taxonomy":"post_tag","embeddable":true,"href":"https:\/\/www.europesays.com\/fr\/wp-json\/wp\/v2\/tags?post=827580"}],"curies":[{"name":"wp","href":"https:\/\/api.w.org\/{rel}","templated":true}]}}