{"id":82761,"date":"2025-05-07T20:37:10","date_gmt":"2025-05-07T20:37:10","guid":{"rendered":"https:\/\/www.europesays.com\/fr\/82761\/"},"modified":"2025-05-07T20:37:10","modified_gmt":"2025-05-07T20:37:10","slug":"usa-le-regulateur-faa-restreint-les-vols-a-newark-apres-une-coupure-de-radar","status":"publish","type":"post","link":"https:\/\/www.europesays.com\/fr\/82761\/","title":{"rendered":"USA: le r\u00e9gulateur FAA restreint les vols \u00e0 Newark apr\u00e8s une coupure de radar"},"content":{"rendered":"<p class=\"ap-StoryElement ap-StoryElement--mb ap-StoryText\">\u00ab\u00a0La FAA prend des mesures imm\u00e9diates pour am\u00e9liorer la fiabilit\u00e9 des op\u00e9rations\u00a0\u00bb \u00e0 l&rsquo;a\u00e9roport de Newark, notamment \u00ab\u00a0l&rsquo;acc\u00e9l\u00e9ration des am\u00e9liorations technologiques et logistiques et l&rsquo;accroissement du personnel de contr\u00f4le a\u00e9rien\u00a0\u00bb.<\/p>\n<p class=\"ap-StoryElement ap-StoryElement--mb ap-StoryText\">Parmi ces mesures, l&rsquo;ajout de trois connexions de t\u00e9l\u00e9communications \u00e0 haut-d\u00e9bit entre le centre de contr\u00f4le et Newark, le remplacement des c\u00e2bles en cuivre par un r\u00e9seau de fibre optique et l&rsquo;intensification de la formation de nouveaux contr\u00f4leurs.<\/p>\n<p class=\"ap-StoryElement ap-StoryElement--mb ap-StoryText\">Cette p\u00e9nurie de personnel dans les tours de contr\u00f4le n&rsquo;est pas un ph\u00e9nom\u00e8ne nouveau, et trouve ses origines dans la pand\u00e9mie de Covid-19.<\/p>\n<p class=\"ap-StoryElement ap-StoryElement--mb ap-StoryText\">En septembre 2023, l&rsquo;organisation du trafic a\u00e9rien et le syndicat national des contr\u00f4leurs a\u00e9riens (NATCA) \u00e9valuaient \u00e0 plus de 3.000 le nombre de contr\u00f4leurs manquants dans les tours des a\u00e9roports am\u00e9ricains.<\/p>\n<p class=\"ap-StoryElement ap-StoryElement--mb ap-StoryText\">Face \u00e0 ce d\u00e9ficit, le r\u00e9gulateur a demand\u00e9 \u00e0 l&rsquo;\u00e9t\u00e9 2023 aux compagnies a\u00e9riennes de r\u00e9duire de 20% le nombre de vols aux trois a\u00e9roports de New York (JFK, LaGuardia et Newark) et \u00e0 celui de Ronald-Reagan de la capitale f\u00e9d\u00e9rale Washington. Cette requ\u00eate a \u00e9t\u00e9 reconduite au moins jusqu&rsquo;en octobre 2025.<\/p>\n","protected":false},"excerpt":{"rendered":"\u00ab\u00a0La FAA prend des mesures imm\u00e9diates pour am\u00e9liorer la fiabilit\u00e9 des op\u00e9rations\u00a0\u00bb \u00e0 l&rsquo;a\u00e9roport de Newark, notamment \u00ab\u00a0l&rsquo;acc\u00e9l\u00e9ration&hellip;\n","protected":false},"author":2,"featured_media":2837,"comment_status":"","ping_status":"","sticky":false,"template":"","format":"standard","meta":{"footnotes":""},"categories":[1589],"tags":[11,296,313,73,1866,12,801,602,2803,1864,1865,1863,308],"class_list":{"0":"post-82761","1":"post","2":"type-post","3":"status-publish","4":"format-standard","5":"has-post-thumbnail","7":"category-etats-unis","8":"tag-actualites","9":"tag-aeronautique","10":"tag-entreprises","11":"tag-etats-unis","12":"tag-etats-unis-damerique","13":"tag-news","14":"tag-social","15":"tag-tourisme","16":"tag-transport","17":"tag-united-states","18":"tag-united-states-of-america","19":"tag-us","20":"tag-usa"},"share_on_mastodon":{"url":"https:\/\/pubeurope.com\/@fr\/114468477120800570","error":""},"_links":{"self":[{"href":"https:\/\/www.europesays.com\/fr\/wp-json\/wp\/v2\/posts\/82761","targetHints":{"allow":["GET"]}}],"collection":[{"href":"https:\/\/www.europesays.com\/fr\/wp-json\/wp\/v2\/posts"}],"about":[{"href":"https:\/\/www.europesays.com\/fr\/wp-json\/wp\/v2\/types\/post"}],"author":[{"embeddable":true,"href":"https:\/\/www.europesays.com\/fr\/wp-json\/wp\/v2\/users\/2"}],"replies":[{"embeddable":true,"href":"https:\/\/www.europesays.com\/fr\/wp-json\/wp\/v2\/comments?post=82761"}],"version-history":[{"count":0,"href":"https:\/\/www.europesays.com\/fr\/wp-json\/wp\/v2\/posts\/82761\/revisions"}],"wp:featuredmedia":[{"embeddable":true,"href":"https:\/\/www.europesays.com\/fr\/wp-json\/wp\/v2\/media\/2837"}],"wp:attachment":[{"href":"https:\/\/www.europesays.com\/fr\/wp-json\/wp\/v2\/media?parent=82761"}],"wp:term":[{"taxonomy":"category","embeddable":true,"href":"https:\/\/www.europesays.com\/fr\/wp-json\/wp\/v2\/categories?post=82761"},{"taxonomy":"post_tag","embeddable":true,"href":"https:\/\/www.europesays.com\/fr\/wp-json\/wp\/v2\/tags?post=82761"}],"curies":[{"name":"wp","href":"https:\/\/api.w.org\/{rel}","templated":true}]}}