{"id":82764,"date":"2025-05-07T20:39:09","date_gmt":"2025-05-07T20:39:09","guid":{"rendered":"https:\/\/www.europesays.com\/fr\/82764\/"},"modified":"2025-05-07T20:39:09","modified_gmt":"2025-05-07T20:39:09","slug":"allemagne-le-nouveau-gouvernement-va-refouler-la-plupart-des-demandeurs-dasile","status":"publish","type":"post","link":"https:\/\/www.europesays.com\/fr\/82764\/","title":{"rendered":"Allemagne : le nouveau gouvernement va refouler la plupart des demandeurs d\u2019asile"},"content":{"rendered":"<p>Le ministre allemand de l&rsquo;Int\u00e9rieur a annonc\u00e9 avoir demand\u00e9 \u00e0 la police des fronti\u00e8res de refouler la plupart des demandeurs d&rsquo;asile sans papiers.Il a fait une exception pour \u00ab\u00a0les groupes vuln\u00e9rables, comme les enfants et les femmes enceintes\u00a0\u00bb.Une mesure qui vise \u00e0 \u00ab\u00a0r\u00e9duire l&rsquo;immigration clandestine\u00a0\u00bb.<\/p>\n<p data-module=\"article-paragraph\" class=\"jsx-362436225 Paragraph Paragraph__End\">Alexander Dobrindt n&rsquo;aura attendu que quelques heures pour marquer les esprits. Le nouveau ministre allemand de l&rsquo;Int\u00e9rieur, nomm\u00e9 mardi <a href=\"https:\/\/www.tf1info.fr\/international\/allemagne-la-journee-compliquee-de-friedrich-merz-elu-chancelier-dans-la-douleur-2369230.html\" rel=\"nofollow noopener\" target=\"_blank\">au sein d&rsquo;un gouvernement de coalition<\/a> entre les d\u00e9mocrates-chr\u00e9tiens (CDU) et les sociaux-d\u00e9mocrates (SPD), a annonc\u00e9 une mesure forte ce mercredi pour \u00ab\u00a0r\u00e9duire l&rsquo;immigration clandestine\u00a0\u00bb : il a ordonn\u00e9 \u00e0 la police des fronti\u00e8res de refouler les demandeurs d&rsquo;asile sans papiers, \u00ab\u00a0sauf les groupes vuln\u00e9rables, comme les enfants et les femmes enceintes\u00a0\u00bb.<\/p>\n<p data-module=\"article-paragraph\" class=\"jsx-362436225 Paragraph Paragraph__End\">Pour ce faire, le ministre a annul\u00e9 une directive qui avait \u00e9t\u00e9 sign\u00e9e en 2015, au c\u0153ur de la crise migratoire europ\u00e9enne : l&rsquo;Allemagne, dirig\u00e9e par Angela Merkel, s&rsquo;\u00e9tait alors distingu\u00e9e par sa politique d&rsquo;accueil massif de migrants, venus principalement d&rsquo;Afghanistan et de Syrie. Le gouvernement de l&rsquo;\u00e9poque avait alors ordonn\u00e9 \u00e0 la police f\u00e9d\u00e9rale \u00ab\u00a0d&rsquo;autoriser l&rsquo;entr\u00e9e de ressortissants de pays tiers sans documents l\u00e9gitimant leur s\u00e9jour et sans pr\u00e9sentation d&rsquo;une demande d&rsquo;asile\u00a0\u00bb.<\/p>\n<p>L&rsquo;immigration comme priorit\u00e9<\/p>\n<p data-module=\"article-paragraph\" class=\"jsx-362436225 Paragraph Paragraph__End\">En revenant sur cette directive, \u00e0 peine quelques heures apr\u00e8s son entr\u00e9e en fonction, le gouvernement de Friedrich Merz se saisit d&rsquo;un dossier qui a domin\u00e9 les d\u00e9bats tout au long de la campagne des \u00e9lections l\u00e9gislatives allemandes : l&rsquo;immigration. Une priorit\u00e9 qui avait \u00e9t\u00e9 annonc\u00e9e par le nouveau chancelier avant son \u00e9lection.<\/p>\n<p data-module=\"article-paragraph\" class=\"jsx-362436225 Paragraph Paragraph__End\">Pour la premi\u00e8re fois dans l&rsquo;histoire de la R\u00e9publique f\u00e9d\u00e9rale allemande, Friedrich Merz n&rsquo;a \u00e9t\u00e9 \u00e9lu qu&rsquo;au second tour lors du vote du Bundestag ce mardi. Il a finalement succ\u00e9d\u00e9 au social-d\u00e9mocrate Olaf Scholz, deux mois apr\u00e8s la victoire du camp conservateur aux l\u00e9gislatives. Un scrutin qui avait \u00e9t\u00e9 marqu\u00e9 par la perc\u00e9e du parti d&rsquo;extr\u00eame droite anti-immigration AfD, d\u00e9sormais premier parti d&rsquo;opposition.<\/p>\n<p>IM avec AFP<\/p>\n","protected":false},"excerpt":{"rendered":"Le ministre allemand de l&rsquo;Int\u00e9rieur a annonc\u00e9 avoir demand\u00e9 \u00e0 la police des fronti\u00e8res de refouler la plupart&hellip;\n","protected":false},"author":2,"featured_media":82765,"comment_status":"","ping_status":"","sticky":false,"template":"","format":"standard","meta":{"footnotes":""},"categories":[1587],"tags":[1111,11,672,1921,1804,1805,1803,1777,674,4710,1801,1922,12,1802,133,1920],"class_list":{"0":"post-82764","1":"post","2":"type-post","3":"status-publish","4":"format-standard","5":"has-post-thumbnail","7":"category-allemagne","8":"tag-actu","9":"tag-actualites","10":"tag-allemagne","11":"tag-article-video","12":"tag-bundesrepublik-deutschland","13":"tag-de","14":"tag-deutschland","15":"tag-eu","16":"tag-europe","17":"tag-friedrich-merz","18":"tag-germany","19":"tag-info","20":"tag-news","21":"tag-republique-federale-dallemagne","22":"tag-video","23":"tag-video-international"},"share_on_mastodon":{"url":"https:\/\/pubeurope.com\/@fr\/114468484900578776","error":""},"_links":{"self":[{"href":"https:\/\/www.europesays.com\/fr\/wp-json\/wp\/v2\/posts\/82764","targetHints":{"allow":["GET"]}}],"collection":[{"href":"https:\/\/www.europesays.com\/fr\/wp-json\/wp\/v2\/posts"}],"about":[{"href":"https:\/\/www.europesays.com\/fr\/wp-json\/wp\/v2\/types\/post"}],"author":[{"embeddable":true,"href":"https:\/\/www.europesays.com\/fr\/wp-json\/wp\/v2\/users\/2"}],"replies":[{"embeddable":true,"href":"https:\/\/www.europesays.com\/fr\/wp-json\/wp\/v2\/comments?post=82764"}],"version-history":[{"count":0,"href":"https:\/\/www.europesays.com\/fr\/wp-json\/wp\/v2\/posts\/82764\/revisions"}],"wp:featuredmedia":[{"embeddable":true,"href":"https:\/\/www.europesays.com\/fr\/wp-json\/wp\/v2\/media\/82765"}],"wp:attachment":[{"href":"https:\/\/www.europesays.com\/fr\/wp-json\/wp\/v2\/media?parent=82764"}],"wp:term":[{"taxonomy":"category","embeddable":true,"href":"https:\/\/www.europesays.com\/fr\/wp-json\/wp\/v2\/categories?post=82764"},{"taxonomy":"post_tag","embeddable":true,"href":"https:\/\/www.europesays.com\/fr\/wp-json\/wp\/v2\/tags?post=82764"}],"curies":[{"name":"wp","href":"https:\/\/api.w.org\/{rel}","templated":true}]}}