{"id":8278,"date":"2025-04-07T16:28:08","date_gmt":"2025-04-07T16:28:08","guid":{"rendered":"https:\/\/www.europesays.com\/fr\/8278\/"},"modified":"2025-04-07T16:28:08","modified_gmt":"2025-04-07T16:28:08","slug":"jai-eu-envie-de-mourir-sara-forestier-apres-la-gifle-de-nicolas-duvauchelle-elle-fait-de-nouvelles-revelations","status":"publish","type":"post","link":"https:\/\/www.europesays.com\/fr\/8278\/","title":{"rendered":"\u00ab\u00a0J\u2019ai eu envie de mourir\u00a0\u00bb : Sara Forestier, apr\u00e8s la \u00ab\u00a0gifle\u00a0\u00bb de Nicolas Duvauchelle, elle fait de nouvelles r\u00e9v\u00e9lations"},"content":{"rendered":"<p>De nouvelles gla\u00e7antes d\u00e9clarations. Le 4 novembre 2024, <a href=\"https:\/\/www.public.fr\/tag\/sara-forestier\" target=\"_blank\" rel=\"noopener\">Sara Forestier<\/a> prenait la parole sur le plateau de <strong>\u00ab\u00a0Quotidien\u00a0\u00bb<\/strong> afin d\u2019\u00e9voquer ses trois ann\u00e9es d\u2019absence dans le cin\u00e9ma. Face \u00e0<a href=\"https:\/\/www.public.fr\/tag\/yann-barthes\" target=\"_blank\" rel=\"noopener\"> Yann Barth\u00e8s<\/a>, la com\u00e9dienne de 38 ans faisait une troublante confidence.\u00a0<\/p>\n<p>Elle r\u00e9v\u00e9lait avoir \u00e9t\u00e9 victime d&rsquo;une agression physique sur le tournage de <strong>\u00ab\u00a0Bonhomme\u00a0\u00bb<\/strong> en 2017. \u00ab\u00a0J\u2019avais besoin de prendre quelques ann\u00e9es pour me reconstruire parce que j&rsquo;avais \u00e9t\u00e9 frapp\u00e9e par un acteur sur un film\u00a0\u00bb, confiait la com\u00e9dienne avant de poursuivre : \u00ab\u00a0J&rsquo;\u00e9tais all\u00e9e au commissariat, j&rsquo;avais quitt\u00e9 le film. On en parle tr\u00e8s peu d&rsquo;ailleurs de \u00e7a pour les femmes : le traumatisme. (\u2026) Il faut prendre le temps de se reconstruire. J&rsquo;ai port\u00e9 plainte.\u00a0\u00bb<\/p>\n<p>Ce n\u2019est que plus tard que Sara Forestier va nommer Nicolas Duvauchelle comme le pr\u00e9sum\u00e9 responsable de la gifle re\u00e7ue sur le tournage. Face \u00e0 la situation, <a href=\"https:\/\/www.public.fr\/mis-en-cause-par-sara-forestier-lacteur-nicolas-duvauchelle-se-defend-de-lavoir-gifle\" target=\"_blank\" rel=\"noopener\">le principal int\u00e9ress\u00e9 a d\u00e9cid\u00e9 de prendre la parole<\/a> et nier les faits que lui reprochait l\u2019actrice, via son compte Instagram.<\/p>\n<p>Sara Forestier devant la comission d&rsquo;enqu\u00eate parlementaire<\/p>\n<p>\u00ab\u00a0Que ce soit clair pour tous les pseudos justiciers en carton\u2026 Je n&rsquo;ai jamais touch\u00e9 Sara Forestier. Plusieurs t\u00e9moins \u00e9taient pr\u00e9sents, dont la r\u00e9alisatrice, et une enqu\u00eate a \u00e9t\u00e9 men\u00e9e par la justice\u00a0\u00bb, se d\u00e9fendait-il. Face \u00e0 cette prise de parole, l\u2019actrice de 38 ans ripostait et annon\u00e7ait porter plainte pour diffamation contre son confr\u00e8re, lors de son passage dans l&rsquo;\u00e9mission <strong>\u00ab\u00a0\u00c0 l&rsquo;air libre\u00a0\u00bb<\/strong> de Mediapart.<\/p>\n<p>Plusieurs mois apr\u00e8s ces d\u00e9clarations, Sara Forestier a de nouveau \u00e9voqu\u00e9 cet incident face \u00e0 la commission d&rsquo;enqu\u00eate parlementaire sur les violences sexistes et sexuelles dans le monde de la culture. Une commission qui a vu le jour gr\u00e2ce \u00e0 <a href=\"https:\/\/vsd.fr\/tag\/judith-godreche\/page\/2\/\" target=\"_blank\" rel=\"noopener\">Judith Godr\u00e8che<\/a> qui a pour but de \u00ab\u00a0dresser un \u00e9tat des lieux et formuler des recommandations pour mieux encadrer les tournages, am\u00e9liorer les proc\u00e9dures de signalement et accompagner les victimes\u00a0\u00bb, comme le rappellent nos confr\u00e8res de Purem\u00e9dias.<\/p>\n<p>Apr\u00e8s six mois d\u2019enqu\u00eate et d\u2019auditions, la commission va rendre son rapport le 9 avril prochain et l\u2019AFP a d\u00e9cid\u00e9 de r\u00e9v\u00e9ler plusieurs extraits de t\u00e9moignages dont celui de Sara Forestier. Celle-ci, en plus de la pr\u00e9sum\u00e9e gifle re\u00e7ue de la part de Nicolas Duvauchelle, <strong>aurait \u00e9galement subi des violences en tournage d\u00e8s l\u2019\u00e2ge de 13 ans.\u00a0<\/strong><\/p>\n<p>De nouvelles r\u00e9v\u00e9lations gla\u00e7ances, sur son envie d&rsquo;en finir<\/p>\n<p>\u00ab\u00a0J&rsquo;ai commenc\u00e9 ma carri\u00e8re en disant &lsquo;non&rsquo; (&#8230;) quand on m&rsquo;a demand\u00e9 de retirer ma culotte et de la faire tournoyer dans les airs pour qu&rsquo;elle atterrisse dans l&rsquo;assiette d&rsquo;un autre personnage, dans une sc\u00e8ne soi-disant comique d&rsquo;un court-m\u00e9trage. (&#8230;) J&rsquo;ai dit non et je suis partie\u00a0\u00bb, a confi\u00e9 Sara Forestier \u00e0 la commission.\u00a0<\/p>\n<p>\u00ab\u00a0Jusqu&rsquo;au jour o\u00f9 il y a eu le &lsquo;non&rsquo; de trop, celui qu&rsquo;on m&rsquo;a fait payer\u00a0\u00bb, a-t-elle poursuivi en \u00e9voquant la gifle re\u00e7ue par un acteur. Une situation qui l\u2019aurait conduite \u00e0 une p\u00e9riode tr\u00e8s compliqu\u00e9e \u00e0 surmonter.<\/p>\n<p>\u00ab\u00a0Ils ont r\u00e9ussi \u00e0 me faire taire. Psychologiquement, c&rsquo;\u00e9tait comme un coup de massue suppl\u00e9mentaire. (&#8230;) <strong>J&rsquo;\u00e9tais, litt\u00e9ralement, \u00e0 terre, \u00e0 genoux dans mon salon, en sanglots. Je revois encore cette image et \u00e7a me fait mal d&rsquo;y repenser. J&rsquo;ai eu envie de mourir\u00a0\u00bb<\/strong>, a notamment assur\u00e9 Sara Forestier.\u00a0<\/p>\n<p>      Mentionn\u00e9s dans cet article<\/p>\n<p>\u00c0 lire aussi<\/p>\n","protected":false},"excerpt":{"rendered":"De nouvelles gla\u00e7antes d\u00e9clarations. Le 4 novembre 2024, Sara Forestier prenait la parole sur le plateau de \u00ab\u00a0Quotidien\u00a0\u00bb&hellip;\n","protected":false},"author":2,"featured_media":8279,"comment_status":"","ping_status":"","sticky":false,"template":"","format":"standard","meta":{"footnotes":""},"categories":[1586],"tags":[11,1777,674,1779,1011,27,4358,12,4359,25,4360,1778,364,809],"class_list":{"0":"post-8278","1":"post","2":"type-post","3":"status-publish","4":"format-standard","5":"has-post-thumbnail","7":"category-europe","8":"tag-actualites","9":"tag-eu","10":"tag-europe","11":"tag-european-union","12":"tag-fr","13":"tag-france","14":"tag-judith-godreche","15":"tag-news","16":"tag-nicolas-duvauchelle","17":"tag-republique-francaise","18":"tag-sara-forestier","19":"tag-ue","20":"tag-union-europeenne","21":"tag-violence"},"share_on_mastodon":{"url":"https:\/\/pubeurope.com\/@fr\/114297628532897232","error":""},"_links":{"self":[{"href":"https:\/\/www.europesays.com\/fr\/wp-json\/wp\/v2\/posts\/8278","targetHints":{"allow":["GET"]}}],"collection":[{"href":"https:\/\/www.europesays.com\/fr\/wp-json\/wp\/v2\/posts"}],"about":[{"href":"https:\/\/www.europesays.com\/fr\/wp-json\/wp\/v2\/types\/post"}],"author":[{"embeddable":true,"href":"https:\/\/www.europesays.com\/fr\/wp-json\/wp\/v2\/users\/2"}],"replies":[{"embeddable":true,"href":"https:\/\/www.europesays.com\/fr\/wp-json\/wp\/v2\/comments?post=8278"}],"version-history":[{"count":0,"href":"https:\/\/www.europesays.com\/fr\/wp-json\/wp\/v2\/posts\/8278\/revisions"}],"wp:featuredmedia":[{"embeddable":true,"href":"https:\/\/www.europesays.com\/fr\/wp-json\/wp\/v2\/media\/8279"}],"wp:attachment":[{"href":"https:\/\/www.europesays.com\/fr\/wp-json\/wp\/v2\/media?parent=8278"}],"wp:term":[{"taxonomy":"category","embeddable":true,"href":"https:\/\/www.europesays.com\/fr\/wp-json\/wp\/v2\/categories?post=8278"},{"taxonomy":"post_tag","embeddable":true,"href":"https:\/\/www.europesays.com\/fr\/wp-json\/wp\/v2\/tags?post=8278"}],"curies":[{"name":"wp","href":"https:\/\/api.w.org\/{rel}","templated":true}]}}