{"id":82790,"date":"2025-05-07T20:56:22","date_gmt":"2025-05-07T20:56:22","guid":{"rendered":"https:\/\/www.europesays.com\/fr\/82790\/"},"modified":"2025-05-07T20:56:22","modified_gmt":"2025-05-07T20:56:22","slug":"15-livres-et-16-volumes-a-lire-sur-le-conclave","status":"publish","type":"post","link":"https:\/\/www.europesays.com\/fr\/82790\/","title":{"rendered":"15 livres et 16 volumes \u00e0 lire sur le conclave"},"content":{"rendered":"<dl class=\"post-meta-box flex flex-wrap items-top border-grey-lighter border-b post-meta relative z-20\">&#13;<br \/>\n                                  &#13;<br \/>\n                                  &#13;<br \/>\n                                  &#13;<\/p>\n<dt class=\"inline-block py-1 leading-5 w-1\/5 sm:1\/6 xl:w-3\/10 flex items-top font-sans text-3xs text-grey tracking-wider uppercase border-grey-lighter border-t\">&#13;<br \/>\n                                    Date                                  <\/dt>\n<p>&#13;<\/p>\n<dd class=\"inline-block w-4\/5 sm:5\/6 xl:w-7\/10 pl-1u lg:pl-0 flex-grow  py-1 font-sans text-xs leading-5 border-grey-lighter border-t\">&#13;<br \/>\n                                    7 mai 2025&#13;\n                                  <\/dd>\n<p>&#13;\n                                <\/dl>\n<p>                                      &#13;<br \/>\n        &#13;<br \/>\n            &#13;<br \/>\n        &#13;<br \/>\n        &#13;<br \/>\n            &#13;<br \/>\n            &#13;<br \/>\n        &#13;<br \/>\n        Ajouter&#13;<br \/>\n        Article ajout\u00e9&#13;<\/p>\n<p>    &#13;<br \/>\n        T\u00e9l\u00e9charger le PDF&#13;<br \/>\n        &#13;<br \/>\n            &#13;<br \/>\n            &#13;<br \/>\n            &#13;<br \/>\n        &#13;<br \/>\n&#13;<br \/>\n&#13;<\/p>\n<dl class=\"post-meta-box flex flex-wrap items-top border-grey-lighter border-b post-meta relative z-20 mt-4\">&#13;<\/p>\n<dt class=\"partager inline-block py-1 leading-5 w-1\/5 sm:1\/6 xl:w-3\/10 flex items-top font-sans text-3xs text-grey tracking-wider uppercase border-grey-lighter border-t\">&#13;<br \/>\n                                    Partager                                  <\/dt>\n<p>&#13;<\/p>\n<dd class=\"partager inline-block w-4\/5 sm:5\/6 xl:w-7\/10 pl-1u lg:pl-0 flex-grow  py-1 font-sans text-xs leading-5 border-grey-lighter border-t\">&#13;<br \/>\n                                    <a target=\"_blank\" data-social=\"twitter\" class=\"text-red no-underline inline-block w-4 h-4 mr-2\" href=\"https:\/\/twitter.com\/intent\/tweet\/?text=15+livres+et+16+volumes+%C3%A0+lire+sur+le+conclave&amp;url=https%3A%2F%2Flegrandcontinent.eu%2Ffr%2F2025%2F05%2F07%2F15-livres-et-16-volumes-a-lire-sur-le-conclave%2F\" rel=\"nofollow noopener\">&#13;<br \/>\n                                        &#13;<br \/>\n                                      <\/a>&#13;<br \/>\n                                    <a target=\"_blank\" data-social=\"facebook\" class=\"text-red no-underline inline-block w-4 h-4 mr-2\" href=\"https:\/\/facebook.com\/sharer\/sharer.php?u=https%3A%2F%2Flegrandcontinent.eu%2Ffr%2F2025%2F05%2F07%2F15-livres-et-16-volumes-a-lire-sur-le-conclave%2F\" rel=\"nofollow noopener\">&#13;<br \/>\n                                        &#13;<br \/>\n                                      <\/a>&#13;<br \/>\n                                    <a target=\"_blank\" data-social=\"linkedin\" class=\"text-red no-underline inline-block w-4 h-4 mr-2\" href=\"https:\/\/www.linkedin.com\/shareArticle?title=15+livres+et+16+volumes+%C3%A0+lire+sur+le+conclave&amp;url=https%3A%2F%2Flegrandcontinent.eu%2Ffr%2F2025%2F05%2F07%2F15-livres-et-16-volumes-a-lire-sur-le-conclave%2F\" rel=\"nofollow noopener\">&#13;<br \/>\n                                        &#13;<br \/>\n                                      <\/a>&#13;<br \/>\n&#13;<br \/>\n&#13;\n                                  <\/dd>\n<p>&#13;<br \/>\n                                  &#13;\n                                <\/dl>\n<p>Alberto Melloni, Il Conclave e l\u2019elezione del papa. Una storia dal I al XXI secolo, Marietti 1820, 2025<\/p>\n<p>\u00ab\u00a0L\u2019\u00e9lection de l\u2019\u00e9v\u00eaque de Rome a une tr\u00e8s longue histoire. Le successeur de Pierre est d\u2019abord \u00e9lu par d\u00e9signation, puis par le clerg\u00e9 et le peuple, et seulement \u00e0 partir du XIe si\u00e8cle, par un petit nombre de cardinaux \u00e9lecteurs \u2014 qui, depuis le milieu du XIIIe si\u00e8cle, sont \u00ab\u00a0mis sous cl\u00e9\u00a0\u00bb afin de nommer un nouveau pape.\u00a0<\/p>\n<p>    <a data-pswp-src=\"https:\/\/legrandcontinent.eu\/fr\/wp-content\/uploads\/sites\/2\/2025\/05\/Il-Conclave-e-lelezione-del-papa.-Una-storia-dal-I-al-XXI-secolo.jpg\" class=\"gallery-item no-underline\" data-pswp-width=\"353\" data-pswp-height=\"522\"><br \/>\n                            \t&#13;<br \/>\n\t\t\t\t\t&#13;<br \/>\n\t\t\t\t\t&#13;<br \/>\n\t\t\t\t<img decoding=\"async\" src=\"https:\/\/www.europesays.com\/fr\/wp-content\/uploads\/2025\/05\/Il-Conclave-e-lelezione-del-papa.-Una-storia-dal-I-al-XXI-secolo-125x185.jpg\"\/>&#13;<br \/>\n\t&#13;<\/p>\n<p>                <\/a><\/p>\n<p>Un m\u00e9canisme \u00e9lectoral soumis \u00e0 des retouches et des ajustements, auxquels s\u2019ajoute, \u00e0 l\u2019\u00e8re moderne, le secret qui, dans une soci\u00e9t\u00e9 o\u00f9 tout est social, a paradoxalement rendu cette \u00e9lection singuli\u00e8re plus intrigante. L\u2019immense responsabilit\u00e9 des cardinaux n\u2019est pas de choisir le plus pieux, le plus savant ou le plus rus\u00e9, mais celui qui peut exercer un minist\u00e8re d\u2019unit\u00e9 et de communion.\u00a0<\/p>\n<p>Un travail historique minutieux sur cette longue parabole \u00e9tudie l\u2019\u00e9volution et analyse le fonctionnement des conclaves, en particulier ceux du XXe si\u00e8cle, \u00e0 partir de sources in\u00e9dites, de documents diplomatiques, de journaux intimes et de t\u00e9moignages \u2014 notamment ceux, contradictoires, du pape Fran\u00e7ois lui-m\u00eame. Cette \u00e9tude historique sans pareille, contrairement aux ouvrages journalistiques ou de seconde main, reconstitue minutieusement les r\u00e8gles et les tournants, les processus et les pratiques, les fonctions et les rites.\u00a0<\/p>\n<p>L\u2019essai se termine par une analyse de la permanence et de la m\u00e9tamorphose de la m\u00e9canique du conclave et des raisons pour lesquelles sa r\u00e9forme \u2014 que le pape Fran\u00e7ois n\u2019a pas encore entreprise \u2014 risque d\u2019\u00eatre manipul\u00e9e et influenc\u00e9e, non plus par les souverains catholiques comme au XIXe si\u00e8cle, mais par les r\u00e9seaux sociaux du XXIe si\u00e8cle. Avec devant nous, \u00e0 l\u2019automne du pontificat de Bergoglio, un agenda dans lequel les grandes questions non r\u00e9solues (le minist\u00e8re, la formation, la transmission de la foi) resteront les enjeux sur lesquels seront choisis ses successeurs jusqu\u2019\u00e0 ce qu\u2019un futur concile s\u2019en charge.\u00a0\u00bb<\/p>\n<p><a href=\"https:\/\/legrandcontinent.eu\/fr\/p\/alberto-melloni\/\" rel=\"nofollow noopener\" target=\"_blank\">Lire les analyses d\u2019Alberto Melloni dans la revue<\/a><\/p>\n<p>Ludwig von Pastor, Histoire des papes depuis la fin du Moyen \u00c2ge (16 vol.), Paris, Plon, 1888\u20131933 (\u00e9dition originale en allemand, 1886\u20131930)<\/p>\n<p>    <a data-pswp-src=\"https:\/\/legrandcontinent.eu\/fr\/wp-content\/uploads\/sites\/2\/2025\/05\/Histoire-des-papes-depuis-la-fin-du-Moyen-Age-16-vol.jpg\" class=\"gallery-item no-underline\" data-pswp-width=\"944\" data-pswp-height=\"1405\"><br \/>\n                            \t&#13;<br \/>\n\t\t\t\t\t&#13;<br \/>\n\t\t\t\t\t&#13;<br \/>\n\t\t\t\t<img decoding=\"async\" src=\"https:\/\/www.europesays.com\/fr\/wp-content\/uploads\/2025\/05\/Histoire-des-papes-depuis-la-fin-du-Moyen-Age-16-vol-125x186.jpg\"\/>&#13;<br \/>\n\t&#13;<\/p>\n<p>                <\/a><\/p>\n<p>Ouvrage de r\u00e9f\u00e9rence pour quiconque \u00e9tudie l\u2019histoire de la papaut\u00e9 et de la politique ext\u00e9rieure de l\u2019\u00c9glise aux \u00e9poques moderne et contemporaine, les 16 volumes de Ludwig von Pastor restent, bient\u00f4t un si\u00e8cle apr\u00e8s leur parution, un outil de r\u00e9f\u00e9rence \u2014 y compris pour suivre le conclave.<\/p>\n<p>Autrichien converti au catholicisme, sa chronique monumentale est traduite dans les principales langues europ\u00e9ennes et encore consult\u00e9e par de tr\u00e8s nombreux historiens, bient\u00f4t un si\u00e8cle apr\u00e8s sa parution. Tout en demeurant extr\u00eamement objective et parfaitement sourc\u00e9e \u2014 il b\u00e9n\u00e9ficia pendant de longues ann\u00e9es d\u2019un acc\u00e8s privil\u00e9gi\u00e9 \u00e0 l\u2019Archivio Segreto du Vatican \u2014\u00a0l\u2019Histoire des papes reste parfois marqu\u00e9e par l\u2019orientation confessionnelle de son auteur.<\/p>\n<p>Il finit sa carri\u00e8re comme ambassadeur de la R\u00e9publique d\u2019Autriche pr\u00e8s le Saint-Si\u00e8ge.<\/p>\n<p>Paolo Prodi, Il sovrano pontefice\u00a0: un corpo e due anime \u2013 la monarchia papale nella prima et\u00e0 moderna, Bologna, Il Mulino, 1982<\/p>\n<p>    <a data-pswp-src=\"https:\/\/legrandcontinent.eu\/fr\/wp-content\/uploads\/sites\/2\/2025\/05\/81Lr1DA7tBL.jpg\" class=\"gallery-item no-underline\" data-pswp-width=\"952\" data-pswp-height=\"1484\"><br \/>\n                            \t&#13;<br \/>\n\t\t\t\t\t&#13;<br \/>\n\t\t\t\t\t&#13;<br \/>\n\t\t\t\t<img decoding=\"async\" src=\"https:\/\/www.europesays.com\/fr\/wp-content\/uploads\/2025\/05\/81Lr1DA7tBL-125x195.jpg\"\/>&#13;<br \/>\n\t&#13;<\/p>\n<p>                <\/a><\/p>\n<p>\u00ab\u00a0Renversant une perspective traditionnelle qui voyait dans l\u2019\u00c9tat pontifical un vestige encombrant de l\u2019\u00e9poque pr\u00e9c\u00e9dente et un obstacle au d\u00e9veloppement des formes \u00e9tatiques modernes, cet essai d\u00e9sormais classique montre comment le pontife, \u00e0 la fois souverain d\u2019un \u00c9tat territorial et chef de la chr\u00e9tient\u00e9 \u2014 pape-roi \u2014 a en r\u00e9alit\u00e9 jou\u00e9 un r\u00f4le d\u00e9cisif dans ce d\u00e9veloppement.<\/p>\n<p>La monarchie papale fournit en effet \u00e0 l\u2019\u00c9tat le mod\u00e8le pour int\u00e9grer la religion dans la politique et pour construire les \u00c9glises territoriales modernes.<\/p>\n<p>Tel est l\u2019h\u00e9ritage que la papaut\u00e9 du d\u00e9but de l\u2019\u00e9poque moderne a laiss\u00e9 \u00e0 l\u2019\u00c9glise et \u00e0 l\u2019\u00c9tat des si\u00e8cles suivants.\u00a0\u00bb<\/p>\n<p><a href=\"https:\/\/legrandcontinent.eu\/fr\/2020\/07\/28\/europe-revolution-permanente\/\" rel=\"nofollow noopener\" target=\"_blank\">Relire un classique de Paolo Prodi dans la revue<\/a><\/p>\n<p>Frederic J. Baumgartner, Behind Locked Doors\u00a0: A History of the Papal Elections, New York, Palgrave Macmillan, 2003<\/p>\n<p>    <a data-pswp-src=\"https:\/\/legrandcontinent.eu\/fr\/wp-content\/uploads\/sites\/2\/2025\/05\/Behind-Locked-Doors-A-History-of-the-Papal-Elections.jpeg\" class=\"gallery-item no-underline\" data-pswp-width=\"827\" data-pswp-height=\"1276\"><br \/>\n                            \t&#13;<br \/>\n\t\t\t\t\t&#13;<br \/>\n\t\t\t\t\t&#13;<br \/>\n\t\t\t\t<img decoding=\"async\" src=\"https:\/\/www.europesays.com\/fr\/wp-content\/uploads\/2025\/05\/Behind-Locked-Doors-A-History-of-the-Papal-Elections-125x193.jpeg\"\/>&#13;<br \/>\n\t&#13;<\/p>\n<p>                <\/a><\/p>\n<p>\u00ab\u00a0Depuis 1600, chaque fois qu\u2019un pape meurt, les cardinaux de l\u2019\u00c9glise catholique romaine se r\u00e9unissent \u00e0 Rome pour \u00e9lire son successeur.<\/p>\n<p>Le conclave papal est un \u00e9v\u00e9nement unique en son genre.\u00a0<\/p>\n<p>Tr\u00e8s secret et se d\u00e9roulant \u00e0 huis clos dans la chapelle Sixtine, il a lieu environ huit fois par si\u00e8cle.\u00a0<\/p>\n<p>Cet \u00e9v\u00e9nement, qui a \u00e9volu\u00e9 au fil des si\u00e8cles, est toujours riche en rebondissements\u00a0: les cardinaux se r\u00e9unissent en masse dans leurs robes \u00e9carlates, tandis que des foules de fid\u00e8les se pressent sur la place Saint-Pierre\u00a0<\/p>\n<p>Pierre, la fum\u00e9e noire ou blanche s\u2019\u00e9chappant de la chemin\u00e9e pour signaler l\u2019\u00e9lection d\u2019un nouveau pontife.<\/p>\n<p>Comme le secret n\u2019\u00e9tait pas tr\u00e8s respect\u00e9 avant le XXe si\u00e8cle, il existe une mine d\u2019informations sur laquelle s\u2019appuyer, et Fred Baumgartner l\u2019exploite au maximum pour d\u00e9tailler les querelles et les man\u0153uvres politiques flagrantes qui se d\u00e9roulent derri\u00e8re les portes closes de la chapelle Sixtine.<\/p>\n<p>Un ouvrage important et opportun.\u00a0\u00bb<\/p>\n<p>Francis A. Burkle-Young, Passing the Keys\u00a0: Modern Cardinals, Conclaves and the Election of the Next Pope, Lanham (MD), Madison Books, 1999<\/p>\n<p>    <a data-pswp-src=\"https:\/\/legrandcontinent.eu\/fr\/wp-content\/uploads\/sites\/2\/2025\/05\/Passing-the-Keys-Modern-Cardinals-Conclaves-and-the-Election-of-the-Next-Pope.jpg\" class=\"gallery-item no-underline\" data-pswp-width=\"663\" data-pswp-height=\"1000\"><br \/>\n                            \t&#13;<br \/>\n\t\t\t\t\t&#13;<br \/>\n\t\t\t\t\t&#13;<br \/>\n\t\t\t\t<img decoding=\"async\" src=\"https:\/\/www.europesays.com\/fr\/wp-content\/uploads\/2025\/05\/Passing-the-Keys-Modern-Cardinals-Conclaves-and-the-Election-of-the-Next-Pope-125x189.jpg\"\/>&#13;<br \/>\n\t&#13;<\/p>\n<p>                <\/a><\/p>\n<p>\u00ab\u00a0Passing the Keys est un r\u00e9cit indispensable de l\u2019une des histoires les mieux gard\u00e9es et les plus importantes de la chr\u00e9tient\u00e9, celle des \u00e9lections papales.\u00a0<\/p>\n<p>Avec ses descriptions approfondies des \u00e9lections et des positions th\u00e9ologiques des papes L\u00e9on XIII, Pie X, Beno\u00eet XV, Pie XI, Pie XII, Jean XXIII, Paul VI, Jean-Paul Ier et Jean-Paul II, Burkle-Young fournit l\u2019image la plus compl\u00e8te qui soit du catholicisme moderne au plus haut niveau.<\/p>\n<p>Plus important encore, l\u2019auteur se projette dans le troisi\u00e8me mill\u00e9naire et sugg\u00e8re les principes et les le\u00e7ons qui r\u00e9giront le prochain conclave, ainsi que les candidats les plus probables \u00e0 la papaut\u00e9.\u00a0<\/p>\n<p>Burkle-Young explore les questions th\u00e9ologiques les plus pressantes \u2014 y compris l\u2019\u00e9tat actuel du sacerdoce et les d\u00e9bats sur la contraception et les femmes en tant que pr\u00eatres et \u00e9v\u00eaques \u2014 qui guident actuellement le Coll\u00e8ge et influencent l\u2019avenir du Vatican.\u00a0\u00bb<\/p>\n<p>William Cornwallis Cartwright, De la constitution des conclaves pontificaux, Paris, Sandoz et Fischbacher, 1877 (\u00e9dition originale en anglais, 1872)<\/p>\n<p>    <a data-pswp-src=\"https:\/\/legrandcontinent.eu\/fr\/wp-content\/uploads\/sites\/2\/2025\/05\/De-la-constitution-des-conclaves-pontificaux.jpg\" class=\"gallery-item no-underline\" data-pswp-width=\"348\" data-pswp-height=\"522\"><br \/>\n                            \t&#13;<br \/>\n\t\t\t\t\t&#13;<br \/>\n\t\t\t\t\t&#13;<br \/>\n\t\t\t\t<img decoding=\"async\" src=\"https:\/\/www.europesays.com\/fr\/wp-content\/uploads\/2025\/05\/De-la-constitution-des-conclaves-pontificaux-125x188.jpg\"\/>&#13;<br \/>\n\t&#13;<\/p>\n<p>                <\/a><\/p>\n<p>\u00ab\u00a0Ce petit volume est le d\u00e9veloppement d\u2019un article qui a paru dans le N\u00b0 XC du North British Review. Durant un long s\u00e9jour \u00e0 Rome, je suivis avec la plus grande attention ce qui s\u2019y passa dans ces derni\u00e8res ann\u00e9es, si f\u00e9condes en \u00e9v\u00e9nements. Ce fut l\u2019affaire du cardinal Andr\u00e9a qui me donna l\u2019id\u00e9e d\u2019\u00e9tudier attentivement l\u2019histoire des conclaves.\u00a0<\/p>\n<p>Lorsqu\u2019on annon\u00e7a l\u2019intention d\u2019entamer contre ce pr\u00e9lat une proc\u00e9dure dont la l\u00e9galit\u00e9 paraissait discutable, je me livrai \u00e0 la recherche des pr\u00e9c\u00e9dents et \u00e0 l\u2019\u00e9tude des lois canoniques qui r\u00e8glent la mati\u00e8re.\u00a0<\/p>\n<p>Ce travail me fit bient\u00f4t d\u00e9passer le point sp\u00e9cial que j\u2019avais d\u2019abord en vue. Il en r\u00e9sulte que la publication de mon livre co\u00efncidera probablement avec la fin de l\u2019incident qui en fut la cause premi\u00e8re, car, au moment o\u00f9 l\u2019on imprime ces pages, j\u2019apprends que le cardinal Andr\u00e9a est revenu \u00e0 Rome pour ob\u00e9ir \u00e0 l\u2019ordre du Pape .\u00a0\u00bb<\/p>\n<p>(Extrait de la pr\u00e9face)<\/p>\n<p>Yves Chiron, Histoire des conclaves, Paris, Perrin, 2013<\/p>\n<p>    <a data-pswp-src=\"https:\/\/legrandcontinent.eu\/fr\/wp-content\/uploads\/sites\/2\/2025\/05\/Histoire-des-conclaves.jpg\" class=\"gallery-item no-underline\" data-pswp-width=\"657\" data-pswp-height=\"1000\"><br \/>\n                            \t&#13;<br \/>\n\t\t\t\t\t&#13;<br \/>\n\t\t\t\t\t&#13;<br \/>\n\t\t\t\t<img decoding=\"async\" src=\"https:\/\/www.europesays.com\/fr\/wp-content\/uploads\/2025\/05\/Histoire-des-conclaves-125x190.jpg\"\/>&#13;<br \/>\n\t&#13;<\/p>\n<p>                <\/a><\/p>\n<p>\u00ab\u00a0Le conclave, du mot cum clave \u2014 en latin\u00a0: \u00ab\u00a0pi\u00e8ce ferm\u00e9e \u00e0 clef\u00a0\u00bb \u2014 institu\u00e9 en 1274 et se tenant toujours \u00e0 huis clos pour \u00e9lire un pape, est un de ces \u00e9v\u00e9nements qui attisent une curiosit\u00e9 quasi universelle.\u00a0<\/p>\n<p>A chaque \u00e9lection, les journaux fleurissent de listes de papabili, mais le r\u00e9sultat v\u00e9rifie souvent le proverbe bien connu\u00a0: \u00ab\u00a0Qui entre pape au conclave en sort cardinal.\u00a0\u00bb<\/p>\n<p>Un conclave n\u2019est pas l\u2019\u00e9quivalent d\u2019un scrutin politique\u00a0: il n\u2019y a ni campagne \u00e9lectorale ni candidats d\u00e9clar\u00e9s. La majorit\u00e9 des deux tiers des voix pour \u00eatre \u00e9lu \u2014 r\u00e8gle en vigueur depuis pr\u00e8s de mille ans \u2014 emp\u00eache des r\u00e9sultats serr\u00e9s et permet tous les retournements.\u00a0<\/p>\n<p>S\u2019appuyant sur de nombreuses archives, ce livre en retrace l\u2019histoire, des origines \u00e0 nos jours. Une histoire mouvement\u00e9e, souvent contrari\u00e9e par les puissances temporelles d\u00e9sireuses de favoriser tel cardinal ou, au contraire, d\u2019emp\u00eacher tel autre. Ressort toutefois de ce tableau l\u2019image d\u2019une Eglise qui, au-del\u00e0 des vicissitudes humaines, se renouvelle d\u2019\u00e9poque en \u00e9poque tout en restant fid\u00e8le \u00e0 des convictions qui remontent \u00e0 son origine.\u00a0\u00bb<\/p>\n<p>Miles Pattenden, Electing the Pope in Early Modern Italy, 1450\u20131700, Oxford, Oxford University Press, 2017<\/p>\n<p>    <a data-pswp-src=\"https:\/\/legrandcontinent.eu\/fr\/wp-content\/uploads\/sites\/2\/2025\/05\/Electing-the-Pope-in-Early-Modern-Italy-1450\u20131700.jpeg\" class=\"gallery-item no-underline\" data-pswp-width=\"703\" data-pswp-height=\"1080\"><br \/>\n                            \t&#13;<br \/>\n\t\t\t\t\t&#13;<br \/>\n\t\t\t\t\t&#13;<br \/>\n\t\t\t\t<img decoding=\"async\" src=\"https:\/\/www.europesays.com\/fr\/wp-content\/uploads\/2025\/05\/Electing-the-Pope-in-Early-Modern-Italy-1450\u20131700-125x192.jpeg\"\/>&#13;<br \/>\n\t&#13;<\/p>\n<p>                <\/a><\/p>\n<p>\u00ab\u00a0Electing the Pope in Early Modern Italy, 1450-1700 propose un examen radicalement nouveau de l\u2019histoire de la papaut\u00e9 au d\u00e9but de l\u2019\u00e8re moderne, \u00e0 travers la premi\u00e8re analyse approfondie en anglais des \u00e9lections papales.<\/p>\n<p>Les \u00e9lections papales, avec leur faste c\u00e9r\u00e9moniel et leur caract\u00e8re dramatique, constituent un spectacle fascinant.<\/p>\n<p>Mais jusqu\u2019\u00e0 pr\u00e9sent, personne ne les avait analys\u00e9es \u00e0 la lumi\u00e8re des probl\u00e8mes qu\u2019elles posaient aux cardinaux\u00a0: comment s\u2019accordaient-ils sur les r\u00e8gles et comment les faisaient-ils respecter\u00a0? Comment g\u00e9raient-ils l\u2019interr\u00e8gne\u00a0? Comment d\u00e9cidaient-ils pour qui voter\u00a0? Comment le nouveau pape s\u2019imposait-il face \u00e0 un groupe d\u2019hommes qui, quelques instants auparavant, \u00e9taient ses \u00e9gaux et ses pairs\u00a0?<\/p>\n<p>Cette \u00e9tude retrace l\u2019\u00e9volution des r\u00e9ponses apport\u00e9es par les cardinaux \u00e0 ces probl\u00e8mes entre le retour de Martin V \u00e0 Rome en 1420 et le d\u00e9part de Pie VI en 1798, en les repla\u00e7ant dans le contexte plus large des d\u00e9veloppements institutionnels de la papaut\u00e9.<\/p>\n<p>Miles Pattenden soutient non seulement que la nature \u00e9lective de la fonction papale a \u00e9t\u00e9 d\u00e9terminante dans le d\u00e9roulement de l\u2019histoire de la papaut\u00e9, mais aussi que les cardinaux du XVe au XVIIIe si\u00e8cle nous offrent un cas d\u2019\u00e9tude unique pour observer les approches de la prise de d\u00e9cision et de la r\u00e9solution des probl\u00e8mes au sein d\u2019un groupe politique \u00e9litiste.\u00a0\u00bb<\/p>\n<p>John-Peter Pham, Heirs of the Fisherman\u00a0: Behind the Scenes of Papal Death and Succession, New York, Oxford University Press, 2004<\/p>\n<p>    <a data-pswp-src=\"https:\/\/legrandcontinent.eu\/fr\/wp-content\/uploads\/sites\/2\/2025\/05\/Heirs-of-the-Fisherman-Behind-the-Scenes-of-Papal-Death-and-Succession.jpg\" class=\"gallery-item no-underline\" data-pswp-width=\"329\" data-pswp-height=\"522\"><br \/>\n                            \t&#13;<br \/>\n\t\t\t\t\t&#13;<br \/>\n\t\t\t\t\t&#13;<br \/>\n\t\t\t\t<img decoding=\"async\" src=\"https:\/\/www.europesays.com\/fr\/wp-content\/uploads\/2025\/05\/Heirs-of-the-Fisherman-Behind-the-Scenes-of-Papal-Death-and-Succession-125x198.jpg\"\/>&#13;<br \/>\n\t&#13;<\/p>\n<p>                <\/a><\/p>\n<p>\u00ab\u00a0La mort du pape Jean-Paul II et l\u2019\u00e9lection du pape Beno\u00eet XVI qui a suivi ont mis en lumi\u00e8re un processus politique dont le monde avait alors \u00e9t\u00e9 priv\u00e9 depuis pr\u00e8s de vingt-six ans.<\/p>\n<p>Des gens du monde entier se sont rassembl\u00e9s sur la place Saint-Pierre, se demandant qui serait le prochain chef de l\u2019\u00c9glise catholique et comment se d\u00e9roulait r\u00e9ellement le processus \u00e9lectoral, tandis que tout le monde, des correspondants internationaux aux pr\u00eatres locaux, donnait son avis sur la question.<\/p>\n<p>Dans Heirs of the Fisherman, John-Peter Pham, insider du Vatican, dresse un portrait sans concession du Vatican moderne en signant le seul r\u00e9cit qui r\u00e9v\u00e8le les changements frappants apport\u00e9s par Jean-Paul II aux proc\u00e9dures de succession papale.<\/p>\n<p>M\u00ealant histoire politique et histoire eccl\u00e9siastique, Pham va au-del\u00e0 d\u2019une simple description des rituels complexes pour offrir un aper\u00e7u rare des changements dramatiques qui se sont produits au sein du Coll\u00e8ge cardinalice, dont les 100 membres proviennent d\u00e9sormais de 50 pays \u00e0 travers le monde.<\/p>\n<p>Il nous emm\u00e8ne au c\u0153ur du conclave secret, o\u00f9 les \u00e9lecteurs sont enferm\u00e9s \u00e0 double tour jusqu\u2019\u00e0 ce qu\u2019ils aient choisi un nouveau pape.<\/p>\n<p>Il consacre \u00e9galement un chapitre aux intrigues du XXe si\u00e8cle, o\u00f9 le premier conclave fut soumis au veto de l\u2019empereur et o\u00f9 le dernier fut remport\u00e9 par le premier non-Italien en quatre si\u00e8cles, en raison des divisions profondes entre les Italiens.<\/p>\n<p>Avec une nouvelle pr\u00e9face, une postface et des annexes comprenant une traduction en anglais des derni\u00e8res volont\u00e9s et du testament du pape Jean-Paul II, Heirs of the Fisherman est un ouvrage historique \u00e9clairant et un guide indispensable sur cet \u00e9v\u00e9nement mondial d\u2019une importance capitale. Il restera une r\u00e9f\u00e9rence incontournable pour les observateurs de la politique future de l\u2019\u00c9glise catholique.\u00a0\u00bb<\/p>\n<p>Val\u00e9rie Pirie, The Triple Crown\u00a0: An Account of the Papal Conclaves from the Fifteenth Century to the Present Day, New York, G.\u202fP. Putnam\u2019s Sons, 1936<\/p>\n<p>    <a data-pswp-src=\"https:\/\/legrandcontinent.eu\/fr\/wp-content\/uploads\/sites\/2\/2025\/05\/The-Triple-Crown-An-Account-of-the-Papal-Conclaves-from-the-Fifteenth-Century-to-the-Present-Day.jpg\" class=\"gallery-item no-underline\" data-pswp-width=\"323\" data-pswp-height=\"500\"><br \/>\n                            \t&#13;<br \/>\n\t\t\t\t\t&#13;<br \/>\n\t\t\t\t\t&#13;<br \/>\n\t\t\t\t<img decoding=\"async\" src=\"https:\/\/www.europesays.com\/fr\/wp-content\/uploads\/2025\/05\/The-Triple-Crown-An-Account-of-the-Papal-Conclaves-from-the-Fifteenth-Century-to-the-Present-Day-125.jpeg\"\/>&#13;<br \/>\n\t&#13;<\/p>\n<p>                <\/a><\/p>\n<p>\u00ab\u00a0L\u2019origine orientale peut sans aucun doute \u00eatre attribu\u00e9e \u00e0 la tiare papale, mais on ignore dans quelles circonstances et par lequel des premiers successeurs de Pierre elle a \u00e9t\u00e9 adopt\u00e9e pour la premi\u00e8re fois. Ce n\u2019est qu\u2019apr\u00e8s le IVe si\u00e8cle que les papes sont repr\u00e9sent\u00e9s portant un cercle autour de la base de la coiffe conique, qui \u00e9tait auparavant assez simple.\u00a0<\/p>\n<p>Boniface VIII, sans doute dans le but de la rendre plus impressionnante, ajouta un deuxi\u00e8me diad\u00e8me \u00e0 la coiffe pontificale, puis Beno\u00eet XII en superposa un troisi\u00e8me au-dessus des deux autres.\u00a0<\/p>\n<p>Plusieurs papes du Moyen \u00c2ge d\u00e9sapprouv\u00e8rent ces innovations et revinrent au diad\u00e8me \u00e0 couronne unique\u00a0; mais au XVe si\u00e8cle, p\u00e9riode \u00e0 laquelle s\u2019ouvre ce livre, la triple couronne ou triregnum avait \u00e9t\u00e9 d\u00e9finitivement adopt\u00e9e comme coiffe officielle du pape pour toutes les occasions c\u00e9r\u00e9monielles.<\/p>\n<p>Une signification symbolique fut alors attribu\u00e9e aux trois cercles, qui furent d\u00e9crits comme les embl\u00e8mes de la supr\u00e9matie spirituelle du pontife romain, de sa domination temporelle et de sa suzerainet\u00e9 sur tous les autres monarques.<\/p>\n<p>(\u2026) Par ses vicissitudes m\u00eames, la triple couronne semble repr\u00e9senter de la mani\u00e8re la plus appropri\u00e9e ce que chaque conclave successif \u00e9tait habilit\u00e9 \u00e0 conf\u00e9rer\u00a0: la grande tiare flamboyante de Jules II, la couronne path\u00e9tique en carton de Pie VI ou la r\u00e9plique clinquante de Pie IX d\u2019un tr\u00e9sor gard\u00e9 en s\u00e9curit\u00e9.<\/p>\n<p>Le lecteur qui s\u2019int\u00e9resse \u00e0 l\u2019\u00e9lection voudra naturellement conna\u00eetre son issue. J\u2019ai donc ajout\u00e9 au r\u00e9cit du conclave lui-m\u00eame un bref portrait de l\u2019homme choisi par chacune de ces \u00e9tranges assembl\u00e9es pour occuper la plus haute fonction de la chr\u00e9tient\u00e9.\u00a0\u00bb<\/p>\n<p>(Extraits de la pr\u00e9face)<\/p>\n<p>Andrea Riccardi, Il potere del papa\u00a0: da Pio XII a Giovanni Paolo II, Bari, Laterza, 1993<\/p>\n<p>    <a data-pswp-src=\"https:\/\/legrandcontinent.eu\/fr\/wp-content\/uploads\/sites\/2\/2025\/05\/Il-potere-del-papa-da-Pio-XII-a-Giovanni-Paolo-II.jpg\" class=\"gallery-item no-underline\" data-pswp-width=\"631\" data-pswp-height=\"1000\"><br \/>\n                            \t&#13;<br \/>\n\t\t\t\t\t&#13;<br \/>\n\t\t\t\t\t&#13;<br \/>\n\t\t\t\t<img decoding=\"async\" src=\"https:\/\/www.europesays.com\/fr\/wp-content\/uploads\/2025\/05\/Il-potere-del-papa-da-Pio-XII-a-Giovanni-Paolo-II-125x198.jpg\"\/>&#13;<br \/>\n\t&#13;<\/p>\n<p>                <\/a><\/p>\n<p>\u00ab\u00a0\u00c0 l\u2019heure postconciliaire o\u00f9 on parle beaucoup de \u00ab\u00a0service\u00a0\u00bb et de \u00ab\u00a0minist\u00e8re\u00a0\u00bb, Andrea Riccardi croit au pouvoir du pape et de la papaut\u00e9 avec ses rouages institutionnels. Il croit aussi \u00e0 ses limites, parfois pouss\u00e9es jusqu\u2019\u00e0 l\u2019impuissance. Il croit enfin que de Pie XII \u00e0 Paul VI, les conditions du pouvoir et de son exercice ont profond\u00e9ment chang\u00e9. Ou plut\u00f4t, il ne croit rien\u00a0: il montre, dossiers \u00e0 l\u2019appui, et il analyse.<\/p>\n<p>Pour Pie XII, le dernier mot de tout, c\u2019\u00e9tait encore le retour \u00e0 Rome de tous ceux qui s\u2019en \u00e9taient d\u00e9tach\u00e9s, la grande utopie catholique depuis L\u00e9on XIII. C\u2019\u00e9tait clair. Pour Paul VI,\u00a0 l\u2019autorit\u00e9 de Rome, le pouvoir du pape et la force du Concile ont donn\u00e9 aux catholiques un \u00ab\u00a0nouvel horizon\u00a0\u00bb o\u00f9 la marche \u00e0 la lumi\u00e8re de la foi a remplac\u00e9 la claire vision d\u2019antan.\u00a0<\/p>\n<p>En ce sens, s\u2019il y a eu un pape de transition, ce ne fut pas Jean XXIII mais bien Paul VI\u00a0: une transition qui se poursuit apr\u00e8s lui.\u00a0\u00bb\u00a0<\/p>\n<p>(Extrait d\u2019un compte-rendu d\u2019\u00c9mile Poulat, in Archives de Sciences Sociales des Religions, 74, 1991, p. 285).<\/p>\n<p>Jean-Marie Roger Tillard, L\u2019\u00c9v\u00eaque de Rome, Paris, Cerf, 1982<\/p>\n<p>    <a data-pswp-src=\"https:\/\/legrandcontinent.eu\/fr\/wp-content\/uploads\/sites\/2\/2025\/05\/LEveque-de-Rome.jpg\" class=\"gallery-item no-underline\" data-pswp-width=\"306\" data-pswp-height=\"500\"><br \/>\n                            \t&#13;<br \/>\n\t\t\t\t\t&#13;<br \/>\n\t\t\t\t\t&#13;<br \/>\n\t\t\t\t<img decoding=\"async\" src=\"https:\/\/www.europesays.com\/fr\/wp-content\/uploads\/2025\/05\/LEveque-de-Rome-125x204.jpg\"\/>&#13;<br \/>\n\t&#13;<\/p>\n<p>                <\/a><\/p>\n<p>\u00ab\u00a0Les grandes commissions de dialogue oecum\u00e9nique commencent \u00e0 publier leurs rapports.<\/p>\n<p>D\u2019apr\u00e8s eux, le d\u00e9sir de renouer la communion avec Rome se pr\u00e9cise. Une difficile question se pose alors\u00a0: quelle est la fonction que la grande Tradition reconna\u00eet comme celle de la papaut\u00e9\u00a0? Vatican I et Vatican II ont donn\u00e9 des \u00ab\u00a0d\u00e9finitions\u00a0\u00bb de la fonction de l\u2019\u00e9v\u00eaque de Rome, mais sans tenir compte des d\u00e9sirs des autres \u00e9glises, dont plusieurs sont demeur\u00e9es dans la Tradition apostolique.<\/p>\n<p>Ces \u00ab\u00a0d\u00e9finitions\u00a0\u00bb ne doivent-elles pas \u00eatre \u00ab\u00a0relues\u00a0\u00bb en fonction de la nouvelle situation que cr\u00e9e la volont\u00e9 oecum\u00e9nique de la communion universelle\u00a0: ne faut-il pas prendre au s\u00e9rieux les d\u00e9sirs des autres \u00c9glises\u00a0? La tradition catholique occidentale, surtout depuis Gr\u00e9goire VII, a \u00e9volu\u00e9 dans un sens maximalisant. Elle a fait du pape \u00ab\u00a0plus qu\u2019un pape\u00a0\u00bb.\u00a0<\/p>\n<p>Or, la grande Tradition lie la fonction de celui-ci essentiellement au t\u00e9moignage du martyre de Pierre et de Paul. L\u2019\u00e9v\u00eaque de Rome est celui dont la mission consiste \u00e0 maintenir vivante au c\u0153ur de la communion des \u00c9glises la fid\u00e9lit\u00e9 \u00e0 la foi telle qu\u2019elle a \u00e9t\u00e9 confess\u00e9e par Pierre et Paul\u00a0: une foi scell\u00e9e dans l\u2019\u00c9glise locale de la ville. On se trouve ainsi bien loin du juridisme.\u00a0<\/p>\n<p>L\u2019\u00e9v\u00eaque de l\u2019\u00c9glise de Rome est la sentinelle charg\u00e9e de veiller sur la foi.<\/p>\n<p>Il n\u2019a pas \u00e0 mettre en cause la responsabilit\u00e9 des autres \u00e9v\u00eaques, authentiques \u00ab\u00a0\u00e9dificateurs de l\u2019\u00c9glise de Dieu\u00a0\u00bb\u00a0: il est, au contraire, tout entier \u00e0 leur service.\u00a0\u00bb<\/p>\n<p>Michael J. Walsh, The Conclave\u00a0: A Secret (and Sometimes Bloody) History of Papal Elections, Lanham (MD), Sheed &amp; Ward, 2003<\/p>\n<p>    <a data-pswp-src=\"https:\/\/legrandcontinent.eu\/fr\/wp-content\/uploads\/sites\/2\/2025\/05\/The-Conclave-A-Secret-and-Sometimes-Bloody-History-of-Papal-Elections.jpg\" class=\"gallery-item no-underline\" data-pswp-width=\"328\" data-pswp-height=\"522\"><br \/>\n                            \t&#13;<br \/>\n\t\t\t\t\t&#13;<br \/>\n\t\t\t\t\t&#13;<br \/>\n\t\t\t\t<img decoding=\"async\" src=\"https:\/\/www.europesays.com\/fr\/wp-content\/uploads\/2025\/05\/The-Conclave-A-Secret-and-Sometimes-Bloody-History-of-Papal-Elections-125x199.jpg\"\/>&#13;<br \/>\n\t&#13;<\/p>\n<p>                <\/a><\/p>\n<p>\u00ab\u00a0En 1271, alors que le tr\u00f4ne papal \u00e9tait vacant depuis plus de deux ans, les autorit\u00e9s locales enferm\u00e8rent les cardinaux de l\u2019\u00c9glise catholique dans une pi\u00e8ce, les obligeant \u00e0 choisir un nouveau pape.<\/p>\n<p>De ce d\u00e9but peu propice naquit la pratique du conclave, un ensemble hautement secret de rituels et de man\u0153uvres politiques destin\u00e9 \u00e0 choisir un nouveau chef pour la population catholique mondiale.<\/p>\n<p>Dans The Conclave, l\u2019\u00e9minent historien catholique Michael Walsh retrace l\u2019histoire des conclaves pass\u00e9s, mettant en lumi\u00e8re les vendettas, les querelles et les intrigues politiques qui ont marqu\u00e9 la s\u00e9lection d\u2019un nouveau pontife.<\/p>\n<p>R\u00e9cit divertissant des d\u00e9lib\u00e9rations secr\u00e8tes, des anecdotes pittoresques et m\u00eame des \u00e9v\u00e9nements sanglants qui entourent l\u2019\u00e9lection et la destitution des papes, The Conclave est une histoire passionnante, un ouvrage historique remarquable et une lecture incontournable pour tous ceux qui s\u2019int\u00e9ressent \u00e0 l\u2019histoire de la papaut\u00e9.\u00a0\u00bb<\/p>\n<p>Hubert Wolf, Konklave\u00a0: Die Geheimnisse der Papstwahl, Munich, C.\u202fH. Beck, 2017<\/p>\n<p>    <a data-pswp-src=\"https:\/\/legrandcontinent.eu\/fr\/wp-content\/uploads\/sites\/2\/2025\/05\/Konklave-Die-Geheimnisse-der-Papstwahl.jpg\" class=\"gallery-item no-underline\" data-pswp-width=\"339\" data-pswp-height=\"522\"><br \/>\n                            \t&#13;<br \/>\n\t\t\t\t\t&#13;<br \/>\n\t\t\t\t\t&#13;<br \/>\n\t\t\t\t<img decoding=\"async\" src=\"https:\/\/www.europesays.com\/fr\/wp-content\/uploads\/2025\/05\/Konklave-Die-Geheimnisse-der-Papstwahl-125x192.jpg\"\/>&#13;<br \/>\n\t&#13;<\/p>\n<p>                <\/a><\/p>\n<p>\u00ab\u00a0Alors que la nomination \u00e0 cette fonction unique est entour\u00e9e de myst\u00e8re, Hubert Wolf raconte ce qui se passe derri\u00e8re les portes closes du Vatican.<\/p>\n<p>Il explique comment les r\u00e8gles et les rituels ont vu le jour et met en lumi\u00e8re les ruptures avec la tradition \u2014 notamment ces derniers temps \u2014 qui se cachent derri\u00e8re la fa\u00e7ade de cette c\u00e9r\u00e9monie sacr\u00e9e ancestrale.<\/p>\n<p>Aucune autre \u00e9lection dans le monde ne suscite autant d\u2019int\u00e9r\u00eat que celle du pape.\u00a0<\/p>\n<p>Mais les spectateurs ne voient toujours que l\u2019ext\u00e9rieur\u00a0: l\u2019entr\u00e9e des cardinaux dans le conclave, la chemin\u00e9e de la chapelle Sixtine d\u2019o\u00f9 s\u2019\u00e9chappe une fum\u00e9e noire ou enfin blanche, la pr\u00e9sentation de l\u2019\u00e9lu avec les mots \u00ab\u00a0Habemus papam\u00a0\u00bb.\u00a0<\/p>\n<p>Ce livre explique ce qui se passe r\u00e9ellement\u00a0: comment se d\u00e9roule l\u2019\u00e9lection en d\u00e9tail, \u00e0 partir de quel moment l\u2019\u00e9lu est pape, pourquoi le conclave a \u00e9t\u00e9 invent\u00e9 et comment les cardinaux sont devenus les seuls \u00e9lecteurs et finalement les seuls \u00e9ligibles.<\/p>\n<p>Il aborde \u00e9galement la d\u00e9mission du pape, qui pourrait devenir la r\u00e8gle et nuire \u00e0 l\u2019aura de la fonction.\u00a0<\/p>\n<p>Une attention particuli\u00e8re est accord\u00e9e aux nouvelles r\u00e8gles instaur\u00e9es par Jean-Paul II, qui ont rendu l\u2019\u00e9lection encore plus sacr\u00e9e, moins temporelle et plus secr\u00e8te. \u00c0 la fin de son livre tr\u00e8s vivant, Hubert Wolf montre comment pourrait se d\u00e9rouler une \u00e9lection moderne qui serait en m\u00eame temps fid\u00e8le aux origines de cette fonction vieille de 2000 ans.\u00a0\u00bb<\/p>\n<p>Giancarlo Zizola, Il conclave\u00a0: storia e segreti \u2013 l\u2019elezione papale da San Pietro a Giovanni Paolo\u202fII, Rome, Newton Compton, 1993<\/p>\n<p>    <a data-pswp-src=\"https:\/\/legrandcontinent.eu\/fr\/wp-content\/uploads\/sites\/2\/2025\/05\/Il-conclave-storia-e-segreti-\u2013-lelezione-papale-da-San-Pietro-a-Giovanni-Paolo\u202fII-e1746615495133.jpg\" class=\"gallery-item no-underline\" data-pswp-width=\"1002\" data-pswp-height=\"1433\"><br \/>\n                            \t&#13;<br \/>\n\t\t\t\t\t&#13;<br \/>\n\t\t\t\t\t&#13;<br \/>\n\t\t\t\t<img decoding=\"async\" src=\"https:\/\/www.europesays.com\/fr\/wp-content\/uploads\/2025\/05\/Il-conclave-storia-e-segreti-\u2013-lelezione-papale-da-San-Pietro-a-Giovanni-Paolo\u202fII-e1746615495133-125.jpeg\"\/>&#13;<br \/>\n\t&#13;<\/p>\n<p>                <\/a><\/p>\n<p>\u00ab\u00a0L\u2019\u00e9lection papale est une institution mill\u00e9naire, mais elle s\u2019est d\u00e9roul\u00e9e selon des syst\u00e8mes tr\u00e8s diff\u00e9rents au fil des si\u00e8cles.\u00a0<\/p>\n<p>Fonctionnant \u00e0 l\u2019origine selon les principes d\u2019une d\u00e9mocratie directe, avec l\u2019\u00e9lection de l\u2019\u00e9v\u00eaque de Rome par le clerg\u00e9 et le peuple, elle est devenue, au cours des huit derniers si\u00e8cles, l\u2019apanage des seuls cardinaux, s\u2019\u00e9loignant ainsi de l\u2019ancienne pratique participative.\u00a0<\/p>\n<p>Ce r\u00e9cit historique retrace sa longue \u00e9volution et s\u2019enrichit de d\u00e9tails in\u00e9dits sur les conclaves du XXe si\u00e8cle, d\u2019o\u00f9 \u00e9mergent les figures gigantesques des papes.\u00a0\u00bb<\/p>\n<p>                                &#13;<br \/>\n                                  Cr\u00e9dits                                <\/p>\n<p>&#13;<br \/>\n                                  Tous les passages entre guillemets, sans autre pr\u00e9cision, sont extraits des quatri\u00e8mes de couverture des ouvrages.                                <\/p>\n<p>                          <script async src=\"https:\/\/platform.twitter.com\/widgets.js\" charset=\"utf-8\"><\/script><\/p>\n","protected":false},"excerpt":{"rendered":"&#13; &#13; &#13; &#13; &#13; Date &#13; &#13; 7 mai 2025&#13; &#13; &#13; &#13; &#13; &#13; &#13; &#13;&hellip;\n","protected":false},"author":2,"featured_media":82791,"comment_status":"","ping_status":"","sticky":false,"template":"","format":"standard","meta":{"footnotes":""},"categories":[1357],"tags":[1379,58,59,1011,27,1380],"class_list":{"0":"post-82790","1":"post","2":"type-post","3":"status-publish","4":"format-standard","5":"has-post-thumbnail","7":"category-livres","8":"tag-books","9":"tag-divertissement","10":"tag-entertainment","11":"tag-fr","12":"tag-france","13":"tag-livres"},"share_on_mastodon":{"url":"https:\/\/pubeurope.com\/@fr\/114468551899046560","error":""},"_links":{"self":[{"href":"https:\/\/www.europesays.com\/fr\/wp-json\/wp\/v2\/posts\/82790","targetHints":{"allow":["GET"]}}],"collection":[{"href":"https:\/\/www.europesays.com\/fr\/wp-json\/wp\/v2\/posts"}],"about":[{"href":"https:\/\/www.europesays.com\/fr\/wp-json\/wp\/v2\/types\/post"}],"author":[{"embeddable":true,"href":"https:\/\/www.europesays.com\/fr\/wp-json\/wp\/v2\/users\/2"}],"replies":[{"embeddable":true,"href":"https:\/\/www.europesays.com\/fr\/wp-json\/wp\/v2\/comments?post=82790"}],"version-history":[{"count":0,"href":"https:\/\/www.europesays.com\/fr\/wp-json\/wp\/v2\/posts\/82790\/revisions"}],"wp:featuredmedia":[{"embeddable":true,"href":"https:\/\/www.europesays.com\/fr\/wp-json\/wp\/v2\/media\/82791"}],"wp:attachment":[{"href":"https:\/\/www.europesays.com\/fr\/wp-json\/wp\/v2\/media?parent=82790"}],"wp:term":[{"taxonomy":"category","embeddable":true,"href":"https:\/\/www.europesays.com\/fr\/wp-json\/wp\/v2\/categories?post=82790"},{"taxonomy":"post_tag","embeddable":true,"href":"https:\/\/www.europesays.com\/fr\/wp-json\/wp\/v2\/tags?post=82790"}],"curies":[{"name":"wp","href":"https:\/\/api.w.org\/{rel}","templated":true}]}}