{"id":82792,"date":"2025-05-07T20:57:08","date_gmt":"2025-05-07T20:57:08","guid":{"rendered":"https:\/\/www.europesays.com\/fr\/82792\/"},"modified":"2025-05-07T20:57:08","modified_gmt":"2025-05-07T20:57:08","slug":"negociations-exclusives-entre-nrj-et-cma-media-pour-la-cession-de-la-chaine-cherie-25","status":"publish","type":"post","link":"https:\/\/www.europesays.com\/fr\/82792\/","title":{"rendered":"\u00abN\u00e9gociations exclusives\u00bb entre NRJ et CMA M\u00e9dia pour la cession de la cha\u00eene Ch\u00e9rie 25"},"content":{"rendered":"<p>La filiale du g\u00e9ant fran\u00e7ais du transport maritime CMA CGM, \u00e9tendrait ainsi sa pr\u00e9sence sur la TNT apr\u00e8s le rachat de BFMTV et RMC \u00e0 Altice en juillet 2024.<\/p>\n<p class=\"fig-paragraph\"><a href=\"http:\/\/www.lefigaro.fr\/medias\/tnt-la-perte-de-frequence-de-c8-et-nrj-12-n-est-pas-une-decision-politique-assure-emmanuel-macron-20250222\" data-fig-type=\"NewsFlash\" data-gtm-custom-categorie=\"navigation\" data-gtm-custom-action=\"crossclick\" data-gtm-custom-label=\"Contextuel\" data-gtm-event=\"customEventSPE\" data-fig-domain=\"LEFIGARO\" rel=\"nofollow noopener\" target=\"_blank\">NRJ Group<\/a>\u00a0a annonc\u00e9 mercredi \u00eatre en \u00abn\u00e9gociations exclusives\u00bb avec CMA M\u00e9dia (RMC-BFM) en vue d&rsquo;une vente potentielle de sa\u00a0<a href=\"http:\/\/www.lefigaro.fr\/medias\/loin-de-la-tnt-cyril-hanouna-seduit-toujours-1-3-million-de-telespectateurs-20250305\" data-fig-type=\"Article\" data-gtm-custom-categorie=\"navigation\" data-gtm-custom-action=\"crossclick\" data-gtm-custom-label=\"Contextuel\" data-gtm-event=\"customEventSPE\" data-fig-domain=\"LEFIGARO\" rel=\"nofollow noopener\" target=\"_blank\">cha\u00eene de la TNT<\/a>\u00a0Ch\u00e9rie 25. \u00abNRJ Group annonce \u00eatre en n\u00e9gociations exclusives avec CMA M\u00e9dia dans le cadre de la potentielle cession de sa cha\u00eene de t\u00e9l\u00e9vision Ch\u00e9rie 25\u00bb, indique le groupe dans un communiqu\u00e9, ajoutant \u00abmener ces discussions dans le meilleur int\u00e9r\u00eat\u00bb de la cha\u00eene et de ses salari\u00e9s.<\/p>\n<p class=\"fig-paragraph\">Filiale du g\u00e9ant fran\u00e7ais du transport maritime CMA CGM, CMA M\u00e9dia a rachet\u00e9 BFMTV et RMC \u00e0 Altice en juillet 2024 et \u00e9tendrait sa pr\u00e9sence sur la TNT en faisant l\u2019acquisition de Ch\u00e9rie 25, derni\u00e8re cha\u00eene d\u00e9tenue par NRJ. L\u2019Arcom avait d\u00e9cid\u00e9 en juillet 2024 d\u2019exclure de la TNT NRJ 12, l\u2019autre cha\u00eene du groupe, en raison d\u2019un flux trop important de rediffusions sur son antenne. L\u2019autorit\u00e9 de r\u00e9gulation de l\u2019audiovisuel avait dans le m\u00eame temps d\u00e9cid\u00e9 de ne pas renouveler la fr\u00e9quence TNT de C8, d\u00e9clenchant une intense controverse.<\/p>\n<p class=\"fig-paragraph\">Dans son communiqu\u00e9, NRJ Group indique que le Comit\u00e9 social et \u00e9conomique des soci\u00e9t\u00e9s concern\u00e9es \u00absera inform\u00e9 et consult\u00e9 d\u00e8s qu\u2019un projet suffisamment avanc\u00e9 pourra lui \u00eatre pr\u00e9sent\u00e9, conform\u00e9ment aux obligations l\u00e9gales en la mati\u00e8re\u00bb. Cha\u00eene de t\u00e9l\u00e9vision g\u00e9n\u00e9raliste, Ch\u00e9rie 25 a commenc\u00e9 sa diffusion en d\u00e9cembre 2012.<\/p>\n","protected":false},"excerpt":{"rendered":"La filiale du g\u00e9ant fran\u00e7ais du transport maritime CMA CGM, \u00e9tendrait ainsi sa pr\u00e9sence sur la TNT apr\u00e8s&hellip;\n","protected":false},"author":2,"featured_media":82793,"comment_status":"","ping_status":"","sticky":false,"template":"","format":"standard","meta":{"footnotes":""},"categories":[1356],"tags":[5717,58,59,1011,27,5724,5720,5725,5719,5723,5722,3754,5721,5718,9104,5715,5714,1834,5726,252,1364,5716],"class_list":{"0":"post-82792","1":"post","2":"type-post","3":"status-publish","4":"format-standard","5":"has-post-thumbnail","7":"category-television","8":"tag-bibendum","9":"tag-divertissement","10":"tag-entertainment","11":"tag-fr","12":"tag-france","13":"tag-geant-vert","14":"tag-herisson-ernie-spontex","15":"tag-la-laitiere","16":"tag-lapin-duracell","17":"tag-mms","18":"tag-mamie-nova","19":"tag-media","20":"tag-mr-marie","21":"tag-mr-propre","22":"tag-nrj","23":"tag-personnage-publicitaire","24":"tag-pub","25":"tag-publicite","26":"tag-tele","27":"tag-television","28":"tag-tv","29":"tag-vache-qui-rit"},"share_on_mastodon":{"url":"https:\/\/pubeurope.com\/@fr\/114468555575520950","error":""},"_links":{"self":[{"href":"https:\/\/www.europesays.com\/fr\/wp-json\/wp\/v2\/posts\/82792","targetHints":{"allow":["GET"]}}],"collection":[{"href":"https:\/\/www.europesays.com\/fr\/wp-json\/wp\/v2\/posts"}],"about":[{"href":"https:\/\/www.europesays.com\/fr\/wp-json\/wp\/v2\/types\/post"}],"author":[{"embeddable":true,"href":"https:\/\/www.europesays.com\/fr\/wp-json\/wp\/v2\/users\/2"}],"replies":[{"embeddable":true,"href":"https:\/\/www.europesays.com\/fr\/wp-json\/wp\/v2\/comments?post=82792"}],"version-history":[{"count":0,"href":"https:\/\/www.europesays.com\/fr\/wp-json\/wp\/v2\/posts\/82792\/revisions"}],"wp:featuredmedia":[{"embeddable":true,"href":"https:\/\/www.europesays.com\/fr\/wp-json\/wp\/v2\/media\/82793"}],"wp:attachment":[{"href":"https:\/\/www.europesays.com\/fr\/wp-json\/wp\/v2\/media?parent=82792"}],"wp:term":[{"taxonomy":"category","embeddable":true,"href":"https:\/\/www.europesays.com\/fr\/wp-json\/wp\/v2\/categories?post=82792"},{"taxonomy":"post_tag","embeddable":true,"href":"https:\/\/www.europesays.com\/fr\/wp-json\/wp\/v2\/tags?post=82792"}],"curies":[{"name":"wp","href":"https:\/\/api.w.org\/{rel}","templated":true}]}}