{"id":82806,"date":"2025-05-07T21:04:09","date_gmt":"2025-05-07T21:04:09","guid":{"rendered":"https:\/\/www.europesays.com\/fr\/82806\/"},"modified":"2025-05-07T21:04:09","modified_gmt":"2025-05-07T21:04:09","slug":"la-cgt-cheminots-lance-un-appel-a-la-greve-de-plusieurs-jours-en-juin","status":"publish","type":"post","link":"https:\/\/www.europesays.com\/fr\/82806\/","title":{"rendered":"la CGT-Cheminots lance un appel \u00e0 la gr\u00e8ve de plusieurs jours en juin"},"content":{"rendered":"<p>La f\u00e9d\u00e9ration syndicale appelle \u00e0 prolonger la mobilisation \u00abpour imposer \u00e0 la direction un contenu de n\u00e9gociation qui r\u00e9ponde \u00e0 nos exigences\u00bb.<\/p>\n<p class=\"fig-paragraph\">La CGT-Cheminots, premi\u00e8re\u00a0<a href=\"http:\/\/www.lefigaro.fr\/social\/greve-cet-influent-collectif-de-controleurs-qui-double-les-syndicats-pour-faire-pression-sur-la-sncf-20250505\" data-fig-type=\"NewsFlash\" data-gtm-custom-categorie=\"navigation\" data-gtm-custom-action=\"crossclick\" data-gtm-custom-label=\"Contextuel\" data-gtm-event=\"customEventSPE\" data-fig-domain=\"LEFIGARO\" target=\"_blank\" rel=\"noopener\">organisation syndicale \u00e0 la SNCF<\/a>, a annonc\u00e9 mercredi le lancement d&rsquo;un nouvel appel \u00e0 la gr\u00e8ve pour plusieurs cat\u00e9gories de personnel de l&rsquo;entreprise ferroviaire les 4, 5 et 11 juin, marquant ainsi son intention de\u00a0<a href=\"http:\/\/www.lefigaro.fr\/social\/greve-sncf-environ-90-de-trains-vont-rouler-durant-le-pont-du-8-mai-rassure-jean-pierre-farandou-20250506\" data-fig-type=\"NewsFlash\" data-gtm-custom-categorie=\"navigation\" data-gtm-custom-action=\"crossclick\" data-gtm-custom-label=\"Contextuel\" data-gtm-event=\"customEventSPE\" data-fig-domain=\"LEFIGARO\" target=\"_blank\" rel=\"noopener\">poursuivre la mobilisation<\/a>.<\/p>\n<p class=\"fig-paragraph\">La f\u00e9d\u00e9ration syndicale appelle \u00abl&rsquo;ensemble des cheminots, de tous les m\u00e9tiers, de tous les coll\u00e8ges \u00e0 agir par la gr\u00e8ve\u00bb le 5 juin \u00abpour imposer \u00e0 la direction un contenu de n\u00e9gociation qui r\u00e9ponde \u00e0 nos exigences\u00bb. Elle appelle aussi \u00e0 une gr\u00e8ve des conducteurs le 4 juin et \u00e0 une gr\u00e8ve des contr\u00f4leurs le 11 juin en marge de tables rondes organis\u00e9es pour ces fili\u00e8res.<\/p>\n<p class=\"fig-paragraph\">Plus d\u2019informations \u00e0 venir&#8230;<\/p>\n","protected":false},"excerpt":{"rendered":"La f\u00e9d\u00e9ration syndicale appelle \u00e0 prolonger la mobilisation \u00abpour imposer \u00e0 la direction un contenu de n\u00e9gociation qui&hellip;\n","protected":false},"author":2,"featured_media":82807,"comment_status":"","ping_status":"","sticky":false,"template":"","format":"standard","meta":{"footnotes":""},"categories":[6],"tags":[1111,47,11,1117,1109,35,1112,636,33,34,341,257,632,1108,107,1106,1107,1119,1011,27,6151,1116,1110,1114,500,12,1113,1118,137,401,2215,1115],"class_list":{"0":"post-82806","1":"post","2":"type-post","3":"status-publish","4":"format-standard","5":"has-post-thumbnail","7":"category-economie","8":"tag-actu","9":"tag-actualite","10":"tag-actualites","11":"tag-assurance","12":"tag-breves","13":"tag-business","14":"tag-depeches","15":"tag-devises","16":"tag-economie","17":"tag-economy","18":"tag-emploi","19":"tag-entreprise","20":"tag-fcp","21":"tag-fil","22":"tag-fil-info","23":"tag-flash","24":"tag-flash-actu","25":"tag-formation","26":"tag-fr","27":"tag-france","28":"tag-greve","29":"tag-immobilier","30":"tag-informations","31":"tag-infos","32":"tag-medias","33":"tag-news","34":"tag-nouvelles","35":"tag-placement","36":"tag-retraite","37":"tag-sicav","38":"tag-sncf","39":"tag-taux"},"share_on_mastodon":{"url":"https:\/\/pubeurope.com\/@fr\/114468583115546656","error":""},"_links":{"self":[{"href":"https:\/\/www.europesays.com\/fr\/wp-json\/wp\/v2\/posts\/82806","targetHints":{"allow":["GET"]}}],"collection":[{"href":"https:\/\/www.europesays.com\/fr\/wp-json\/wp\/v2\/posts"}],"about":[{"href":"https:\/\/www.europesays.com\/fr\/wp-json\/wp\/v2\/types\/post"}],"author":[{"embeddable":true,"href":"https:\/\/www.europesays.com\/fr\/wp-json\/wp\/v2\/users\/2"}],"replies":[{"embeddable":true,"href":"https:\/\/www.europesays.com\/fr\/wp-json\/wp\/v2\/comments?post=82806"}],"version-history":[{"count":0,"href":"https:\/\/www.europesays.com\/fr\/wp-json\/wp\/v2\/posts\/82806\/revisions"}],"wp:featuredmedia":[{"embeddable":true,"href":"https:\/\/www.europesays.com\/fr\/wp-json\/wp\/v2\/media\/82807"}],"wp:attachment":[{"href":"https:\/\/www.europesays.com\/fr\/wp-json\/wp\/v2\/media?parent=82806"}],"wp:term":[{"taxonomy":"category","embeddable":true,"href":"https:\/\/www.europesays.com\/fr\/wp-json\/wp\/v2\/categories?post=82806"},{"taxonomy":"post_tag","embeddable":true,"href":"https:\/\/www.europesays.com\/fr\/wp-json\/wp\/v2\/tags?post=82806"}],"curies":[{"name":"wp","href":"https:\/\/api.w.org\/{rel}","templated":true}]}}