{"id":82815,"date":"2025-05-07T21:09:10","date_gmt":"2025-05-07T21:09:10","guid":{"rendered":"https:\/\/www.europesays.com\/fr\/82815\/"},"modified":"2025-05-07T21:09:10","modified_gmt":"2025-05-07T21:09:10","slug":"premiere-ligue-en-avant-guingamp-deja-relegue-termine-par-une-victoire-contre-saint-etienne-2","status":"publish","type":"post","link":"https:\/\/www.europesays.com\/fr\/82815\/","title":{"rendered":"Premi\u00e8re Ligue\u00a0: En Avant Guingamp, d\u00e9j\u00e0 rel\u00e9gu\u00e9, termine par une victoire contre Saint-\u00c9tienne"},"content":{"rendered":"<p>      Semblable \u00e0 un long chemin de croix, la saison d\u2019En Avant s\u2019est achev\u00e9e par une victoire, mercredi. La derni\u00e8re en Premi\u00e8re Ligue avant d\u2019entamer un nouveau cycle \u00e0 l\u2019\u00e9tage inf\u00e9rieur.<\/p>\n<p>                    Premi\u00e8re Ligue\u00a0: Guingamp &#8211; Saint Etienne\u00a0: 3-2<\/p>\n<p>Un match sans enjeu, mais un sc\u00e9nario renversant et une victoire. Guingamp a termin\u00e9 sa triste saison en dominant Saint-\u00c9tienne. Pourtant men\u00e9es \u00e0 deux reprises apr\u00e8s des buts de Pierre-Louis (0-1, 54\u2019) et de Connesson (1-2, 61\u2019), les Rouge et Noir ont arrach\u00e9 leur troisi\u00e8me succ\u00e8s de l\u2019exercice gr\u00e2ce \u00e0 un tripl\u00e9 de Samba. Un premier lob apr\u00e8s une mauvaise sortie de Gignoux-Soulier (1-1, 57\u2019), une frappe crois\u00e9e en contournant la gardienne (2-2, 85\u2019) et un autre lob (3-2, 90\u2019 +4) pour quelques sourires malgr\u00e9 l\u2019issue fatale de la descente en Seconde Ligue. \u00ab\u00a0C\u2019\u00e9tait un match sans enjeu et sur un faux rythme, a observ\u00e9 J\u00e9r\u00f4me Bonnet. Mais j\u2019avais demand\u00e9 aux joueuses de finir sur quelque chose de positif.\u00a0\u00bb<\/p>\n<p>        <img decoding=\"async\" src=\"https:\/\/www.europesays.com\/fr\/wp-content\/uploads\/2025\/05\/681bbf4121ceb7ef94049900.1.jpeg\" width=\"480\" height=\"300\" class=\"web_golden_m\" loading=\"lazy\" alt=\"Imane Touriss (\u00e0 gauche)\"\/><br \/>\n        Imane Touriss (\u00e0 gauche) (Photo Serge Raoul)<\/p>\n<p>\u00ab\u00a0C\u2019\u00e9tait mon dernier match \u00e0 Guingamp\u00a0\u00bb<\/p>\n<p>Rel\u00e9gu\u00e9es \u00e0 l\u2019\u00e9tage inf\u00e9rieur, les Rouge et Noir s\u2019appr\u00eatent \u00e0 vivre un sacr\u00e9 remaniement. \u00c0 commencer par le poste d\u2019entra\u00eeneur. \u00ab\u00a0C\u2019\u00e9tait mon dernier match \u00e0 Guingamp, a soulign\u00e9 J\u00e9r\u00f4me Bonnet. C\u2019est la fin d\u2019une collaboration qui n\u2019a pas \u00e9t\u00e9 telle que le club et moi l\u2019aurions souhait\u00e9. Guingamp s\u2019est tromp\u00e9 et je me suis tromp\u00e9.\u00a0\u00bb Comme Mathieu Rufi\u00e9 avant lui, l\u2019ancien St\u00e9phanois va quitter l\u2019EAG un an seulement apr\u00e8s son arriv\u00e9e. \u00ab\u00a0Je n\u2019ai aucune animosit\u00e9 envers Guingamp, mais je souhaite rebondir dans un club qui consid\u00e8rera les f\u00e9minines.\u00a0\u00bb De son c\u00f4t\u00e9, En Avant est d\u00e9sormais tourn\u00e9 vers l\u2019avenir malgr\u00e9 les freins financiers qu\u2019imposera l\u2019antichambre de l\u2019\u00e9lite. \u00ab\u00a0On repartira en D2 l\u2019ann\u00e9e prochaine\u00a0\u00bb, a confirm\u00e9 Fred Le Grand.<\/p>\n<p class=\"tech\"><strong class=\"tech\">Arbitre\u00a0: <\/strong>Mme. Bessi\u00e8re.<\/p>\n<p class=\"tech\"><strong class=\"tech\">BUTS.<\/strong> Guingamp\u00a0: Samba (57\u2019, 85\u2019, 90\u2019 +4)\u00a0; Saint-\u00c9tienne\u00a0: Pierre-Louis (54\u2019), Connesson (61\u2019).<\/p>\n<p class=\"tech\"><strong class=\"tech\">Avertissements. <\/strong>Guingamp\u00a0: Peneau (80\u2019)\u00a0; Saint-\u00c9tienne\u00a0: Ferri\u00e8re (69\u2019).<\/p>\n<p class=\"tech\"><strong class=\"tech\">GUINGAMP\u00a0:<\/strong> Sieber &#8211; Guellati, Fercocq, Lescop (Autin 61\u2019) &#8211; Touriss, Seguin (Pacaud 33\u2019), Daoudi (cap., Donnary 61\u2019) Bigot &#8211; Eto (Peneau 75\u2019) &#8211; Samba, Ribeyra (Fourr\u00e9 75\u2019). Entra\u00eeneur\u00a0: J\u00e9r\u00f4me Bonnet.<\/p>\n<p class=\"tech\"><strong class=\"tech\">SAINT-ETIENNE\u00a0:<\/strong> Gignoux (cap., Templier 84\u2019) &#8211; Bogi, Bataillard, Martinez, Tapia (Job 75\u2019) &#8211; Champagnac, Dehri (Ferri\u00e8re 60\u2019) &#8211; Pierre-Louis (Maniouloux 74\u2019), Stratigakis, Connesson &#8211; Cambot. Entra\u00eeneur\u00a0: Marc-Antoine Brihat.<\/p>\n<p>Cr\u00e9dit photo : Photo Serge Raoul<\/p>\n","protected":false},"excerpt":{"rendered":"Semblable \u00e0 un long chemin de croix, la saison d\u2019En Avant s\u2019est achev\u00e9e par une victoire, mercredi. La&hellip;\n","protected":false},"author":2,"featured_media":82816,"comment_status":"","ping_status":"","sticky":false,"template":"","format":"standard","meta":{"footnotes":""},"categories":[9653],"tags":[1111,11,2430,19062,1777,674,63,1011,27,4044,12,25,4001,60],"class_list":{"0":"post-82815","1":"post","2":"type-post","3":"status-publish","4":"format-standard","5":"has-post-thumbnail","7":"category-saint-etienne","8":"tag-actu","9":"tag-actualites","10":"tag-auvergne-rhone-alpes","11":"tag-ea-guingamp","12":"tag-eu","13":"tag-europe","14":"tag-football","15":"tag-fr","16":"tag-france","17":"tag-guingamp","18":"tag-news","19":"tag-republique-francaise","20":"tag-saint-etienne","21":"tag-sports"},"share_on_mastodon":{"url":"https:\/\/pubeurope.com\/@fr\/114468602863134471","error":""},"_links":{"self":[{"href":"https:\/\/www.europesays.com\/fr\/wp-json\/wp\/v2\/posts\/82815","targetHints":{"allow":["GET"]}}],"collection":[{"href":"https:\/\/www.europesays.com\/fr\/wp-json\/wp\/v2\/posts"}],"about":[{"href":"https:\/\/www.europesays.com\/fr\/wp-json\/wp\/v2\/types\/post"}],"author":[{"embeddable":true,"href":"https:\/\/www.europesays.com\/fr\/wp-json\/wp\/v2\/users\/2"}],"replies":[{"embeddable":true,"href":"https:\/\/www.europesays.com\/fr\/wp-json\/wp\/v2\/comments?post=82815"}],"version-history":[{"count":0,"href":"https:\/\/www.europesays.com\/fr\/wp-json\/wp\/v2\/posts\/82815\/revisions"}],"wp:featuredmedia":[{"embeddable":true,"href":"https:\/\/www.europesays.com\/fr\/wp-json\/wp\/v2\/media\/82816"}],"wp:attachment":[{"href":"https:\/\/www.europesays.com\/fr\/wp-json\/wp\/v2\/media?parent=82815"}],"wp:term":[{"taxonomy":"category","embeddable":true,"href":"https:\/\/www.europesays.com\/fr\/wp-json\/wp\/v2\/categories?post=82815"},{"taxonomy":"post_tag","embeddable":true,"href":"https:\/\/www.europesays.com\/fr\/wp-json\/wp\/v2\/tags?post=82815"}],"curies":[{"name":"wp","href":"https:\/\/api.w.org\/{rel}","templated":true}]}}