{"id":82817,"date":"2025-05-07T21:10:18","date_gmt":"2025-05-07T21:10:18","guid":{"rendered":"https:\/\/www.europesays.com\/fr\/82817\/"},"modified":"2025-05-07T21:10:18","modified_gmt":"2025-05-07T21:10:18","slug":"neuves-maisons-conferences-avec-la-cfdt-retraites-pour-bien-vieillir-en-bonne-sante","status":"publish","type":"post","link":"https:\/\/www.europesays.com\/fr\/82817\/","title":{"rendered":"Neuves-Maisons. Conf\u00e9rences avec la CFDT retrait\u00e9s pour \u00ab\u00a0Bien vieillir en bonne sant\u00e9\u00a0\u00bb"},"content":{"rendered":"<p>Neuves-Maisons compte une active section de retrait\u00e9s CFDT qui s\u2019investissent actuellement dans la pr\u00e9paration d\u2019une conf\u00e9rence sur le th\u00e8me du \u00ab\u00a0Bien vieillir en bonne sant\u00e9\u00a0\u00bb, cher \u00e0 ces syndicalistes.<\/p>\n<p>\u00ab\u00a0Maintien de l\u2019autonomie\u00a0\u00bb et \u00ab\u00a0Les reconversions et les luttes syndicales\u00a0\u00bb<\/p>\n<p>\u00ab\u00a0Nous avons d\u00e9cid\u00e9 de programmer deux conf\u00e9rences en 2025, afin de donner aux gens la possibilit\u00e9 de r\u00e9fl\u00e9chir et d\u2019apprendre. La premi\u00e8re sur le maintien de l\u2019autonomie, la seconde sur les reconversions et les luttes syndicales\u00a0\u00bb, pr\u00e9cise&#8230;<\/p>\n","protected":false},"excerpt":{"rendered":"Neuves-Maisons compte une active section de retrait\u00e9s CFDT qui s\u2019investissent actuellement dans la pr\u00e9paration d\u2019une conf\u00e9rence sur le&hellip;\n","protected":false},"author":2,"featured_media":82818,"comment_status":"","ping_status":"","sticky":false,"template":"","format":"standard","meta":{"footnotes":""},"categories":[9635],"tags":[1111,11,9848,6211,1687,1704,1777,674,1011,27,775,1702,9847,12,5486,25],"class_list":{"0":"post-82817","1":"post","2":"type-post","3":"status-publish","4":"format-standard","5":"has-post-thumbnail","7":"category-nancy","8":"tag-actu","9":"tag-actualites","10":"tag-cc-moselle-et-madon-54b","11":"tag-conference","12":"tag-culture-loisirs","13":"tag-edition-nancy-et-agglomeration","14":"tag-eu","15":"tag-europe","16":"tag-fr","17":"tag-france","18":"tag-grand-est","19":"tag-nancy","20":"tag-neuves-maisons","21":"tag-news","22":"tag-rencontre","23":"tag-republique-francaise"},"share_on_mastodon":{"url":"https:\/\/pubeurope.com\/@fr\/114468606712959041","error":""},"_links":{"self":[{"href":"https:\/\/www.europesays.com\/fr\/wp-json\/wp\/v2\/posts\/82817","targetHints":{"allow":["GET"]}}],"collection":[{"href":"https:\/\/www.europesays.com\/fr\/wp-json\/wp\/v2\/posts"}],"about":[{"href":"https:\/\/www.europesays.com\/fr\/wp-json\/wp\/v2\/types\/post"}],"author":[{"embeddable":true,"href":"https:\/\/www.europesays.com\/fr\/wp-json\/wp\/v2\/users\/2"}],"replies":[{"embeddable":true,"href":"https:\/\/www.europesays.com\/fr\/wp-json\/wp\/v2\/comments?post=82817"}],"version-history":[{"count":0,"href":"https:\/\/www.europesays.com\/fr\/wp-json\/wp\/v2\/posts\/82817\/revisions"}],"wp:featuredmedia":[{"embeddable":true,"href":"https:\/\/www.europesays.com\/fr\/wp-json\/wp\/v2\/media\/82818"}],"wp:attachment":[{"href":"https:\/\/www.europesays.com\/fr\/wp-json\/wp\/v2\/media?parent=82817"}],"wp:term":[{"taxonomy":"category","embeddable":true,"href":"https:\/\/www.europesays.com\/fr\/wp-json\/wp\/v2\/categories?post=82817"},{"taxonomy":"post_tag","embeddable":true,"href":"https:\/\/www.europesays.com\/fr\/wp-json\/wp\/v2\/tags?post=82817"}],"curies":[{"name":"wp","href":"https:\/\/api.w.org\/{rel}","templated":true}]}}