{"id":82826,"date":"2025-05-07T21:15:10","date_gmt":"2025-05-07T21:15:10","guid":{"rendered":"https:\/\/www.europesays.com\/fr\/82826\/"},"modified":"2025-05-07T21:15:10","modified_gmt":"2025-05-07T21:15:10","slug":"contrat-mis-sur-la-tete-de-michael-delafosse-le-procureur-de-la-republique-dement","status":"publish","type":"post","link":"https:\/\/www.europesays.com\/fr\/82826\/","title":{"rendered":"\u00ab\u00a0contrat mis sur la t\u00eate\u00a0\u00bb de Micha\u00ebl Delafosse, le Procureur de la R\u00e9publique d\u00e9ment"},"content":{"rendered":"<p>\n\t\t\t\t\tLe procureur de la R\u00e9publique de Montpellier, Fabrice Belargent, d\u00e9ment l&rsquo;information publi\u00e9e dans un m\u00e9dia local affirmant que Micha\u00ebl Delafosse, maire de Montpellier, fait l&rsquo;objet de menaces d&rsquo;un groupe de narcotrafiquants.\t\t\t\t<\/p>\n<p>\n\t\t\t\t\t\t\t\t\t\u00a9 Linda Mansouri \/ InfOccitanie. Michael Delafosse, maire pr\u00e9sident de Montpellier. .\t\t\t\t\t\t\t\t<\/p>\n<p>Le 2 mai dernier, un article de presse paru chez nos confr\u00e8res de <a href=\"https:\/\/actu.fr\/occitanie\/montpellier_34172\/montpellier-un-contrat-sur-la-tete-de-michael-delafosse-par-des-narcotrafiquants-la-police-enquete_62591137.html\" target=\"_blank\" rel=\"nofollow noopener\">M\u00e9tropolitain<\/a>, r\u00e9v\u00e8le que des narcotrafiquants auraient <strong>\u00ab\u00a0mis un contrat sur la t\u00eate\u00a0\u00bb<\/strong> de <strong>Micha\u00ebl Delafosse<\/strong>, maire de Montpellier. Le lendemain,<strong> Fabrice Belargent<\/strong>, procureur de la R\u00e9publique de <a href=\"https:\/\/infoccitanie.fr\/tag\/montpellier\/\" target=\"_blank\" rel=\"noopener\">Montpellier <\/a>d\u00e9ment cette information dans le journal <a href=\"https:\/\/www.midilibre.fr\/2025\/05\/03\/une-enquete-policiere-en-cours-sur-un-contrat-visant-michael-delafosse-le-procureur-de-montpellier-oppose-un-dementi-12673595.php\" target=\"_blank\" rel=\"nofollow noopener\">Midi Libre<\/a>. \u00ab\u00a0Nous n\u2019avons re\u00e7u aucune information faisant \u00e9tat d\u2019un contrat mis sur la t\u00eate du maire par des narcotrafiquants\u00a0\u00bb, affirme Fabrice Belargent \u00e0 nos confr\u00e8res. Le procureur de la R\u00e9publique r\u00e9fute \u00e9galement l\u2019information qu\u2019une enqu\u00eate de la P.J ou autre service est en cours sur ce sujet.<\/p>\n<p><strong>Contact\u00e9 par notre r\u00e9daction<\/strong>, le procureur de la R\u00e9publique confirme ses propos ce mercredi 7 mai. Il d\u00e9clare \u00e9galement que \u00ab\u00a0les propos du journaliste peuvent n\u00e9cessiter des v\u00e9rifications \u00e0 priori\u00a0\u00bb.<\/p>\n<p>Une enqu\u00eate pour \u00ab\u00a0diffusion de fausses nouvelles\u00a0\u00bb<\/p>\n<p>Au-del\u00e0 du d\u00e9menti, Fabrice Belargent a pris la d\u00e9cision \u00ab\u00a0d\u2019ouvrir une enqu\u00eate pr\u00e9liminaire pour diffusion de fausses nouvelles\u00a0\u00bb. Un d\u00e9lit puni d\u2019une amende de <strong>45 000 euros d\u2019amende<\/strong>. Pour le procureur de la R\u00e9publique, que de \u00ab\u00a0telles all\u00e9gations\u00a0\u00bb soient publi\u00e9es \u00ab\u00a0sans v\u00e9rification pr\u00e9alable\u00a0\u00bb est \u00ab\u00a0particuli\u00e8rement inqui\u00e9tant\u00a0\u00bb, confie-t-il \u00e0 nos confr\u00e8res.<\/p>\n<blockquote class=\"twitter-tweet\" data-width=\"500\" data-dnt=\"true\">\n<p lang=\"fr\" dir=\"ltr\">Apr\u00e8s la protection polici\u00e8re \u00e0 cause de son adresse soi-disant divulgu\u00e9e (faux), voil\u00e0 maintenant le contrat des narcos. Vivement l\u2019\u00e9pisode o\u00f9 il traverse la fronti\u00e8re d\u00e9guis\u00e9 en facteur. Pas besoin de Netflix \u00e0 Montpellier : on a d\u00e9j\u00e0 la s\u00e9rie <a href=\"https:\/\/twitter.com\/MDelafosse?ref_src=twsrc%5Etfw\" target=\"_blank\" rel=\"nofollow noopener\">@MDelafosse<\/a> le tartuffe mythomane <a href=\"https:\/\/t.co\/06CN25EeWL\" target=\"_blank\" rel=\"nofollow\">https:\/\/t.co\/06CN25EeWL<\/a><\/p>\n<p>\u2014 Yes We Clown (@yesweclown) <a href=\"https:\/\/twitter.com\/yesweclown\/status\/1919423581118669077?ref_src=twsrc%5Etfw\" target=\"_blank\" rel=\"nofollow noopener\">May 5, 2025<\/a><\/p><\/blockquote>\n<p>L\u2019ex candidat aux municipales <strong>R\u00e9mi Gaillard <\/strong>n\u2019a pas tard\u00e9 \u00e0 r\u00e9agir \u00e0 la nouvelle en citant un tweet de Philippe Saurel avec son compte Yes We Clown, dans lequel il ironise : \u00ab\u00a0vivement l\u2019\u00e9pisode o\u00f9 il traverse la fronti\u00e8re d\u00e9guis\u00e9 en facteur\u00a0\u00bb, en qualifiant Micha\u00ebl Delafosse de \u00ab\u00a0tartuffe mythomane\u00a0\u00bb. Contact\u00e9 par notre r\u00e9daction, l\u2019humoriste d\u00e9clare \u00ab\u00a0Un contrat sur la t\u00eate de Delafosse ? Il se croit dans une serie Netflix. Pauvre type ! Si j\u2019\u00e9tais un trafiquant, je lui dirais merci : les transports gratuits, c\u2019est Uber Eats version cartel. Et vu l\u2019\u00e9tat de la s\u00e9curit\u00e9 en ville, \u00e7a peut dealer tranquille. Personne ne veut sa peau. Le seul contrat qu\u2019il risque, c\u2019est celui qu\u2019il ne signera pas aux prochaines \u00e9lections.\u00a0\u00bb<\/p>\n<p>Pour le moment, la r\u00e9daction de <strong>M\u00e9tropolitain<\/strong> n\u2019est pas revenue sur le sujet suite aux d\u00e9clarations du Procureur. Est-ce  le maire de Montpellier, l\u2019un de ses proches ou une personne de son cabinet, qui a confi\u00e9 cette fausse information au m\u00e9dia local ? Est-on face \u00e0 une erreur d\u2019interpr\u00e9tation, une volont\u00e9 de mentir ou de semer le doute ? De nombreuses questions auxquelles l\u2019enqu\u00eate ouverte par le <strong>Procureur de la R\u00e9publique <\/strong>permettra sans doute d\u2019apporter des r\u00e9ponses prochainement. A suivre\u2026<\/p>\n<p>\t\t\t\t<script async src=\"https:\/\/platform.twitter.com\/widgets.js\" charset=\"utf-8\"><\/script><\/p>\n","protected":false},"excerpt":{"rendered":"Le procureur de la R\u00e9publique de Montpellier, Fabrice Belargent, d\u00e9ment l&rsquo;information publi\u00e9e dans un m\u00e9dia local affirmant que&hellip;\n","protected":false},"author":2,"featured_media":82827,"comment_status":"","ping_status":"","sticky":false,"template":"","format":"standard","meta":{"footnotes":""},"categories":[9599],"tags":[1111,11,1777,674,1011,27,11241,2208,12,2680,25],"class_list":{"0":"post-82826","1":"post","2":"type-post","3":"status-publish","4":"format-standard","5":"has-post-thumbnail","7":"category-montpellier","8":"tag-actu","9":"tag-actualites","10":"tag-eu","11":"tag-europe","12":"tag-fr","13":"tag-france","14":"tag-michael-delafosse","15":"tag-montpellier","16":"tag-news","17":"tag-occitanie","18":"tag-republique-francaise"},"share_on_mastodon":{"url":"https:\/\/pubeurope.com\/@fr\/114468626354381525","error":""},"_links":{"self":[{"href":"https:\/\/www.europesays.com\/fr\/wp-json\/wp\/v2\/posts\/82826","targetHints":{"allow":["GET"]}}],"collection":[{"href":"https:\/\/www.europesays.com\/fr\/wp-json\/wp\/v2\/posts"}],"about":[{"href":"https:\/\/www.europesays.com\/fr\/wp-json\/wp\/v2\/types\/post"}],"author":[{"embeddable":true,"href":"https:\/\/www.europesays.com\/fr\/wp-json\/wp\/v2\/users\/2"}],"replies":[{"embeddable":true,"href":"https:\/\/www.europesays.com\/fr\/wp-json\/wp\/v2\/comments?post=82826"}],"version-history":[{"count":0,"href":"https:\/\/www.europesays.com\/fr\/wp-json\/wp\/v2\/posts\/82826\/revisions"}],"wp:featuredmedia":[{"embeddable":true,"href":"https:\/\/www.europesays.com\/fr\/wp-json\/wp\/v2\/media\/82827"}],"wp:attachment":[{"href":"https:\/\/www.europesays.com\/fr\/wp-json\/wp\/v2\/media?parent=82826"}],"wp:term":[{"taxonomy":"category","embeddable":true,"href":"https:\/\/www.europesays.com\/fr\/wp-json\/wp\/v2\/categories?post=82826"},{"taxonomy":"post_tag","embeddable":true,"href":"https:\/\/www.europesays.com\/fr\/wp-json\/wp\/v2\/tags?post=82826"}],"curies":[{"name":"wp","href":"https:\/\/api.w.org\/{rel}","templated":true}]}}