{"id":82831,"date":"2025-05-07T21:19:23","date_gmt":"2025-05-07T21:19:23","guid":{"rendered":"https:\/\/www.europesays.com\/fr\/82831\/"},"modified":"2025-05-07T21:19:23","modified_gmt":"2025-05-07T21:19:23","slug":"grenoble-ce-celebre-patissier-sinstalle-a-grandplace-son-nouveau-concept-cartonne","status":"publish","type":"post","link":"https:\/\/www.europesays.com\/fr\/82831\/","title":{"rendered":"Grenoble. Ce c\u00e9l\u00e8bre p\u00e2tissier s&rsquo;installe \u00e0 Grand&rsquo;Place : son nouveau concept cartonne"},"content":{"rendered":"<p>            Par<br \/>\n        <strong><br \/>\n            <a href=\"https:\/\/actu.fr\/auteur\/lisa-rodrigues\" title=\"Consulter tous les articles de Lisa Rodrigues\" rel=\"nofollow noopener\" target=\"_blank\">Lisa Rodrigues<\/a><br \/>\n        <\/strong><\/p>\n<p>        Publi\u00e9 le<\/p>\n<p>            7 mai 2025 \u00e0 17h53        <\/p>\n<p>Presque deux ans qu\u2019il avait quitt\u00e9 <a href=\"https:\/\/actu.fr\/auvergne-rhone-alpes\/grenoble_38185\" rel=\"nofollow noopener\" target=\"_blank\">Grenoble<\/a>. <strong>Thierry Court<\/strong>, ma\u00eetre artisan p\u00e2tissier chocolatier confiseur, est une figure bien connue des gourmands is\u00e9rois. <br \/>Gagnant de l\u2019\u00e9mission de M6 du Meilleur P\u00e2tissier en 2017 et install\u00e9 \u00ab\u00a0depuis 23 ans\u00a0\u00bb dans sa ville d\u2019origine, il avait <strong>ferm\u00e9 sa boutique rue de la Poste en 2023<\/strong> pour d\u00e9m\u00e9nager vers un laboratoire \u00e0 Apprieu, \u00e0 une trentaine de kilom\u00e8tres de Grenoble.<br \/>Depuis le mois d\u2019avril, il est de retour dans la capitale des Alpes dans sa nouvelle boutique, Les Petits Bonheurs, au <a href=\"https:\/\/actu.fr\/auvergne-rhone-alpes\/grenoble_38185\/grenoble-quelles-sont-les-deux-nouvelles-enseignes-qui-vont-ouvrir-a-grand-place_62387475.html\" rel=\"nofollow noopener\" target=\"_blank\">centre commercial Grand\u2019Place<\/a>.\u00a0<\/p>\n<p class=\" wall-content\">\u00ab\u00a0Le d\u00e9marrage a \u00e9t\u00e9 tr\u00e8s fort, se r\u00e9jouit Thierry Court, contact\u00e9 par la r\u00e9daction. On a eu 1 200 clients en quatre jours !\u00a0\u00bb Une bonne pioche \u00e9galement pour Laurent Devaux, directeur de Grand\u2019Place, qui se f\u00e9licite de l\u2019arriv\u00e9e de cette \u00ab\u00a0enseigne locale historique\u00a0\u00bb \u00e0 travers un concept \u00ab\u00a0qui saura ravir nos clients\u00a0\u00bb.<\/p>\n<p>    <a href=\"https:\/\/www.google.com\/maps\/embed?pb=!1m18!1m12!1m3!1d2813.4167561529016!2d5.728255076133827!3d45.158409971070604!2m3!1f0!2f0!3f0!3m2!1i1024!2i768!4f13.1!3m3!1m2!1s0x478af4ca55934c8f%3A0xccf7b5805a661ada!2sCentre%20Commercial%20Grand%27Place!5e0!3m2!1sfr!2sfr!4v1746628248548!5m2!1sfr!2sfr\" title=\"Ouvrie le lien\" rel=\"nofollow noopener\" target=\"_blank\">Cliquez ici pour visualiser le contenu<\/a><\/p>\n<p>\u00ab\u00a0J\u2019ai h\u00e9sit\u00e9 \u00e0 revenir en centre-ville\u00a0\u00bb<\/p>\n<p class=\" wall-content\">Ce retour au c\u0153ur de Grenoble, Thierry Court y pensait depuis un certain temps. \u00ab\u00a0\u00c7a me manquait de ne pas avoir de boutique, c\u2019est un lien direct qu\u2019on n\u2019a plus avec les clients, relate le confiseur. C\u2019\u00e9tait <strong>important de retrouver notre client\u00e8le<\/strong> qui nous suit depuis 20 ans !\u00a0\u00bb<\/p>\n<p>      <img   decoding=\"async\" loading=\"lazy\" src=\"https:\/\/www.europesays.com\/fr\/wp-content\/uploads\/2025\/05\/grand-place-les-petits-bonheurs-3-960x640.jpg\" alt=\"Le chocolatier confiseur Thierry Court est de retour \u00e0 Grenoble apr\u00e8s deux ans d'absence, \u00e0 Grand'Place.\" width=\"960\" height=\"640\"\/><br \/>\n    Le chocolatier confiseur Thierry Court est de retour \u00e0 Grenoble apr\u00e8s deux ans d\u2019absence, \u00e0 Grand\u2019Place. (\u00a9Document remis \u00e0 actu Grenoble \/ Grand\u2019Place)<\/p>\n<p class=\" wall-content\">Il a bien eu quelques petites remarques sur son choix de venir s\u2019installer dans une galerie marchande et <a href=\"https:\/\/actu.fr\/auvergne-rhone-alpes\/grenoble_38185\/grenoble-les-commerces-du-centre-ville-souffrent-ma-clientele-ne-vient-plus_59032232.html\" rel=\"nofollow noopener\" target=\"_blank\">pas dans le centre-ville<\/a>. S\u2019il est arriv\u00e9 \u00e0 Grand\u2019Place, c\u2019est apr\u00e8s avoir gagn\u00e9 un concours avec, comme prix, un bail commercial.\u00a0<\/p>\n<blockquote class=\"ac-article-quote wall-content\">\n<p>J&rsquo;ai h\u00e9sit\u00e9 \u00e0 revenir en centre-ville. Maintenant, quand on cherche une implantation, on se creuse la t\u00eate pour trouver le bon endroit, s&rsquo;il en reste&#8230; Il y a aussi la question des loyers !<\/p>\n<p>    <strong>Thierry Court, ma\u00eetre artisan p\u00e2tissier chocolatier confiseur \u00e0 Grenoble<\/strong>\n            <\/p><\/blockquote>\n<p class=\" wall-content\">D\u2019autant qu\u2019il trouve des avantages \u00e0 \u00eatre en centre commercial. \u00ab\u00a0C\u2019est ouvert, c\u2019est propre, c\u2019est \u00e9clair\u00e9, on ne d\u00e9pend pas de la pluie ou de la chaleur. Ce sont de bonnes conditions pour une chocolaterie ! Et on touche une nouvelle population, plus jeune.\u00a0\u00bb\u00a0<\/p>\n<p>Du chocolat, des biscuits et les macarons<\/p>\n<p class=\" wall-content\">Avis aux habitu\u00e9s de l\u2019ancienne boutique rue de la Poste, cette nouvelle adresse \u00e0 Grand\u2019Place est \u00ab\u00a0<strong>un concept nouveau<\/strong>, pr\u00e9vient Thierry Court. Les Grenoblois m\u2019ont connu p\u00e2tissier et chocolatier\u00a0\u00bb, ils le verront d\u00e9sormais comme confiseur, \u00e0 travers sa gamme \u00ab\u00a0<a href=\"https:\/\/petitsbonheurs.fr\/\" rel=\"nofollow noopener\" target=\"_blank\">Petits Bonheurs<\/a>\u00ab\u00a0, qui donne son nom au magasin.<\/p>\n<p class=\" wall-content\">Une <strong>cinquantaine de r\u00e9f\u00e9rences<\/strong> est propos\u00e9e, inspir\u00e9es des douceurs de l\u2019enfance : nounours en guimauve, billes et barres de chocolat, biscuits fruit\u00e9s, sabl\u00e9s surmont\u00e9s d\u2019une tablette de chocolat\u2026<\/p>\n<p>      <img   decoding=\"async\" loading=\"lazy\" src=\"https:\/\/www.europesays.com\/fr\/wp-content\/uploads\/2025\/05\/grand-place-les-petits-bonheurs-4-960x640.jpg\" alt=\"Nounours en chocolat, tablettes, barres chocolat\u00e9es, biscuits... Une cinquantaine de r\u00e9f\u00e9rences est propos\u00e9e dans la boutique Les Petits Bonheurs.\" width=\"960\" height=\"640\"\/><br \/>\n    Nounours en chocolat, tablettes, barres chocolat\u00e9es, biscuits\u2026 Une cinquantaine de r\u00e9f\u00e9rences est propos\u00e9e dans la boutique Les Petits Bonheurs. (\u00a9Document remis \u00e0 actu Grenoble \/ Grand\u2019Place)<\/p>\n<p class=\" wall-content\">Avec tout de m\u00eame un point de rep\u00e8re pour les nostalgiques de la p\u00e2tisserie : \u00ab\u00a0<strong>le retour des macarons<\/strong>, notre produit phare qui nous a fait conna\u00eetre\u00a0\u00bb. Un espace coffee shop est \u00e9galement install\u00e9 dans la boutique, en partenariat avec La Br\u00fblerie des Alpes, torr\u00e9facteur grenoblois.<\/p>\n<p>\u00ab\u00a0C\u2019est le d\u00e9but de l\u2019histoire\u00a0\u00bb<\/p>\n<p class=\" wall-content\">Thierry Court compte bien \u00ab\u00a0s\u2019installer dans la dur\u00e9e\u00a0\u00bb. Tout en rappelant que cette boutique est un test pour d\u00e9velopper et faire conna\u00eetre sa gamme de confiseries et snacks sucr\u00e9s. \u00ab\u00a0C\u2019est le d\u00e9but de l\u2019histoire !\u00a0\u00bb<\/p>\n<p class=\" wall-content\">Pour autant, il se donne des objectifs pr\u00e9cis. \u00ab\u00a0On pr\u00e9voit d\u00e9j\u00e0 <strong>d\u2019ouvrir d\u2019autres boutiques<\/strong>\u00a0\u00bb en Auvergne-Rh\u00f4ne-Alpes, glisse l\u2019artisan. Mais tout en gardant ses racines en <a href=\"https:\/\/actu.fr\/auvergne-rhone-alpes\/isere_38\" rel=\"nofollow noopener\" target=\"_blank\">Is\u00e8re<\/a>. \u00ab\u00a0Notre identit\u00e9 est grenobloise !\u00a0\u00bb<\/p>\n<p class=\" wall-content\">Suivez toute l\u2019actualit\u00e9 de vos villes et m\u00e9dias favoris en vous inscrivant \u00e0 <a href=\"https:\/\/moncompte.actu.fr\" title=\"D\u00e9couvez Mon Actu\" rel=\"nofollow noopener\" data-trk=\"{&quot;cta&quot;:{&quot;action&quot;:&quot;https:\\\/\\\/moncompte.actu.fr&quot;,&quot;category&quot;:&quot;mon compte&quot;,&quot;from&quot;:&quot;article footer&quot;,&quot;name&quot;:&quot;Mon actu&quot;,&quot;type&quot;:&quot;cta&quot;}}\" target=\"_blank\">Mon Actu<\/a>.<\/p>\n","protected":false},"excerpt":{"rendered":"Par Lisa Rodrigues Publi\u00e9 le 7 mai 2025 \u00e0 17h53 Presque deux ans qu\u2019il avait quitt\u00e9 Grenoble. Thierry&hellip;\n","protected":false},"author":2,"featured_media":82832,"comment_status":"","ping_status":"","sticky":false,"template":"","format":"standard","meta":{"footnotes":""},"categories":[9566],"tags":[1111,11,2430,215,1777,674,1011,27,2731,1305,12,25],"class_list":{"0":"post-82831","1":"post","2":"type-post","3":"status-publish","4":"format-standard","5":"has-post-thumbnail","7":"category-grenoble","8":"tag-actu","9":"tag-actualites","10":"tag-auvergne-rhone-alpes","11":"tag-commerce","12":"tag-eu","13":"tag-europe","14":"tag-fr","15":"tag-france","16":"tag-grenoble","17":"tag-lifestyle","18":"tag-news","19":"tag-republique-francaise"},"share_on_mastodon":{"url":"https:\/\/pubeurope.com\/@fr\/114468642230671502","error":""},"_links":{"self":[{"href":"https:\/\/www.europesays.com\/fr\/wp-json\/wp\/v2\/posts\/82831","targetHints":{"allow":["GET"]}}],"collection":[{"href":"https:\/\/www.europesays.com\/fr\/wp-json\/wp\/v2\/posts"}],"about":[{"href":"https:\/\/www.europesays.com\/fr\/wp-json\/wp\/v2\/types\/post"}],"author":[{"embeddable":true,"href":"https:\/\/www.europesays.com\/fr\/wp-json\/wp\/v2\/users\/2"}],"replies":[{"embeddable":true,"href":"https:\/\/www.europesays.com\/fr\/wp-json\/wp\/v2\/comments?post=82831"}],"version-history":[{"count":0,"href":"https:\/\/www.europesays.com\/fr\/wp-json\/wp\/v2\/posts\/82831\/revisions"}],"wp:featuredmedia":[{"embeddable":true,"href":"https:\/\/www.europesays.com\/fr\/wp-json\/wp\/v2\/media\/82832"}],"wp:attachment":[{"href":"https:\/\/www.europesays.com\/fr\/wp-json\/wp\/v2\/media?parent=82831"}],"wp:term":[{"taxonomy":"category","embeddable":true,"href":"https:\/\/www.europesays.com\/fr\/wp-json\/wp\/v2\/categories?post=82831"},{"taxonomy":"post_tag","embeddable":true,"href":"https:\/\/www.europesays.com\/fr\/wp-json\/wp\/v2\/tags?post=82831"}],"curies":[{"name":"wp","href":"https:\/\/api.w.org\/{rel}","templated":true}]}}