{"id":82843,"date":"2025-05-07T21:25:09","date_gmt":"2025-05-07T21:25:09","guid":{"rendered":"https:\/\/www.europesays.com\/fr\/82843\/"},"modified":"2025-05-07T21:25:09","modified_gmt":"2025-05-07T21:25:09","slug":"a-nice-une-comedie-en-francais-et-en-nissart-a-decouvrir-des-ce-vendredi-9-mai-au-theatre","status":"publish","type":"post","link":"https:\/\/www.europesays.com\/fr\/82843\/","title":{"rendered":"\u00c0 Nice, une com\u00e9die en fran\u00e7ais et en nissart \u00e0 d\u00e9couvrir d\u00e8s ce vendredi 9 mai au th\u00e9\u00e2tre"},"content":{"rendered":"<p>Le<a href=\"https:\/\/www.nicematin.com\/vie-locale\/le-theatre-municipal-francis-gag-fete-ses-30-ans-419227\" rel=\"nofollow noopener\" target=\"_blank\"> th\u00e9\u00e2tre ni\u00e7ois de Francis Gag<\/a> revient sur le devant de la sc\u00e8ne avec une nouvelle pi\u00e8ce bilingue, en fran\u00e7ais et en ni\u00e7ois: Gusta s\u2019embila.<\/p>\n<p>Le gang des Gag va de nouveau secouer les zygomatiques gr\u00e2ce \u00e0 une com\u00e9die sign\u00e9e Jean-Luc Gag, dans une mise en sc\u00e8ne de sa fille Marie et sur les planches du th\u00e9\u00e2tre qui porte le nom du c\u00e9l\u00e8bre cr\u00e9ateur de Tanta Vitourina. Les personnages de Past en familha et Nouo\u00e7a, amour e cinem\u00e0 reprennent vie dans la 3e com\u00e9die de la trilogie gaguesque.<\/p>\n<p>Nano, chef de famille solide et Marie, \u00e9pouse et m\u00e8re attentionn\u00e9e, voient une fois encore leur vie de famille \u00ab\u00a0estravir\u00e9e\u00a0\u00bb, en cette ann\u00e9e 1965, marqu\u00e9e par la disparition de Jean M\u00e9decin, le maire ni\u00e7ois de l\u2019\u00e9poque et la naissance du rock\u2019n roll. Gusta, le voisin, a \u00e9pous\u00e9 la tante Vetta. Paul, Assounta et Benito sont toujours aussi \u00ab\u00a0tardolou\u00a0\u00bb. Jeannine s\u2019occupe de son \u00ab\u00a0pichoun\u00a0\u00bb Dominique et Robert de son salon de coiffure. Voil\u00e0 que la charmante Isabella, m\u00e8re de Frankie le rockeur fait son apparition&#8230; M\u00e8fi!.<\/p>\n<p>\u00a0<\/p>\n<p>Rue de la Croix, vendredi 9 mai et vendredi 16 mai, \u00e0 20h, samedi 10 et 17 mai, \u00e0 15h, dimanche 11 et 18 mai, \u00e0 15h. R\u00e9servations au 04.93.83.54.41 (de 13h \u00e0 20h) ou sur theatrenicoisdefrancisgag.fr<\/p>\n","protected":false},"excerpt":{"rendered":"Le th\u00e9\u00e2tre ni\u00e7ois de Francis Gag revient sur le devant de la sc\u00e8ne avec une nouvelle pi\u00e8ce bilingue,&hellip;\n","protected":false},"author":2,"featured_media":82844,"comment_status":"","ping_status":"","sticky":false,"template":"","format":"standard","meta":{"footnotes":""},"categories":[2819],"tags":[1111,11,251,1777,674,1011,27,12,2401,882,25,1347],"class_list":{"0":"post-82843","1":"post","2":"type-post","3":"status-publish","4":"format-standard","5":"has-post-thumbnail","7":"category-nice","8":"tag-actu","9":"tag-actualites","10":"tag-culture","11":"tag-eu","12":"tag-europe","13":"tag-fr","14":"tag-france","15":"tag-news","16":"tag-nice","17":"tag-provence-alpes-cote-dazur","18":"tag-republique-francaise","19":"tag-theatre"},"share_on_mastodon":{"url":"https:\/\/pubeurope.com\/@fr\/114468665653035200","error":""},"_links":{"self":[{"href":"https:\/\/www.europesays.com\/fr\/wp-json\/wp\/v2\/posts\/82843","targetHints":{"allow":["GET"]}}],"collection":[{"href":"https:\/\/www.europesays.com\/fr\/wp-json\/wp\/v2\/posts"}],"about":[{"href":"https:\/\/www.europesays.com\/fr\/wp-json\/wp\/v2\/types\/post"}],"author":[{"embeddable":true,"href":"https:\/\/www.europesays.com\/fr\/wp-json\/wp\/v2\/users\/2"}],"replies":[{"embeddable":true,"href":"https:\/\/www.europesays.com\/fr\/wp-json\/wp\/v2\/comments?post=82843"}],"version-history":[{"count":0,"href":"https:\/\/www.europesays.com\/fr\/wp-json\/wp\/v2\/posts\/82843\/revisions"}],"wp:featuredmedia":[{"embeddable":true,"href":"https:\/\/www.europesays.com\/fr\/wp-json\/wp\/v2\/media\/82844"}],"wp:attachment":[{"href":"https:\/\/www.europesays.com\/fr\/wp-json\/wp\/v2\/media?parent=82843"}],"wp:term":[{"taxonomy":"category","embeddable":true,"href":"https:\/\/www.europesays.com\/fr\/wp-json\/wp\/v2\/categories?post=82843"},{"taxonomy":"post_tag","embeddable":true,"href":"https:\/\/www.europesays.com\/fr\/wp-json\/wp\/v2\/tags?post=82843"}],"curies":[{"name":"wp","href":"https:\/\/api.w.org\/{rel}","templated":true}]}}