{"id":82868,"date":"2025-05-07T21:38:14","date_gmt":"2025-05-07T21:38:14","guid":{"rendered":"https:\/\/www.europesays.com\/fr\/82868\/"},"modified":"2025-05-07T21:38:14","modified_gmt":"2025-05-07T21:38:14","slug":"cancer-le-circ-fete-ses-60-ans-malgre-les-incertitudes-financieres","status":"publish","type":"post","link":"https:\/\/www.europesays.com\/fr\/82868\/","title":{"rendered":"Cancer : le Circ f\u00eate ses 60 ans malgr\u00e9 les incertitudes financi\u00e8res"},"content":{"rendered":"<p><img loading=\"lazy\" decoding=\"async\" alt=\"\u00a9 Eric S\u00e9veyrat - Le Centre international de recherche sur le cancer, bas\u00e9 \u00e0 Lyon, c\u00e9l\u00e8bre ses 60 ans en 2025.\" data-zoom-src=\"https:\/\/www.europesays.com\/fr\/wp-content\/uploads\/2025\/05\/initial-60-ans-circ-cancer-lyon-gerland-credit-eric-severyrat.jpg\" data-zoomable=\"\" height=\"702\" src=\"https:\/\/www.europesays.com\/fr\/wp-content\/uploads\/2025\/05\/initial-60-ans-circ-cancer-lyon-gerland-credit-eric-severyrat.jpg\" width=\"1248\"\/>  <\/p>\n<p class=\"article-desc\">\u00a9 Eric S\u00e9veyrat &#8211; Le Centre international de recherche sur le cancer, bas\u00e9 \u00e0 Lyon, c\u00e9l\u00e8bre ses 60 ans en 2025. <\/p>\n<p>En 2025, le <strong>Centre international de recherche sur le cancer<\/strong> (Circ) c\u00e9l\u00e8bre ses 60 ans. L&rsquo;institution, <a href=\"https:\/\/mesinfos.fr\/69000-lyon\/lutte-contre-le-cancer-francois-braun-inaugure-le-nouveau-siege-du-circ-a-lyon-151857.html\" target=\"_blank\" rel=\"noopener\">bas\u00e9e \u00e0 Lyon et install\u00e9e dans des locaux flambant neufs<\/a>, a ainsi lanc\u00e9 un cycle anniversaire, mercredi 7 mai, en pr\u00e9sence de nombreuses personnalit\u00e9s. <\/p>\n<blockquote>\n<p>\u00ab\u00a0L&rsquo;institution internationale, cr\u00e9\u00e9e en 1965 et souhait\u00e9e \u00e0 Lyon par Louis Pradel, marque la place de la ville dans la recherche mondiale et la pr\u00e9vention du cancer\u00a0\u00bb, a d\u00e9clar\u00e9 \u00e0 cette occasion <strong>Gr\u00e9gory Doucet, maire de Lyon<\/strong>. <\/p>\n<\/blockquote>\n<p>De son c\u00f4t\u00e9, <strong>Bruno Bernard, pr\u00e9sident de la M\u00e9tropole de Lyon<\/strong>, s&rsquo;est dit \u00ab\u00a0fier que le Circ soit implant\u00e9 ici. Nous ferons tout pour le soutenir !\u00a0\u00bb\u00a0 <\/p>\n<p>Un avis partag\u00e9 par <strong>Catherine Staron<\/strong>, vice-pr\u00e9sidente d\u00e9l\u00e9gu\u00e9e \u00e0 la recherche et \u00e0 l&rsquo;innovation au sein de la <strong>R\u00e9gion Auvergne-Rh\u00f4ne-Alpes<\/strong>.\u00a0\u00ab\u00a0La R\u00e9gion fera tout pour favoriser le Circ et qu&rsquo;il puisse passer de la recherche aux soins\u00a0\u00bb, a-t-elle d\u00e9fendu. <\/p>\n<p>Lutte contre le cancer : le Circ inquiet en cas de retrait des Etats-Unis <\/p>\n<p>Du soutien, le Circ n&rsquo;en manque pas, dans un contexte particulier. <a href=\"https:\/\/mesinfos.fr\/69000-lyon\/le-gel-des-aides-americaines-secoue-les-organisations-internationales-lyonnaises-217490.html\" target=\"_blank\" rel=\"noopener\">A l&rsquo;instar d&rsquo;autres structures internationales<\/a>, elle est menac\u00e9e par un \u00e9ventuel <strong>retrait des Etats-Unis<\/strong>, suite \u00e0 l&rsquo;\u00e9lection de Donald Trump. \u00ab\u00a0Nous esp\u00e9rons que les Etats-Unis resteront membres. S&rsquo;ils partaient, ce serait une perte financi\u00e8re importante\u00a0\u00bb, a reconnu <strong>Elisabete Weiderpass<\/strong>, directrice du Centre international depuis 2019. L&rsquo;\u00e9tablissement a toutefois re\u00e7u le soutien du Portugal, qui est devenu le <strong>30e pays membre du Circ<\/strong>.<\/p>\n<p> <img decoding=\"async\" alt=\"\" data-zoomable=\"\" loading=\"lazy\" src=\"https:\/\/www.europesays.com\/fr\/wp-content\/uploads\/2025\/05\/60-ans-circ-cancer-elisabete-weiderpass-credit-eric-severyrat.jpg\"\/> \u00a9 Eric S\u00e9veyrat &#8211; La directrice du Circ, Elisabete Weiderpass, a confirm\u00e9 des contacts avec des chercheurs am\u00e9ricains. <\/p>\n<p>A distance depuis Paris, le ministre de la Sant\u00e9,<strong> Yannick Neuder<\/strong>, a relev\u00e9 l&rsquo;histoire du centre, faisant \u00e9galement r\u00e9f\u00e9rence \u00e0 la volont\u00e9 d&rsquo;Emmanuel Macron d&rsquo;accueillir des chercheurs am\u00e9ricains en France, <a href=\"https:\/\/mesinfos.fr\/13000-marseille\/aix-marseille-universite-au-secours-des-chercheurs-americains-menaces-par-trump-217772.html\" rel=\"noopener\" target=\"_blank\">dont les postes sont menac\u00e9s par la politique de Donald Trump<\/a>. <\/p>\n<blockquote>\n<p>\u00ab\u00a0Cr\u00e9\u00e9 sous l&rsquo;impulsion du g\u00e9n\u00e9ral De Gaulle, le Circ et l&rsquo;\u00e9cosyst\u00e8me Lyonbiop\u00f4le, les universit\u00e9s, l&rsquo;antenne de l&rsquo;Organisation mondiale de la sant\u00e9, font de Lyon l&rsquo;une des capitales mondiales de la sant\u00e9. La France sera toujours une terre d&rsquo;asile pour la science !\u00a0\u00bb <\/p>\n<\/blockquote>\n<p>Elisabete Weiderpass a confirm\u00e9 que des contacts avec des scientifiques am\u00e9ricains \u00ab\u00a0mais aussi d&rsquo;autres pays\u00a0\u00bb avaient \u00e9t\u00e9 nou\u00e9s. <\/p>\n<p>Le Circ, un haut lieu de la recherche internationale bas\u00e9 \u00e0 Lyon <\/p>\n<p>Agence sp\u00e9cialis\u00e9e de l\u2019<strong>Organisation mondiale de la sant\u00e9<\/strong> (OMS), la mission du Circ consiste \u00e0 \u00ab\u00a0coordonner et \u00e0 mener des recherches sur les causes du cancer chez l\u2019homme et sur les m\u00e9canismes de la canc\u00e9rogen\u00e8se, ainsi qu\u2019\u00e0 \u00e9laborer des strat\u00e9gies scientifiques de lutte contre le cancer\u00a0\u00bb, rappelle un communiqu\u00e9.\u00a0<\/p>\n<p>L&rsquo;entit\u00e9 compte aujourd&rsquo;hui 400 personnels et <strong>300 chercheurs<\/strong>, de 66 nationales diff\u00e9rentes. \u00ab\u00a0C&rsquo;est un organisme ind\u00e9pendant des lobbys priv\u00e9s, qui g\u00e8re son agenda de recherche\u00a0\u00bb, a conclu Elisabete Weiderpass. <\/p>\n<p> Une place V\u00e9ronique-Trillet-Lenoir au Circ <\/p>\n<p>A l&rsquo;occasion de cet anniversaire, la Ville de Lyon a tenu \u00e0 rendre hommage \u00e0 <strong>V\u00e9ronique Trillet-Lenoir<\/strong>, <a href=\"https:\/\/mesinfos.fr\/69000-lyon\/deces-veronique-trillet-lenoir-eurodeputee-et-cancerologue-lyonnaise-181697.html\" target=\"_blank\" rel=\"noopener\">d\u00e9c\u00e9d\u00e9e en ao\u00fbt 2023<\/a>. Eurod\u00e9put\u00e9e et <strong>canc\u00e9rologue lyonnaise<\/strong> de renom, son d\u00e9c\u00e8s avait largement \u00e9mu les personnalit\u00e9s politiques et les acteurs du monde de la sant\u00e9. Une rue du <strong>7e arrondissement<\/strong>, au c\u0153ur du <strong>biodistrict de Gerland<\/strong> \u00e0 proximit\u00e9 du Circ, porte d\u00e9sormais son nom.\u00a0 <\/p>\n<blockquote class=\"instagram-media\" data-instgrm-captioned=\"\" data-instgrm-permalink=\"https:\/\/www.instagram.com\/p\/DJW7jBbIGuM\/?utm_source=ig_embed&amp;utm_campaign=loading\" data-instgrm-version=\"14\" style=\"background:#fff;border:0;border-radius:3px;box-shadow:0 0 1px 0 rgba(0,0,0,.5),0 1px 10px 0 rgba(0,0,0,.15);margin:1px;max-width:540px;min-width:326px;padding:0;width:calc(100% - 2px)\"><\/blockquote>\n<p><script async src=\"\/\/www.instagram.com\/embed.js\"><\/script><\/p>\n","protected":false},"excerpt":{"rendered":"\u00a9 Eric S\u00e9veyrat &#8211; Le Centre international de recherche sur le cancer, bas\u00e9 \u00e0 Lyon, c\u00e9l\u00e8bre ses 60&hellip;\n","protected":false},"author":2,"featured_media":82869,"comment_status":"","ping_status":"","sticky":false,"template":"","format":"standard","meta":{"footnotes":""},"categories":[1889],"tags":[1111,11,2430,19071,101,19070,1777,674,1011,27,2428,12,25],"class_list":{"0":"post-82868","1":"post","2":"type-post","3":"status-publish","4":"format-standard","5":"has-post-thumbnail","7":"category-lyon","8":"tag-actu","9":"tag-actualites","10":"tag-auvergne-rhone-alpes","11":"tag-biodistrict-de-gerland","12":"tag-cancer","13":"tag-centre-international-de-recherche-sur-le-cancer","14":"tag-eu","15":"tag-europe","16":"tag-fr","17":"tag-france","18":"tag-lyon","19":"tag-news","20":"tag-republique-francaise"},"share_on_mastodon":{"url":"https:\/\/pubeurope.com\/@fr\/114468716791024899","error":""},"_links":{"self":[{"href":"https:\/\/www.europesays.com\/fr\/wp-json\/wp\/v2\/posts\/82868","targetHints":{"allow":["GET"]}}],"collection":[{"href":"https:\/\/www.europesays.com\/fr\/wp-json\/wp\/v2\/posts"}],"about":[{"href":"https:\/\/www.europesays.com\/fr\/wp-json\/wp\/v2\/types\/post"}],"author":[{"embeddable":true,"href":"https:\/\/www.europesays.com\/fr\/wp-json\/wp\/v2\/users\/2"}],"replies":[{"embeddable":true,"href":"https:\/\/www.europesays.com\/fr\/wp-json\/wp\/v2\/comments?post=82868"}],"version-history":[{"count":0,"href":"https:\/\/www.europesays.com\/fr\/wp-json\/wp\/v2\/posts\/82868\/revisions"}],"wp:featuredmedia":[{"embeddable":true,"href":"https:\/\/www.europesays.com\/fr\/wp-json\/wp\/v2\/media\/82869"}],"wp:attachment":[{"href":"https:\/\/www.europesays.com\/fr\/wp-json\/wp\/v2\/media?parent=82868"}],"wp:term":[{"taxonomy":"category","embeddable":true,"href":"https:\/\/www.europesays.com\/fr\/wp-json\/wp\/v2\/categories?post=82868"},{"taxonomy":"post_tag","embeddable":true,"href":"https:\/\/www.europesays.com\/fr\/wp-json\/wp\/v2\/tags?post=82868"}],"curies":[{"name":"wp","href":"https:\/\/api.w.org\/{rel}","templated":true}]}}