{"id":82878,"date":"2025-05-07T21:44:09","date_gmt":"2025-05-07T21:44:09","guid":{"rendered":"https:\/\/www.europesays.com\/fr\/82878\/"},"modified":"2025-05-07T21:44:09","modified_gmt":"2025-05-07T21:44:09","slug":"reinventer-paris-embellir-votre-quartier-budget-participatif-beaucoup-de-projets-peu-de-realisations","status":"publish","type":"post","link":"https:\/\/www.europesays.com\/fr\/82878\/","title":{"rendered":"R\u00e9inventer Paris, embellir votre quartier, budget participatif\u2026 Beaucoup de projets, peu de r\u00e9alisations"},"content":{"rendered":"<p class=\"paragraph text_align_left\">Depuis dix ans, d\u2019importants dispositifs visant \u00e0 impliquer les Parisiens se d\u00e9ploient dans la capitale, \u00e0 l\u2019\u00e9chelle d\u2019un square, d\u2019un arrondissement ou de toute la ville, \u00e0 grand renfort de communication. R\u00e9inventer Paris, embellir votre quartier, budget participatif\u2026 Avec une d\u00e9cennie de recul, leur concr\u00e9tisation dans le quotidien des habitants ne saute pas toujours aux yeux.<\/p>\n<p class=\"paragraph text_align_left\">Petit retour dans le temps, fin 2014 : <a href=\"https:\/\/www.leparisien.fr\/politique\/anne-hidalgo\/\" target=\"_self\" rel=\"nofollow noopener\">Anne Hidalgo<\/a>, fra\u00eechement \u00e9lue maire, lance \u00ab l\u2019appel \u00e0 projets urbains innovants \u00bb R\u00e9inventer Paris. \u00c0 l\u2019\u00e9poque, 23 sites parisiens sont identifi\u00e9s pour des \u00ab projets d\u2019exception \u00bb soumis \u00e0 concertation. Trois ans plus tard, la saison 2 de R\u00e9inventer Paris invite architectes, urbanistes et promoteurs \u00e0 plancher sur \u00ab les dessous de Paris \u00bb pour un nouveau concours : 34 sites souterrains. En parall\u00e8le, <a href=\"https:\/\/www.leparisien.fr\/paris-75\/paris-deux-projets-de-reinventer-la-seine-seront-retravailles-10-06-2019-8090307.php\" target=\"_blank\" rel=\"nofollow noopener\">R\u00e9inventer la Seine<\/a> est lanc\u00e9.<\/p>\n","protected":false},"excerpt":{"rendered":"Depuis dix ans, d\u2019importants dispositifs visant \u00e0 impliquer les Parisiens se d\u00e9ploient dans la capitale, \u00e0 l\u2019\u00e9chelle d\u2019un&hellip;\n","protected":false},"author":2,"featured_media":82879,"comment_status":"","ping_status":"","sticky":false,"template":"","format":"standard","meta":{"footnotes":""},"categories":[1888],"tags":[11,1777,674,1011,27,1944,12,626,25],"class_list":{"0":"post-82878","1":"post","2":"type-post","3":"status-publish","4":"format-standard","5":"has-post-thumbnail","7":"category-paris","8":"tag-actualites","9":"tag-eu","10":"tag-europe","11":"tag-fr","12":"tag-france","13":"tag-ma-ville","14":"tag-news","15":"tag-paris","16":"tag-republique-francaise"},"share_on_mastodon":{"url":"https:\/\/pubeurope.com\/@fr\/114468740566290722","error":""},"_links":{"self":[{"href":"https:\/\/www.europesays.com\/fr\/wp-json\/wp\/v2\/posts\/82878","targetHints":{"allow":["GET"]}}],"collection":[{"href":"https:\/\/www.europesays.com\/fr\/wp-json\/wp\/v2\/posts"}],"about":[{"href":"https:\/\/www.europesays.com\/fr\/wp-json\/wp\/v2\/types\/post"}],"author":[{"embeddable":true,"href":"https:\/\/www.europesays.com\/fr\/wp-json\/wp\/v2\/users\/2"}],"replies":[{"embeddable":true,"href":"https:\/\/www.europesays.com\/fr\/wp-json\/wp\/v2\/comments?post=82878"}],"version-history":[{"count":0,"href":"https:\/\/www.europesays.com\/fr\/wp-json\/wp\/v2\/posts\/82878\/revisions"}],"wp:featuredmedia":[{"embeddable":true,"href":"https:\/\/www.europesays.com\/fr\/wp-json\/wp\/v2\/media\/82879"}],"wp:attachment":[{"href":"https:\/\/www.europesays.com\/fr\/wp-json\/wp\/v2\/media?parent=82878"}],"wp:term":[{"taxonomy":"category","embeddable":true,"href":"https:\/\/www.europesays.com\/fr\/wp-json\/wp\/v2\/categories?post=82878"},{"taxonomy":"post_tag","embeddable":true,"href":"https:\/\/www.europesays.com\/fr\/wp-json\/wp\/v2\/tags?post=82878"}],"curies":[{"name":"wp","href":"https:\/\/api.w.org\/{rel}","templated":true}]}}