{"id":82892,"date":"2025-05-07T21:51:12","date_gmt":"2025-05-07T21:51:12","guid":{"rendered":"https:\/\/www.europesays.com\/fr\/82892\/"},"modified":"2025-05-07T21:51:12","modified_gmt":"2025-05-07T21:51:12","slug":"journee-de-leurope-comprendre-les-positions-francaises-au-sein-de-lue","status":"publish","type":"post","link":"https:\/\/www.europesays.com\/fr\/82892\/","title":{"rendered":"Journ\u00e9e de l\u2019Europe : comprendre les positions fran\u00e7aises au sein de l\u2019UE"},"content":{"rendered":"<p>La France a \u00e9t\u00e9 un moteur de l\u2019int\u00e9gration europ\u00e9enne. Au lendemain de la Seconde Guerre mondiale, la France attache une importance particuli\u00e8re \u00e0 la construction europ\u00e9enne. <br class=\"autobr\"\/><br \/>\nLe 9 mai 1950, Robert Schuman, ministre fran\u00e7ais des Affaires \u00e9trang\u00e8res, propose aux pays europ\u00e9ens de cr\u00e9er une structure commune pour g\u00e9rer les ressources de charbon et d\u2019acier. Cette d\u00e9claration est prononc\u00e9e au Quai d\u2019Orsay dans le salon de l\u2019Horloge. Elle a une port\u00e9e symbolique \u00e0 plusieurs titres\u00a0:<\/p>\n<ul class=\"spip\">\n<li>Elle propose de rassembler des pays qui \u00e9taient ennemis lors des deux Guerres mondiales, cinq ann\u00e9es apr\u00e8s l\u2019arr\u00eat des combats\u00a0;<\/li>\n<li>Elle a pour ambition de cr\u00e9er une organisation ouverte aux autres pays europ\u00e9ens qui le souhaiteraient.<\/li>\n<\/ul>\n<p>Aujourd\u2019hui, l\u2019UE est marqu\u00e9e par des crises multiples (Brexit, pand\u00e9mie de COVID-19, retour de la guerre d\u2019agression russe en Ukraine, potentielle guerre commerciale, cybers\u00e9curit\u00e9, changement climatique) et des contestations du notre mod\u00e8le d\u00e9mocratique europ\u00e9en. Dans ce cadre, la France porte des positions concr\u00e8tes en faveur d\u2019une Europe souveraine, protectrice, et d\u00e9mocratique.   <br class=\"autobr\"\/><br \/>\nCes positions ont fait l\u2019objet d\u2019une expression publique du Pr\u00e9sident de la R\u00e9publique, dite \u00ab\u00a0discours de la Sorbonne\u00a0\u00bb, en 2017 et en 2024, et se d\u00e9clinent sur plusieurs volets\u00a0:<\/p>\n<p>En mati\u00e8re de d\u00e9fense\u00a0: <\/p>\n<ul class=\"spip\">\n<li>La France appelle \u00e0 la cr\u00e9ation d\u2019une \u00ab\u00a0d\u00e9fense europ\u00e9enne cr\u00e9dible\u00a0\u00bb, ind\u00e9pendante mais compl\u00e9mentaire de l\u2019OTAN\u00a0;<\/li>\n<li>La France porte le concept d\u2019\u00ab\u00a0autonomie strat\u00e9gique europ\u00e9enne\u00a0\u00bb, une expression qui d\u00e9signe la capacit\u00e9 de l\u2019UE \u00e0 agir de mani\u00e8re ind\u00e9pendante pour d\u00e9fendre ses int\u00e9r\u00eats sans d\u00e9pendre de puissances ext\u00e9rieures<\/li>\n<li>La France soutient les annonces de la Pr\u00e9sidente de la Commission dans le cadre du livre blanc pour la d\u00e9fense europ\u00e9enne et le plan \u00ab\u00a0R\u00e9armer l\u2019Europe\u00a0\u00bb<\/li>\n<\/ul>\n<p>En mati\u00e8re de souverainet\u00e9\u00a0: <\/p>\n<ul class=\"spip\">\n<li>Energ\u00e9tique\u00a0: La France pr\u00f4ne la construction d\u2019une souverainet\u00e9 \u00e9nerg\u00e9tique europ\u00e9enne dont l\u2019objectif est de donner les moyens \u00e0 l\u2019UE de s\u2019approvisionner de fa\u00e7on autonome en \u00e9nergie. Cet enjeu est devenu majeur depuis la guerre d\u2019agression russe en Ukraine et ses cons\u00e9quences sur le prix du gaz. Cette souverainet\u00e9 \u00e9nerg\u00e9tique tient \u00e9galement en compte les enjeux du d\u00e9veloppement durable.<\/li>\n<li>Economique\u00a0: Face aux d\u00e9fis de la mondialisation, la France d\u00e9fend une Europe comp\u00e9titive, notamment sur le plan des technologies et de l\u2019intelligence artificielle.<\/li>\n<\/ul>\n<p>En mati\u00e8re de soutien \u00e0 l\u2019Ukraine\u00a0: <\/p>\n<ul class=\"spip\">\n<li>La France soutient l\u2019Ukraine dans la guerre d\u2019agression russe\u00a0;<\/li>\n<li>La France ne reconna\u00eet pas et ne reconna\u00eetra jamais l\u2019annexion par la Russie de territoires ukrainiens, ni les r\u00e9sultats des simulacres d\u2019\u00e9lections qui y sont organis\u00e9es.<\/li>\n<li>La France a soutenu les paquets de <a href=\"https:\/\/www.diplomatie.gouv.fr\/fr\/dossiers-pays\/ukraine\/guerre-en-ukraine-l-action-diplomatique-de-la-france\/sanctions-contre-la-russie-et-la-bielorussie\/\" class=\"spip_in\" rel=\"nofollow noopener\" target=\"_blank\">sanctions contre la Russie et la Bi\u00e9lorussie<\/a>.<\/li>\n<\/ul>\n<p>Le Pr\u00e9sident de la R\u00e9publique repr\u00e9sente la France au Conseil europ\u00e9en. Le Conseil europ\u00e9en r\u00e9unit les chefs d\u2019\u00c9tat ou de Gouvernement des \u00c9tats membres, ainsi que le pr\u00e9sident du Conseil europ\u00e9en et le pr\u00e9sident de la Commission. Le haut repr\u00e9sentant de l\u2019Union pour les affaires \u00e9trang\u00e8res et la politique de s\u00e9curit\u00e9 participe \u00e9galement \u00e0 ces travaux.<\/p>\n<p>Le Premier ministre joue un r\u00f4le central dans la coordination des questions europ\u00e9ennes, notamment \u00e0 travers la supervision du Secr\u00e9tariat g\u00e9n\u00e9ral des affaires europ\u00e9ennes (SGAE). Le SGAE assure la coordination de l\u2019action du gouvernement dans le domaine europ\u00e9en. Garant de la coh\u00e9rence et de l\u2019unit\u00e9 des positions fran\u00e7aises, le SGAE arr\u00eate celles-ci \u00e0 l\u2019issue de concertations interminist\u00e9rielles. Sa mission couvre l\u2019ensemble des domaines d\u00e9finis par le Trait\u00e9 sur l\u2019Union, \u00e0 l\u2019exception de la politique \u00e9trang\u00e8re et de s\u00e9curit\u00e9 commune, pour laquelle la coordination est assur\u00e9e par le minist\u00e8re de l\u2019Europe et des Affaires \u00e9trang\u00e8res.<\/p>\n<p>Au sein du Gouvernement, le ministre de l\u2019Europe et des Affaires \u00e9trang\u00e8res (Jean-No\u00ebl Barrot) et le ministre d\u00e9l\u00e9gu\u00e9 aupr\u00e8s du ministre de l\u2019Europe et des Affaires \u00e9trang\u00e8res, charg\u00e9 des affaires europ\u00e9ennes (Benjamin Haddad), expriment la position de la France sur les grands dossiers europ\u00e9ens.<\/p>\n<p>Le ministre de l\u2019Europe et des Affaires \u00e9trang\u00e8res repr\u00e9sente la France \u00e0 la r\u00e9union du Conseil Affaires \u00e9trang\u00e8res (CAE), qui r\u00e9unit les ministres des affaires \u00e9trang\u00e8res des \u00c9tats membres. Aux termes du trait\u00e9, \u00ab\u00a0le Conseil des affaires \u00e9trang\u00e8res \u00e9labore l\u2019action ext\u00e9rieure de l\u2019Union selon les lignes strat\u00e9giques fix\u00e9es par le Conseil europ\u00e9en et assure la coh\u00e9rence de l\u2019action de l\u2019Union\u00a0\u00bb.<\/p>\n<p>Le ministre d\u00e9l\u00e9gu\u00e9 charg\u00e9 de l\u2019Europe repr\u00e9sente la France \u00e0 la r\u00e9union du Conseil Affaires g\u00e9n\u00e9rales (CAG), qui r\u00e9unit les ministres charg\u00e9s des affaires europ\u00e9ennes. Aux termes du trait\u00e9, \u00ab\u00a0le Conseil des affaires g\u00e9n\u00e9rales assure la coh\u00e9rence des travaux des diff\u00e9rentes formations du Conseil. Il pr\u00e9pare les r\u00e9unions du Conseil europ\u00e9en et en assure le suivi en liaison avec le pr\u00e9sident du Conseil europ\u00e9en et la Commission\u00a0\u00bb.<\/p>\n<p>La Repr\u00e9sentation permanente de la France aupr\u00e8s de l\u2019Union europ\u00e9enne (RPUE), bas\u00e9e \u00e0 Bruxelles, constitu\u00e9e de quelque 230 collaborateurs, assure la conduite des n\u00e9gociations au sein des instances du Conseil de l\u2019Union europ\u00e9enne et les relations avec les autres institutions, en particulier le Parlement europ\u00e9en et la Commission europ\u00e9enne.<\/p>\n<p>Enfin, les 81 d\u00e9put\u00e9s europ\u00e9ens, ainsi que les \u00e9lus nationaux, r\u00e9gionaux et locaux peuvent \u00eatre amen\u00e9s \u00e0 jouer un r\u00f4le de repr\u00e9sentation de la France au sein de diff\u00e9rentes institutions.<\/p>\n","protected":false},"excerpt":{"rendered":"La France a \u00e9t\u00e9 un moteur de l\u2019int\u00e9gration europ\u00e9enne. Au lendemain de la Seconde Guerre mondiale, la France&hellip;\n","protected":false},"author":2,"featured_media":82893,"comment_status":"","ping_status":"","sticky":false,"template":"","format":"standard","meta":{"footnotes":""},"categories":[1586],"tags":[11,9435,9436,312,1777,674,1011,27,12,9437,25],"class_list":{"0":"post-82892","1":"post","2":"type-post","3":"status-publish","4":"format-standard","5":"has-post-thumbnail","7":"category-europe","8":"tag-actualites","9":"tag-diplomate","10":"tag-diplomates","11":"tag-diplomatie","12":"tag-eu","13":"tag-europe","14":"tag-fr","15":"tag-france","16":"tag-news","17":"tag-quai-d","18":"tag-republique-francaise"},"share_on_mastodon":{"url":"https:\/\/pubeurope.com\/@fr\/114468767997281266","error":""},"_links":{"self":[{"href":"https:\/\/www.europesays.com\/fr\/wp-json\/wp\/v2\/posts\/82892","targetHints":{"allow":["GET"]}}],"collection":[{"href":"https:\/\/www.europesays.com\/fr\/wp-json\/wp\/v2\/posts"}],"about":[{"href":"https:\/\/www.europesays.com\/fr\/wp-json\/wp\/v2\/types\/post"}],"author":[{"embeddable":true,"href":"https:\/\/www.europesays.com\/fr\/wp-json\/wp\/v2\/users\/2"}],"replies":[{"embeddable":true,"href":"https:\/\/www.europesays.com\/fr\/wp-json\/wp\/v2\/comments?post=82892"}],"version-history":[{"count":0,"href":"https:\/\/www.europesays.com\/fr\/wp-json\/wp\/v2\/posts\/82892\/revisions"}],"wp:featuredmedia":[{"embeddable":true,"href":"https:\/\/www.europesays.com\/fr\/wp-json\/wp\/v2\/media\/82893"}],"wp:attachment":[{"href":"https:\/\/www.europesays.com\/fr\/wp-json\/wp\/v2\/media?parent=82892"}],"wp:term":[{"taxonomy":"category","embeddable":true,"href":"https:\/\/www.europesays.com\/fr\/wp-json\/wp\/v2\/categories?post=82892"},{"taxonomy":"post_tag","embeddable":true,"href":"https:\/\/www.europesays.com\/fr\/wp-json\/wp\/v2\/tags?post=82892"}],"curies":[{"name":"wp","href":"https:\/\/api.w.org\/{rel}","templated":true}]}}