{"id":828927,"date":"2026-03-27T19:41:13","date_gmt":"2026-03-27T19:41:13","guid":{"rendered":"https:\/\/www.europesays.com\/fr\/828927\/"},"modified":"2026-03-27T19:41:13","modified_gmt":"2026-03-27T19:41:13","slug":"info-paris-match-gims-mis-en-examen","status":"publish","type":"post","link":"https:\/\/www.europesays.com\/fr\/828927\/","title":{"rendered":"INFO PARIS MATCH Gims mis en examen"},"content":{"rendered":"<p class=\"mb-4 text-lg md:leading-8 break-words\">Gims, roi de la chanson francophone, a \u00e9t\u00e9 pr\u00e9sent\u00e9 \u00e0 un juge d&rsquo;instruction, dans le cadre d&rsquo;une affaire de blanchiment pr\u00e9sum\u00e9, apr\u00e8s avoir \u00e9t\u00e9 interpell\u00e9 mercredi \u00e0 sa descente d&rsquo;avion \u00e0 Paris. \u00c0 la suite de cette confrontation, <a data-i13n=\"cpos:1;pos:1\" href=\"https:\/\/www.parismatch.com\/People\/sorti-de-garde-a-vue-gims-pourrait-etre-mis-en-examen-266665\" rel=\"nofollow noopener\" target=\"_blank\" data-ylk=\"slk:il aurait \u00e9t\u00e9 mis en examen;cpos:1;pos:1;elm:context_link;itc:0;sec:content-canvas\" data-yga=\"{&quot;yLinkPosition&quot;:&quot;1&quot;,&quot;yLinkElement&quot;:&quot;context_link&quot;,&quot;yPosition&quot;:&quot;1&quot;,&quot;yModuleName&quot;:&quot;content-canvas&quot;,&quot;yLinkText&quot;:&quot;il aurait \u00e9t\u00e9 mis en examen&quot;,&quot;yHasCommerce&quot;:false}\" class=\"link \">il aurait \u00e9t\u00e9 mis en examen<\/a>. Le rappeur s&rsquo;est engouffr\u00e9 dans un van pour se rendre dans son h\u00f4tel parisien. Malgr\u00e9 cette d\u00e9cision de justice, il ne semble pas \u00eatre soumis \u00e0 une interdiction de sortie du territoire puisqu&rsquo;un concert pr\u00e9vu demain \u00e0 Abidjan n&rsquo;a pas \u00e9t\u00e9 annul\u00e9.<\/p>\n<p class=\"mb-4 text-lg md:leading-8 break-words\">Peu apr\u00e8s 18H30, les conseils du plus gros vendeur de disques de l&rsquo;ann\u00e9e 2025 en France, emmen\u00e9s par Me David-Olivier Kaminski, sont sortis du bureau du juge, passant dans le hall du tribunal devant les journalistes en l\u00e2chant juste \u00ab\u00a0pas de d\u00e9claration\u00a0\u00bb, a constat\u00e9 l&rsquo;AFP. Gims n&rsquo;a pas \u00e9t\u00e9 vu.<\/p>\n<p class=\"mb-4 text-lg md:leading-8 break-words\">Pr\u00e9c\u00e9demment, Gims avait \u00e9t\u00e9 entendu en garde \u00e0 vue dans le cadre d&rsquo;une \u00ab\u00a0commission rogatoire de juges d&rsquo;instruction\u00a0\u00bb, suivie par le Parquet national anti-criminalit\u00e9 organis\u00e9e (Pnaco), avait pr\u00e9cis\u00e9 mercredi ce dernier, confirmant une information du site Africa Intelligence.<\/p>\n<p class=\"mb-4 text-lg md:leading-8 break-words\">Gandhi Djuna, de son vrai nom, \u00ab\u00a0a \u00e9t\u00e9 arr\u00eat\u00e9 par le service national des douanes judiciaires, \u00e0 la sortie de l&rsquo;avion \u00e0 son arriv\u00e9e \u00e0 l&rsquo;a\u00e9roport Roissy-Charles-de-Gaulle\u00a0\u00bb, avait pr\u00e9cis\u00e9 une source proche du dossier \u00e0 l&rsquo;AFP en milieu de semaine.Le Pnaco, en charge du dossier, a \u00e9t\u00e9 cr\u00e9\u00e9 en d\u00e9but d&rsquo;ann\u00e9e pour regrouper \u00e0 Paris les dossiers de criminalit\u00e9 organis\u00e9e les plus complexes.Selon Africa Intelligence, les juges par&#8230;<\/p>\n<p class=\"mb-4 text-lg md:leading-8 break-words\"><a data-i13n=\"cpos:2;pos:1\" href=\"https:\/\/www.parismatch.com\/People\/info-paris-match-gims-mis-en-examen-le-rappeur-pourra-tout-de-meme-chanter-samedi-a-abidjan-266676?at_medium=affiliate&amp;at_campaign=Yahoo\" rel=\"nofollow noopener\" target=\"_blank\" data-ylk=\"slk:Lire la suite sur ParisMatch;cpos:2;pos:1;elm:context_link;itc:0;sec:content-canvas\" data-yga=\"{&quot;yLinkPosition&quot;:&quot;2&quot;,&quot;yLinkElement&quot;:&quot;context_link&quot;,&quot;yPosition&quot;:&quot;1&quot;,&quot;yModuleName&quot;:&quot;content-canvas&quot;,&quot;yLinkText&quot;:&quot;Lire la suite sur ParisMatch&quot;,&quot;yHasCommerce&quot;:false}\" class=\"link \">Lire la suite sur ParisMatch<\/a><\/p>\n","protected":false},"excerpt":{"rendered":"Gims, roi de la chanson francophone, a \u00e9t\u00e9 pr\u00e9sent\u00e9 \u00e0 un juge d&rsquo;instruction, dans le cadre d&rsquo;une affaire&hellip;\n","protected":false},"author":2,"featured_media":828928,"comment_status":"","ping_status":"","sticky":false,"template":"","format":"standard","meta":{"footnotes":"","_share_on_mastodon":"0"},"categories":[1888],"tags":[1111,1928,11,1927,52710,41943,14376,1777,674,1011,27,13444,90207,90206,12,1926,626,1925,25],"class_list":["post-828927","post","type-post","status-publish","format-standard","has-post-thumbnail","category-paris","tag-actu","tag-actu-paris","tag-actualites","tag-actualites-paris","tag-chanson-francophone","tag-david-olivier-kaminski","tag-decision-de-justice","tag-eu","tag-europe","tag-fr","tag-france","tag-gims","tag-interdiction-de-sortie-du-territoire","tag-juge-d39instruction","tag-news","tag-news-paris","tag-paris","tag-paris-news","tag-republique-francaise"],"share_on_mastodon":{"url":"https:\/\/pubeurope.com\/@fr\/116302846724757772","error":""},"_links":{"self":[{"href":"https:\/\/www.europesays.com\/fr\/wp-json\/wp\/v2\/posts\/828927","targetHints":{"allow":["GET"]}}],"collection":[{"href":"https:\/\/www.europesays.com\/fr\/wp-json\/wp\/v2\/posts"}],"about":[{"href":"https:\/\/www.europesays.com\/fr\/wp-json\/wp\/v2\/types\/post"}],"author":[{"embeddable":true,"href":"https:\/\/www.europesays.com\/fr\/wp-json\/wp\/v2\/users\/2"}],"replies":[{"embeddable":true,"href":"https:\/\/www.europesays.com\/fr\/wp-json\/wp\/v2\/comments?post=828927"}],"version-history":[{"count":0,"href":"https:\/\/www.europesays.com\/fr\/wp-json\/wp\/v2\/posts\/828927\/revisions"}],"wp:featuredmedia":[{"embeddable":true,"href":"https:\/\/www.europesays.com\/fr\/wp-json\/wp\/v2\/media\/828928"}],"wp:attachment":[{"href":"https:\/\/www.europesays.com\/fr\/wp-json\/wp\/v2\/media?parent=828927"}],"wp:term":[{"taxonomy":"category","embeddable":true,"href":"https:\/\/www.europesays.com\/fr\/wp-json\/wp\/v2\/categories?post=828927"},{"taxonomy":"post_tag","embeddable":true,"href":"https:\/\/www.europesays.com\/fr\/wp-json\/wp\/v2\/tags?post=828927"}],"curies":[{"name":"wp","href":"https:\/\/api.w.org\/{rel}","templated":true}]}}