{"id":82906,"date":"2025-05-07T21:58:09","date_gmt":"2025-05-07T21:58:09","guid":{"rendered":"https:\/\/www.europesays.com\/fr\/82906\/"},"modified":"2025-05-07T21:58:09","modified_gmt":"2025-05-07T21:58:09","slug":"ethan-dumortier-et-six-autres-joueurs-du-lou-prolonges-par-le-club","status":"publish","type":"post","link":"https:\/\/www.europesays.com\/fr\/82906\/","title":{"rendered":"Ethan Dumortier et six autres joueurs du LOU prolong\u00e9s par le club"},"content":{"rendered":"<p>Ce mercredi, c\u2019est par voie de communiqu\u00e9 que le club lyonnais a annonc\u00e9 la prolongation de l\u2019ailier de 24 ans et de six autres co\u00e9quipiers.<\/p>\n<p class=\"fig-paragraph\">Le\u00a0<a href=\"https:\/\/www.lefigaro.fr\/sports\/rugby\/top-14\/classement\" target=\"_blank\" rel=\"noopener\" data-gtm-custom-categorie=\"navigation\" data-gtm-custom-action=\"crossclick\" data-gtm-custom-label=\"Contextuel\" data-gtm-event=\"customEventSPE\">LOU Rugby<\/a>\u00a0ne fait pas les choses \u00e0 moiti\u00e9 lorsqu\u2019il s\u2019agit de prolonger ses joueurs. Ce mercredi, le club a officialis\u00e9 les prolongations de sept d\u2019entre eux. Le pilier Hamza Kaab\u00e8che (2028), le 2\u00e8me ligne Th\u00e9o William (2029), l\u2019arri\u00e8re Alexandre Tchaptchet (2028), le centre Alfred Parisien (2029), l\u2019ailier Ethan Dumortier(2028), tous form\u00e9s au club ; ainsi que l\u2019ouvreur Martin M\u00e9liande (2008), qui \u00e9tait pr\u00eat\u00e9 par le Racing 92 cette saison et le centre Josiah Maraku (2029).<\/p>\n<p class=\"fig-paragraph\">Une volont\u00e9 de continuit\u00e9 qui se traduit \u00e9galement par la r\u00e9cente prolongation de l\u2019entra\u00eeneur Karim Ghezal,\u00a0<a href=\"http:\/\/www.lefigaro.fr\/sports\/rugby\/top-14\/top-14-karim-ghezal-nomme-entraineur-principal-du-lou-20241206\" data-fig-type=\"NewsFlash\" data-gtm-custom-categorie=\"navigation\" data-gtm-custom-action=\"crossclick\" data-gtm-custom-label=\"Contextuel\" data-gtm-event=\"customEventSPE\" data-fig-domain=\"LEFIGARO\" target=\"_blank\" rel=\"noopener\">arriv\u00e9 d\u00e9but d\u00e9cembre<\/a>\u00a0dans le Rh\u00f4ne et d\u00e9sormais\u00a0<a href=\"http:\/\/www.lefigaro.fr\/sports\/rugby\/top-14\/top-14-ghezal-prolonge-au-lou-20250311\" data-fig-type=\"NewsFlash\" data-gtm-custom-categorie=\"navigation\" data-gtm-custom-action=\"crossclick\" data-gtm-custom-label=\"Contextuel\" data-gtm-event=\"customEventSPE\" data-fig-domain=\"LEFIGARO\" target=\"_blank\" rel=\"noopener\">li\u00e9 avec le LOU jusqu\u2019en 2028<\/a>. Il a d\u00e9clar\u00e9\u00a0: \u00ab La majorit\u00e9 de ces prolongations concerne des joueurs de moins de 25 ans, form\u00e9s au club et qui ont d\u00e9montr\u00e9 leur performance. Certains sont issus m\u00eame du territoire. Cela montre la volont\u00e9 du LOU Rugby de faire confiance \u00e0 ses jeunes, de les accompagner et de s\u2019inscrire avec eux dans la dur\u00e9e\u00a0\u00bb.<\/p>\n","protected":false},"excerpt":{"rendered":"Ce mercredi, c\u2019est par voie de communiqu\u00e9 que le club lyonnais a annonc\u00e9 la prolongation de l\u2019ailier de&hellip;\n","protected":false},"author":2,"featured_media":82907,"comment_status":"","ping_status":"","sticky":false,"template":"","format":"standard","meta":{"footnotes":""},"categories":[1416],"tags":[525,4590,1981,2313,814,1011,27,9216,955,4589,2311,1980,479,1468,2259,60,478,2310,2312],"class_list":{"0":"post-82906","1":"post","2":"type-post","3":"status-publish","4":"format-standard","5":"has-post-thumbnail","7":"category-rugby","8":"tag-calendrier","9":"tag-championnat-france","10":"tag-classement","11":"tag-clermont","12":"tag-direct","13":"tag-fr","14":"tag-france","15":"tag-lou","16":"tag-match","17":"tag-phase-finale","18":"tag-racing","19":"tag-resultats","20":"tag-rugby","21":"tag-rugby-football","22":"tag-score","23":"tag-sports","24":"tag-top-14","25":"tag-toulon","26":"tag-toulouse"},"share_on_mastodon":{"url":"https:\/\/pubeurope.com\/@fr\/114468795670907795","error":""},"_links":{"self":[{"href":"https:\/\/www.europesays.com\/fr\/wp-json\/wp\/v2\/posts\/82906","targetHints":{"allow":["GET"]}}],"collection":[{"href":"https:\/\/www.europesays.com\/fr\/wp-json\/wp\/v2\/posts"}],"about":[{"href":"https:\/\/www.europesays.com\/fr\/wp-json\/wp\/v2\/types\/post"}],"author":[{"embeddable":true,"href":"https:\/\/www.europesays.com\/fr\/wp-json\/wp\/v2\/users\/2"}],"replies":[{"embeddable":true,"href":"https:\/\/www.europesays.com\/fr\/wp-json\/wp\/v2\/comments?post=82906"}],"version-history":[{"count":0,"href":"https:\/\/www.europesays.com\/fr\/wp-json\/wp\/v2\/posts\/82906\/revisions"}],"wp:featuredmedia":[{"embeddable":true,"href":"https:\/\/www.europesays.com\/fr\/wp-json\/wp\/v2\/media\/82907"}],"wp:attachment":[{"href":"https:\/\/www.europesays.com\/fr\/wp-json\/wp\/v2\/media?parent=82906"}],"wp:term":[{"taxonomy":"category","embeddable":true,"href":"https:\/\/www.europesays.com\/fr\/wp-json\/wp\/v2\/categories?post=82906"},{"taxonomy":"post_tag","embeddable":true,"href":"https:\/\/www.europesays.com\/fr\/wp-json\/wp\/v2\/tags?post=82906"}],"curies":[{"name":"wp","href":"https:\/\/api.w.org\/{rel}","templated":true}]}}