{"id":82942,"date":"2025-05-07T22:20:23","date_gmt":"2025-05-07T22:20:23","guid":{"rendered":"https:\/\/www.europesays.com\/fr\/82942\/"},"modified":"2025-05-07T22:20:23","modified_gmt":"2025-05-07T22:20:23","slug":"plusieurs-services-a-la-rencontre-des-habitants","status":"publish","type":"post","link":"https:\/\/www.europesays.com\/fr\/82942\/","title":{"rendered":"plusieurs services \u00e0 la rencontre des habitants"},"content":{"rendered":"<blockquote class=\"question\"><p>Comment s\u2019est mise en place l\u2019exp\u00e9rimentation Territoires z\u00e9ro non-recours (TZNR)\u00a0?<\/p><\/blockquote>\n<p>\u00ab\u00a0\u00c0 notre arriv\u00e9e en juin\u00a02024, nous sommes all\u00e9es \u00e0 la rencontre des acteurs locaux. Nous avons travaill\u00e9 \u00e0 la mise en place de quatre groupes de travail\u00a0: observatoire, situations complexes, mobilisation des habitants et formation, chacun m\u00ealant habitants, partenaires locaux et institutions. Avec l\u2019objectif de faciliter l\u2019acc\u00e8s aux droits des Ricamandois.\u00a0\u00bb<\/p>\n<blockquote class=\"question\"><p>Comment les habitants se sont int\u00e9gr\u00e9s dans votre d\u00e9marche\u00a0?<\/p><\/blockquote>\n<p>\u00ab\u00a0Quelques-uns \u00e9taient connus de la&#8230;<\/p>\n","protected":false},"excerpt":{"rendered":"Comment s\u2019est mise en place l\u2019exp\u00e9rimentation Territoires z\u00e9ro non-recours (TZNR)\u00a0? \u00ab\u00a0\u00c0 notre arriv\u00e9e en juin\u00a02024, nous sommes all\u00e9es&hellip;\n","protected":false},"author":2,"featured_media":82943,"comment_status":"","ping_status":"","sticky":false,"template":"","format":"standard","meta":{"footnotes":""},"categories":[9653],"tags":[1111,11,2430,7539,1777,674,1011,27,11324,11325,12,25,4001,801],"class_list":{"0":"post-82942","1":"post","2":"type-post","3":"status-publish","4":"format-standard","5":"has-post-thumbnail","7":"category-saint-etienne","8":"tag-actu","9":"tag-actualites","10":"tag-auvergne-rhone-alpes","11":"tag-edition-loire-sud","12":"tag-eu","13":"tag-europe","14":"tag-fr","15":"tag-france","16":"tag-la-ricamarie","17":"tag-la-ricamarie-ville","18":"tag-news","19":"tag-republique-francaise","20":"tag-saint-etienne","21":"tag-social"},"share_on_mastodon":{"url":"https:\/\/pubeurope.com\/@fr\/114468881920972524","error":""},"_links":{"self":[{"href":"https:\/\/www.europesays.com\/fr\/wp-json\/wp\/v2\/posts\/82942","targetHints":{"allow":["GET"]}}],"collection":[{"href":"https:\/\/www.europesays.com\/fr\/wp-json\/wp\/v2\/posts"}],"about":[{"href":"https:\/\/www.europesays.com\/fr\/wp-json\/wp\/v2\/types\/post"}],"author":[{"embeddable":true,"href":"https:\/\/www.europesays.com\/fr\/wp-json\/wp\/v2\/users\/2"}],"replies":[{"embeddable":true,"href":"https:\/\/www.europesays.com\/fr\/wp-json\/wp\/v2\/comments?post=82942"}],"version-history":[{"count":0,"href":"https:\/\/www.europesays.com\/fr\/wp-json\/wp\/v2\/posts\/82942\/revisions"}],"wp:featuredmedia":[{"embeddable":true,"href":"https:\/\/www.europesays.com\/fr\/wp-json\/wp\/v2\/media\/82943"}],"wp:attachment":[{"href":"https:\/\/www.europesays.com\/fr\/wp-json\/wp\/v2\/media?parent=82942"}],"wp:term":[{"taxonomy":"category","embeddable":true,"href":"https:\/\/www.europesays.com\/fr\/wp-json\/wp\/v2\/categories?post=82942"},{"taxonomy":"post_tag","embeddable":true,"href":"https:\/\/www.europesays.com\/fr\/wp-json\/wp\/v2\/tags?post=82942"}],"curies":[{"name":"wp","href":"https:\/\/api.w.org\/{rel}","templated":true}]}}