{"id":82958,"date":"2025-05-07T22:32:17","date_gmt":"2025-05-07T22:32:17","guid":{"rendered":"https:\/\/www.europesays.com\/fr\/82958\/"},"modified":"2025-05-07T22:32:17","modified_gmt":"2025-05-07T22:32:17","slug":"saint-egreve-rendez-vous-ce-jeudi-pour-la-41e-foulee-du-souvenir","status":"publish","type":"post","link":"https:\/\/www.europesays.com\/fr\/82958\/","title":{"rendered":"Saint-\u00c9gr\u00e8ve. Rendez-vous ce jeudi pour la 41e Foul\u00e9e du souvenir"},"content":{"rendered":"<p>La 41e Foul\u00e9e du souvenir prendra son d\u00e9part \u00e0 9 heures rue du 8-Mai-1945. Le parcours m\u00e9moriel emprunte des rues de la ville portant le nom de r\u00e9sistants saint-\u00e9gr\u00e9vois et se termine devant le monument aux morts.<\/p>\n<p>La Ville de Saint-\u00c9gr\u00e8ve et les associations d\u2019anciens combattants de Saint-\u00c9gr\u00e8ve, invitent ceux qui le veulent \u00e0 participer ou assister \u00e0 ce rendez-vous jeudi 8\u00a0mai. Ce parcours est ouvert \u00e0 tous, avec deux trajets possibles\u00a0: 4,1\u00a0km ou 6,1\u00a0km.<\/p>\n<p>Pour rappel, il est demand\u00e9 aux participants d\u2019\u00eatre prudents et de respecter le Code de la route.<\/p>\n<p>Pour comm\u00e9morer la victoire du 8\u00a0mai 1945, une c\u00e9r\u00e9monie se d\u00e9roulera \u00e0 11\u00a0h\u00a030 devant le monument aux morts. Un ap\u00e9ritif sera offert \u00e0 l\u2019issue de la c\u00e9r\u00e9monie au restaurant scolaire de la Monta.<\/p>\n","protected":false},"excerpt":{"rendered":"La 41e Foul\u00e9e du souvenir prendra son d\u00e9part \u00e0 9 heures rue du 8-Mai-1945. Le parcours m\u00e9moriel emprunte&hellip;\n","protected":false},"author":2,"featured_media":82959,"comment_status":"","ping_status":"","sticky":false,"template":"","format":"standard","meta":{"footnotes":""},"categories":[9566],"tags":[1111,11,2430,7782,1687,112,1777,674,1011,27,2731,12,25,275,276],"class_list":{"0":"post-82958","1":"post","2":"type-post","3":"status-publish","4":"format-standard","5":"has-post-thumbnail","7":"category-grenoble","8":"tag-actu","9":"tag-actualites","10":"tag-auvergne-rhone-alpes","11":"tag-balades-et-randonnees","12":"tag-culture-loisirs","13":"tag-edition-grenoble-agglomeration","14":"tag-eu","15":"tag-europe","16":"tag-fr","17":"tag-france","18":"tag-grenoble","19":"tag-news","20":"tag-republique-francaise","21":"tag-saint-egreve","22":"tag-saint-egreve-et-autour"},"share_on_mastodon":{"url":"https:\/\/pubeurope.com\/@fr\/114468929191390425","error":""},"_links":{"self":[{"href":"https:\/\/www.europesays.com\/fr\/wp-json\/wp\/v2\/posts\/82958","targetHints":{"allow":["GET"]}}],"collection":[{"href":"https:\/\/www.europesays.com\/fr\/wp-json\/wp\/v2\/posts"}],"about":[{"href":"https:\/\/www.europesays.com\/fr\/wp-json\/wp\/v2\/types\/post"}],"author":[{"embeddable":true,"href":"https:\/\/www.europesays.com\/fr\/wp-json\/wp\/v2\/users\/2"}],"replies":[{"embeddable":true,"href":"https:\/\/www.europesays.com\/fr\/wp-json\/wp\/v2\/comments?post=82958"}],"version-history":[{"count":0,"href":"https:\/\/www.europesays.com\/fr\/wp-json\/wp\/v2\/posts\/82958\/revisions"}],"wp:featuredmedia":[{"embeddable":true,"href":"https:\/\/www.europesays.com\/fr\/wp-json\/wp\/v2\/media\/82959"}],"wp:attachment":[{"href":"https:\/\/www.europesays.com\/fr\/wp-json\/wp\/v2\/media?parent=82958"}],"wp:term":[{"taxonomy":"category","embeddable":true,"href":"https:\/\/www.europesays.com\/fr\/wp-json\/wp\/v2\/categories?post=82958"},{"taxonomy":"post_tag","embeddable":true,"href":"https:\/\/www.europesays.com\/fr\/wp-json\/wp\/v2\/tags?post=82958"}],"curies":[{"name":"wp","href":"https:\/\/api.w.org\/{rel}","templated":true}]}}