{"id":82962,"date":"2025-05-07T22:34:19","date_gmt":"2025-05-07T22:34:19","guid":{"rendered":"https:\/\/www.europesays.com\/fr\/82962\/"},"modified":"2025-05-07T22:34:19","modified_gmt":"2025-05-07T22:34:19","slug":"a-nouvoitou-la-metropole-et-la-commune-signent-le-programme-local-de-lhabitat","status":"publish","type":"post","link":"https:\/\/www.europesays.com\/fr\/82962\/","title":{"rendered":"\u00c0 Nouvoitou, la M\u00e9tropole et la commune signent le programme local de l\u2019habitat"},"content":{"rendered":"<p>La signature du Programme local de l\u2019habitat (PLH) entre Rennes m\u00e9tropole et la commune de Nouvoitou, qui s\u2019est d\u00e9roul\u00e9e mardi 22\u00a0avril 2025, pose le cadre d\u2019engagements r\u00e9ciproques afin de produire du logement et innover en la mati\u00e8re.<\/p>\n<p><strong>\u00ab\u00a0Sans un contrat pass\u00e9 avec chacune des communes, le Programme local de l\u2019habitat ne pourrait pas se mettre en \u0153uvre concr\u00e8tement,<\/strong> a tenu \u00e0 souligner Nathalie App\u00e9r\u00e9, pr\u00e9sidente de Rennes m\u00e9tropole.<strong> C\u2019est gr\u00e2ce \u00e0 un partenariat permanent que nous pouvons atteindre nos objectifs en termes de logements de qualit\u00e9, sobri\u00e9t\u00e9 fonci\u00e8re et prix.\u00a0\u00bb<\/strong><\/p>\n<p><strong>Lire aussi\u00a0: <\/strong> <a href=\"https:\/\/rennes.maville.com\/actu\/actudet_-programme-de-l-habitat-de-rennes-metropole-avoir-un-toit-sur-la-tete-la-ou-on-le-souhaite-_7-6725217_actu.Htm\" rel=\"nofollow noopener\" target=\"_blank\">Programme de l\u2019habitat de Rennes m\u00e9tropole\u00a0: \u00ab\u00a0Avoir un toit sur la t\u00eate, l\u00e0 o\u00f9 on le souhaite\u00a0\u00bb<\/a><\/p>\n<p>Visite de la commune<\/p>\n<p>La visite, en pr\u00e9sence de <a href=\"https:\/\/rennes.maville.com\/actu\/actudet_-municipales-a-nouvoitou.-jean-marc-legagneur-a-ete-elu-maire-lundi_7-4115289_actu.Htm\" rel=\"nofollow noopener\" target=\"_blank\">Jean-Marc Legagneur, le maire de la commune<\/a>, a d\u00e9but\u00e9 devant l\u2019\u00e9cole publique, la m\u00e9diath\u00e8que et le restaurant scolaire avant de se poursuivre \u00e0 travers le quartier des Entr\u00e9es.<\/p>\n<p>Mixit\u00e9 sociale et droit au logement pour tous sont ici les axes prioritaires de la politique locale de l\u2019habitat avec 300\u00a0millions d\u2019euros qui y seront consacr\u00e9s d\u2019ici \u00e0 2028 afin de produire 5\u00a0000\u00a0logements par an sur le territoire m\u00e9tropolitain.<\/p>\n<p>\u00a0<\/p>\n","protected":false},"excerpt":{"rendered":"La signature du Programme local de l\u2019habitat (PLH) entre Rennes m\u00e9tropole et la commune de Nouvoitou, qui s\u2019est&hellip;\n","protected":false},"author":2,"featured_media":82963,"comment_status":"","ping_status":"","sticky":false,"template":"","format":"standard","meta":{"footnotes":""},"categories":[2821],"tags":[1111,11,829,7052,1777,674,1011,27,4250,4555,2800,12,19072,5240,584,25,19073],"class_list":{"0":"post-82962","1":"post","2":"type-post","3":"status-publish","4":"format-standard","5":"has-post-thumbnail","7":"category-rennes","8":"tag-actu","9":"tag-actualites","10":"tag-bretagne","11":"tag-commune","12":"tag-eu","13":"tag-europe","14":"tag-fr","15":"tag-france","16":"tag-habitat","17":"tag-local","18":"tag-metropole","19":"tag-news","20":"tag-nouvoitou","21":"tag-programme","22":"tag-rennes","23":"tag-republique-francaise","24":"tag-signent"},"share_on_mastodon":{"url":"https:\/\/pubeurope.com\/@fr\/114468937253649547","error":""},"_links":{"self":[{"href":"https:\/\/www.europesays.com\/fr\/wp-json\/wp\/v2\/posts\/82962","targetHints":{"allow":["GET"]}}],"collection":[{"href":"https:\/\/www.europesays.com\/fr\/wp-json\/wp\/v2\/posts"}],"about":[{"href":"https:\/\/www.europesays.com\/fr\/wp-json\/wp\/v2\/types\/post"}],"author":[{"embeddable":true,"href":"https:\/\/www.europesays.com\/fr\/wp-json\/wp\/v2\/users\/2"}],"replies":[{"embeddable":true,"href":"https:\/\/www.europesays.com\/fr\/wp-json\/wp\/v2\/comments?post=82962"}],"version-history":[{"count":0,"href":"https:\/\/www.europesays.com\/fr\/wp-json\/wp\/v2\/posts\/82962\/revisions"}],"wp:featuredmedia":[{"embeddable":true,"href":"https:\/\/www.europesays.com\/fr\/wp-json\/wp\/v2\/media\/82963"}],"wp:attachment":[{"href":"https:\/\/www.europesays.com\/fr\/wp-json\/wp\/v2\/media?parent=82962"}],"wp:term":[{"taxonomy":"category","embeddable":true,"href":"https:\/\/www.europesays.com\/fr\/wp-json\/wp\/v2\/categories?post=82962"},{"taxonomy":"post_tag","embeddable":true,"href":"https:\/\/www.europesays.com\/fr\/wp-json\/wp\/v2\/tags?post=82962"}],"curies":[{"name":"wp","href":"https:\/\/api.w.org\/{rel}","templated":true}]}}