{"id":82976,"date":"2025-05-07T22:41:11","date_gmt":"2025-05-07T22:41:11","guid":{"rendered":"https:\/\/www.europesays.com\/fr\/82976\/"},"modified":"2025-05-07T22:41:11","modified_gmt":"2025-05-07T22:41:11","slug":"fc-nantes-un-sponsor-premium-prolonge-jusquen-2030","status":"publish","type":"post","link":"https:\/\/www.europesays.com\/fr\/82976\/","title":{"rendered":"FC Nantes. Un sponsor premium prolonge jusqu&rsquo;en 2030"},"content":{"rendered":"<p><img fetchpriority=\"high\" decoding=\"async\" width=\"620\" height=\"413\" src=\"https:\/\/www.europesays.com\/fr\/wp-content\/uploads\/2025\/05\/FC-Nantes-illsutration-620x413.jpg\" alt=\"\" class=\"wp-image-311543\"  \/>A Nantes, il n\u2019y a pas que les supporters qui soient fid\u00e8les au club.<\/p>\n<p>Le <a href=\"https:\/\/sportune.20minutes.fr\/fc-nantes\" rel=\"nofollow noopener\" target=\"_blank\">FC Nantes<\/a> vient d\u2019officialiser la prolongation de son partenariat avec le Cr\u00e9dit Mutuel pour les cinq prochaines ann\u00e9es. La collaboration entre le club de <a href=\"https:\/\/sportune.20minutes.fr\/ligue-1-l1\" rel=\"nofollow noopener\" target=\"_blank\">Ligue 1<\/a> et le groupe bancaire est ancienne, elle a \u00e9t\u00e9 prolong\u00e9 pour la derni\u00e8re fois en 2020.<\/p>\n<p>Cette annonce intervient dans un contexte o\u00f9 la fid\u00e9lit\u00e9 des partenaires \u00e9conomiques repr\u00e9sente un atout majeur pour les clubs de football professionnel. Le Cr\u00e9dit Mutuel est un sponsor premium du <a href=\"https:\/\/sportune.20minutes.fr\/fc-nantes\" rel=\"nofollow noopener\" target=\"_blank\">FC Nantes<\/a>, dans le sens o\u00f9 il est associ\u00e9 \u00e0 toutes les \u00e9quipes, des professionnels chez les hommes, aux sections jeunes en passant par l\u2019\u00e9quipe f\u00e9minine sur laquelle s\u2019affiche le logo du partenaire \u00e0 l\u2019arri\u00e8re des shorts des joueuses.<\/p>\n<p>\u00ab\u00a0Ce renouvellement t\u00e9moigne de notre attachement au territoire et de notre ambition de soutenir durablement le sport et les initiatives locales\u00a0\u00bb, souligne par communiqu\u00e9 V\u00e9ronique Lutzelschwab, secr\u00e9taire g\u00e9n\u00e9rale du Cr\u00e9dit Mutuel LACO, mettant en avant les valeurs communes d\u2019engagement, de proximit\u00e9 et de solidarit\u00e9 qui animent les deux entit\u00e9s.<\/p>\n<p>Le FC Nantes peut compter sur le soutien fid\u00e8le de ses sponsors<\/p>\n<p>Pour le <a href=\"https:\/\/sportune.20minutes.fr\/fc-nantes\" rel=\"nofollow noopener\" target=\"_blank\">FC Nantes<\/a> , cette stabilit\u00e9 partenariale repr\u00e9sente un atout consid\u00e9rable dans un environnement \u00e9conomique parfois fluctuant. \u00c9ric Chevrier, directeur commercial du club qualifie d\u2019ailleurs ce soutien de \u00ab\u00a0v\u00e9ritable force\u00a0\u00bb et de levier \u00ab\u00a0pr\u00e9cieux pour accompagner le d\u00e9veloppement et les projets futurs\u00a0\u00bb des Canaris.<\/p>\n<p>Alors qu\u2019une incertitude sportive plane encore sur le <a href=\"https:\/\/sportune.20minutes.fr\/fc-nantes\" rel=\"nofollow noopener\" target=\"_blank\">FC Nantes<\/a> qui joue son maintien en <a href=\"https:\/\/sportune.20minutes.fr\/ligue-1-l1\" rel=\"nofollow noopener\" target=\"_blank\">Ligue 1<\/a>, le club de la Loire se fait fort de s\u00e9curiser ses partenaires les plus anciens, lui qui porte, avec Synergie, <a href=\"https:\/\/sportune.20minutes.fr\/fc-nantes-et-synergie-2es-les-plus-vieux-sponsors-maillots-du-foot-354758\" rel=\"nofollow noopener\" target=\"_blank\">le 2e plus vieux sponsor majeur \u00e0 l\u2019avant du maillot de club de football<\/a>.<\/p>\n","protected":false},"excerpt":{"rendered":"A Nantes, il n\u2019y a pas que les supporters qui soient fid\u00e8les au club. Le FC Nantes vient&hellip;\n","protected":false},"author":2,"featured_media":82977,"comment_status":"","ping_status":"","sticky":false,"template":"","format":"standard","meta":{"footnotes":""},"categories":[2818],"tags":[1111,11,1777,674,462,1011,27,766,12,2636,25],"class_list":{"0":"post-82976","1":"post","2":"type-post","3":"status-publish","4":"format-standard","5":"has-post-thumbnail","7":"category-nantes","8":"tag-actu","9":"tag-actualites","10":"tag-eu","11":"tag-europe","12":"tag-fc-nantes","13":"tag-fr","14":"tag-france","15":"tag-nantes","16":"tag-news","17":"tag-pays-de-la-loire","18":"tag-republique-francaise"},"share_on_mastodon":{"url":"https:\/\/pubeurope.com\/@fr\/114468964579941746","error":""},"_links":{"self":[{"href":"https:\/\/www.europesays.com\/fr\/wp-json\/wp\/v2\/posts\/82976","targetHints":{"allow":["GET"]}}],"collection":[{"href":"https:\/\/www.europesays.com\/fr\/wp-json\/wp\/v2\/posts"}],"about":[{"href":"https:\/\/www.europesays.com\/fr\/wp-json\/wp\/v2\/types\/post"}],"author":[{"embeddable":true,"href":"https:\/\/www.europesays.com\/fr\/wp-json\/wp\/v2\/users\/2"}],"replies":[{"embeddable":true,"href":"https:\/\/www.europesays.com\/fr\/wp-json\/wp\/v2\/comments?post=82976"}],"version-history":[{"count":0,"href":"https:\/\/www.europesays.com\/fr\/wp-json\/wp\/v2\/posts\/82976\/revisions"}],"wp:featuredmedia":[{"embeddable":true,"href":"https:\/\/www.europesays.com\/fr\/wp-json\/wp\/v2\/media\/82977"}],"wp:attachment":[{"href":"https:\/\/www.europesays.com\/fr\/wp-json\/wp\/v2\/media?parent=82976"}],"wp:term":[{"taxonomy":"category","embeddable":true,"href":"https:\/\/www.europesays.com\/fr\/wp-json\/wp\/v2\/categories?post=82976"},{"taxonomy":"post_tag","embeddable":true,"href":"https:\/\/www.europesays.com\/fr\/wp-json\/wp\/v2\/tags?post=82976"}],"curies":[{"name":"wp","href":"https:\/\/api.w.org\/{rel}","templated":true}]}}