{"id":82988,"date":"2025-05-07T22:48:08","date_gmt":"2025-05-07T22:48:08","guid":{"rendered":"https:\/\/www.europesays.com\/fr\/82988\/"},"modified":"2025-05-07T22:48:08","modified_gmt":"2025-05-07T22:48:08","slug":"en-juin-le-street-food-festival-quitte-marseille-pour-aix-en-provence","status":"publish","type":"post","link":"https:\/\/www.europesays.com\/fr\/82988\/","title":{"rendered":"En juin, le Street Food Festival quitte Marseille pour Aix-en-Provence"},"content":{"rendered":"<p>Voil\u00e0 qui va faire un peu tache dans la programmation annuelle Marseille Provence Gastronomie (MPG), une suite d\u2019\u00e9v\u00e9nements culinaires coordonn\u00e9e par Provence tourisme pour le compte du Conseil d\u00e9partemental des Bouches-du-Rh\u00f4ne. Le <a href=\"https:\/\/mpgastronomie.fr\/evenements\/street-food-festival-2025\/\" target=\"_blank\" rel=\"nofollow noopener\">Street Food Festival<\/a>, \u00e9v\u00e9nement majeur de MPG consacr\u00e9 \u00e0 la cuisine de rue et qui r\u00e9unit d\u2019ordinaire une quarantaine de producteurs, artisans de bouche et restaurateurs, n\u2019aura finalement pas lieu du 12 au 14\u00a0juin sur l\u2019esplanade de la cath\u00e9drale de la Major \u00e0 Marseille, comme c\u2019\u00e9tait le cas depuis cinq \u00e9ditions, mais \u00e0 Aix-en-Provence, au sein du parc Jourdan.<\/p>\n<p>D\u00e9m\u00e9nagement dans la derni\u00e8re ligne droite<\/p>\n<p>La d\u00e9cision de relocalisation aixoise a \u00e9t\u00e9 prise brutalement et les exposants qui devaient y tenir un stand l\u2019ont appris par un courrier officiel du 5\u00a0mai sign\u00e9 de Danielle Milon, maire de Cassis et pr\u00e9sidente de Provence tourisme. Soit seulement cinq semaines avant la tenue de l\u2019\u00e9v\u00e9nement. Plut\u00f4t court quand il s\u2019agit d\u2019accorder des plannings professionnels, de commander les mati\u00e8res premi\u00e8res\u2026<\/p>\n<p>\u00ab\u00a0On avait r\u00e9pondu \u00e0 un <a href=\"https:\/\/www.laprovence.com\/article\/food\/41033875261586\/ouverture-de-lappel-a-candidatures-pour-le-prochain-street-food-festival-du-12-au-14-juin-a-marseille\" target=\"_blank\" rel=\"nofollow noopener\">appel \u00e0 candidatures<\/a>\u00a0en f\u00e9vrier et on avait \u00e9t\u00e9 retenu \u00e0 l\u2019issue, raconte ainsi un artisan marseillais plut\u00f4t remont\u00e9 contre la d\u00e9cision. On se pr\u00e9parait comme tous les ans et l\u00e0, on apprend dans la derni\u00e8re ligne droite que \u00e7a ne se fera plus \u00e0 Marseille et qu\u2019on doit recandidater si on veut toujours y participer.\u00a0\u00bb<\/p>\n<p>Le courrier de Provence tourisme explique que ce nouvel appel \u00e0 candidatures est \u00ab\u00a0indispensable sur le plan administratif\u00a0\u00bb. Jointe ce mercredi 7\u00a0mai par t\u00e9l\u00e9phone, Danielle Milon pr\u00e9cise que les artisans et producteurs retenus en f\u00e9vrier y seront \u00ab\u00a0prioritaires\u00a0\u00bb. La lettre explique aussi cette d\u00e9cision par la n\u00e9cessit\u00e9 de faire tourner l\u2019\u00e9v\u00e9nement sur le territoire d\u00e9partemental et par l\u2019attraction touristique aixoise, notamment \u00e0 la faveur de l\u2019Ann\u00e9e Cezanne.<\/p>\n<p>Le parc aixois moins cher que l\u2019esplanade marseillaise<\/p>\n<p>Mais Danielle Milon insiste, elle, sur le contexte budg\u00e9taire contraint des collectivit\u00e9s territoriales\u00a0: \u00ab\u00a0On avait \u00e9tabli notre programmation 2025 sur un budget pr\u00e9visionnel, on nous annonce d\u00e9sormais qu\u2019il va \u00eatre r\u00e9duit de 7,5% (sur 3,7\u00a0millions d\u2019euros de budget annuel).\u00a0\u00bb Le parc aixois co\u00fbterait moins cher que l\u2019esplanade marseillaise. \u00ab\u00a0L\u2019espace est plus petit, d\u00e9j\u00e0 \u00e9quip\u00e9 en wifi, les assurances co\u00fbtent moins cher, poursuit l\u2019\u00e9lue. On y gagnerait entre 50 et 100\u00a0000\u00a0\u20ac.\u00a0\u00bb Bonne ou mauvaise raison, le conseil d\u2019administration de Provence tourisme a ent\u00e9rin\u00e9 le d\u00e9m\u00e9nagement. Pour un an ou plus\u00a0? Rien ne serait encore d\u00e9cid\u00e9 \u00e0 cet \u00e9gard.<\/p>\n","protected":false},"excerpt":{"rendered":"Voil\u00e0 qui va faire un peu tache dans la programmation annuelle Marseille Provence Gastronomie (MPG), une suite d\u2019\u00e9v\u00e9nements&hellip;\n","protected":false},"author":2,"featured_media":82989,"comment_status":"","ping_status":"","sticky":false,"template":"","format":"standard","meta":{"footnotes":""},"categories":[2814],"tags":[17,1111,11,1777,674,849,2656,1011,27,3687,884,12,471,882,19080,16,25,3845],"class_list":{"0":"post-82988","1":"post","2":"type-post","3":"status-publish","4":"format-standard","5":"has-post-thumbnail","7":"category-marseille","8":"tag-17","9":"tag-actu","10":"tag-actualites","11":"tag-eu","12":"tag-europe","13":"tag-festival","14":"tag-food","15":"tag-fr","16":"tag-france","17":"tag-juin","18":"tag-marseille","19":"tag-news","20":"tag-pour","21":"tag-provence-alpes-cote-dazur","22":"tag-quitte","23":"tag-region","24":"tag-republique-francaise","25":"tag-street"},"share_on_mastodon":{"url":"https:\/\/pubeurope.com\/@fr\/114468992025470098","error":""},"_links":{"self":[{"href":"https:\/\/www.europesays.com\/fr\/wp-json\/wp\/v2\/posts\/82988","targetHints":{"allow":["GET"]}}],"collection":[{"href":"https:\/\/www.europesays.com\/fr\/wp-json\/wp\/v2\/posts"}],"about":[{"href":"https:\/\/www.europesays.com\/fr\/wp-json\/wp\/v2\/types\/post"}],"author":[{"embeddable":true,"href":"https:\/\/www.europesays.com\/fr\/wp-json\/wp\/v2\/users\/2"}],"replies":[{"embeddable":true,"href":"https:\/\/www.europesays.com\/fr\/wp-json\/wp\/v2\/comments?post=82988"}],"version-history":[{"count":0,"href":"https:\/\/www.europesays.com\/fr\/wp-json\/wp\/v2\/posts\/82988\/revisions"}],"wp:featuredmedia":[{"embeddable":true,"href":"https:\/\/www.europesays.com\/fr\/wp-json\/wp\/v2\/media\/82989"}],"wp:attachment":[{"href":"https:\/\/www.europesays.com\/fr\/wp-json\/wp\/v2\/media?parent=82988"}],"wp:term":[{"taxonomy":"category","embeddable":true,"href":"https:\/\/www.europesays.com\/fr\/wp-json\/wp\/v2\/categories?post=82988"},{"taxonomy":"post_tag","embeddable":true,"href":"https:\/\/www.europesays.com\/fr\/wp-json\/wp\/v2\/tags?post=82988"}],"curies":[{"name":"wp","href":"https:\/\/api.w.org\/{rel}","templated":true}]}}