{"id":82994,"date":"2025-05-07T22:51:12","date_gmt":"2025-05-07T22:51:12","guid":{"rendered":"https:\/\/www.europesays.com\/fr\/82994\/"},"modified":"2025-05-07T22:51:12","modified_gmt":"2025-05-07T22:51:12","slug":"quinte-du-jeudi-8-mai-2025-a-lyon-parilly-les-pronostics","status":"publish","type":"post","link":"https:\/\/www.europesays.com\/fr\/82994\/","title":{"rendered":"Quint\u00e9 du jeudi 8 mai 2025 \u00e0 Lyon-Parilly : les pronostics"},"content":{"rendered":"<p class=\"article-p mdl\">Retrouvez les pronostics de Dominique Cordier pour le Quint\u00e9 du jeudi 8 mai 2025 \u00e0 Lyon-Parilly, le Grand Prix du 60e Anniversaire de Parilly. <strong>D\u00e9part \u00e0 15h15. 16 partants. Tirelire de 500.000 euros. <\/strong>Plat. 1.600 m\u00e8tres. Corde \u00e0 gauche. Terrain souple. Pur-sang de 4 ans et plus.\n<\/p>\n<p class=\"article-p mdl\">Non partant le 21 avril dans le quint\u00e9 de Fontainebleau (il avait h\u00e9rit\u00e9 de la stalle 16, mission presque impossible sur le mile avec tournant), le<strong> 6 Zryan<\/strong> est beaucoup mieux loti ici, d\u2019o\u00f9 une chance pr\u00e9pond\u00e9rante pour ce pur-sang tout neuf.\n<\/p>\n<p class=\"article-p mdl\">Le <strong>8 Sous la Neige<\/strong> vient de se classer 2e d\u2019un gros handicap outre-Manche et avait bien couru lors de sa pr\u00e9c\u00e9dente sortie sur notre sol. Il a le vent dans le dos, il fait lui faire confiance.\n<\/p>\n<p class=\"article-p mdl\">A ce poids, le <strong>16 Max Verst <\/strong>reste une belle possibilit\u00e9 pour les places, tandis que le <strong>2 Galord <\/strong>pourrait de nouveau bien faire, \u00e0 la faveur des averses annonc\u00e9es dans la Capitale des Gaules.\n<\/p>\n<p class=\"article-p mdl\">L\u2019outsider de RTL, le <strong>12 Dom Bertrand<\/strong>, \u00e9tait notre favori lors du dernier quint\u00e9  qu&rsquo;il a disput\u00e9, \u00e0 Saint-Cloud. Or, tout s\u2019est mal pass\u00e9 pour lui, mais il vient de redorer son blason en se classant 5e sur ce trac\u00e9. Il peut remettre les aiguilles \u00e0 l\u2019erreur dans ce quint\u00e9 taill\u00e9 pour lui.<\/p>\n<p>            Les pronostics<\/p>\n<p class=\"article-p mdl\">\n<p>6. Zryan&#13;<br \/>8. Sous la Neige&#13;<br \/>16. Max Verst&#13;<br \/>2. Galord&#13;<br \/>12. Dom Bertrand&#13;<br \/>14. Divide and Rule&#13;<br \/>1. Thor Lightning<\/p>\n<p>            L&rsquo;outsider de RTL<\/p>\n<p class=\"article-p mdl\">12. Dom Bertrand<\/p>\n<p>            R\u00e9sultats du mardi 6 mai 2025 \u00e0 Chantilly<\/p>\n<p class=\"article-p mdl\">Le favori de RTL coince et termine avant-dernier. L\u2019outsider de RTL se classe 3e. La s\u00e9lection indique le Tierc\u00e9. <\/p>\n<p>    La r\u00e9daction vous recommande<\/p>\n<p class=\"s-newsletter__title\">\n                L\u2019actualit\u00e9 par la r\u00e9daction de RTL dans votre bo\u00eete mail.\n            <\/p>\n<p class=\"s-newsletter__subtitle\">\n                Gr\u00e2ce \u00e0 votre compte RTL abonnez-vous \u00e0 la newsletter RTL info pour suivre toute l&rsquo;actualit\u00e9 au quotidien\n            <\/p>\n<p>\n                                    Lire la suite\n                                <\/p>\n","protected":false},"excerpt":{"rendered":"Retrouvez les pronostics de Dominique Cordier pour le Quint\u00e9 du jeudi 8 mai 2025 \u00e0 Lyon-Parilly, le Grand&hellip;\n","protected":false},"author":2,"featured_media":3836,"comment_status":"","ping_status":"","sticky":false,"template":"","format":"standard","meta":{"footnotes":""},"categories":[1889],"tags":[1111,11,2430,2621,2622,2620,1777,674,107,2619,1011,27,2428,12,2623,25],"class_list":{"0":"post-82994","1":"post","2":"type-post","3":"status-publish","4":"format-standard","5":"has-post-thumbnail","7":"category-lyon","8":"tag-actu","9":"tag-actualites","10":"tag-auvergne-rhone-alpes","11":"tag-chevaux","12":"tag-courses","13":"tag-courses-de-trot","14":"tag-eu","15":"tag-europe","16":"tag-fil-info","17":"tag-fil-sport","18":"tag-fr","19":"tag-france","20":"tag-lyon","21":"tag-news","22":"tag-quinte","23":"tag-republique-francaise"},"share_on_mastodon":{"url":"https:\/\/pubeurope.com\/@fr\/114469003811885124","error":""},"_links":{"self":[{"href":"https:\/\/www.europesays.com\/fr\/wp-json\/wp\/v2\/posts\/82994","targetHints":{"allow":["GET"]}}],"collection":[{"href":"https:\/\/www.europesays.com\/fr\/wp-json\/wp\/v2\/posts"}],"about":[{"href":"https:\/\/www.europesays.com\/fr\/wp-json\/wp\/v2\/types\/post"}],"author":[{"embeddable":true,"href":"https:\/\/www.europesays.com\/fr\/wp-json\/wp\/v2\/users\/2"}],"replies":[{"embeddable":true,"href":"https:\/\/www.europesays.com\/fr\/wp-json\/wp\/v2\/comments?post=82994"}],"version-history":[{"count":0,"href":"https:\/\/www.europesays.com\/fr\/wp-json\/wp\/v2\/posts\/82994\/revisions"}],"wp:featuredmedia":[{"embeddable":true,"href":"https:\/\/www.europesays.com\/fr\/wp-json\/wp\/v2\/media\/3836"}],"wp:attachment":[{"href":"https:\/\/www.europesays.com\/fr\/wp-json\/wp\/v2\/media?parent=82994"}],"wp:term":[{"taxonomy":"category","embeddable":true,"href":"https:\/\/www.europesays.com\/fr\/wp-json\/wp\/v2\/categories?post=82994"},{"taxonomy":"post_tag","embeddable":true,"href":"https:\/\/www.europesays.com\/fr\/wp-json\/wp\/v2\/tags?post=82994"}],"curies":[{"name":"wp","href":"https:\/\/api.w.org\/{rel}","templated":true}]}}