{"id":830756,"date":"2026-03-28T14:42:16","date_gmt":"2026-03-28T14:42:16","guid":{"rendered":"https:\/\/www.europesays.com\/fr\/830756\/"},"modified":"2026-03-28T14:42:16","modified_gmt":"2026-03-28T14:42:16","slug":"benoit-payan-officiellement-reinstalle-maire-de-marseille-amine-kessaci-4e-adjoint","status":"publish","type":"post","link":"https:\/\/www.europesays.com\/fr\/830756\/","title":{"rendered":"Beno\u00eet Payan officiellement r\u00e9install\u00e9 maire de Marseille, Amine Kessaci 4e adjoint"},"content":{"rendered":"<p>\n    R\u00e9\u00e9lu, le maire de la cit\u00e9 phoc\u00e9enne a remis samedi l\u2019\u00e9charpe tricolore \u00e0 Amine Kessaci, le militant antinarcotrafic.<\/p>\n<p class=\"fig-paragraph\">Le maire de gauche de Marseille,\u00a0<a href=\"http:\/\/www.lefigaro.fr\/elections\/municipales\/municipales-2026-a-marseille-benoit-payan-remporte-la-mairie-face-au-rn-qui-realise-un-score-historique-20260323\" data-fig-type=\"NewsFlash\" data-gtm-custom-categorie=\"navigation\" data-gtm-custom-action=\"crossclick\" data-gtm-custom-label=\"Contextuel\" data-gtm-event=\"customEventSPE\" data-fig-domain=\"LEFIGARO\" rel=\"nofollow noopener\" target=\"_blank\">Beno\u00eet Payan<\/a>, a \u00e9t\u00e9 officiellement r\u00e9install\u00e9 samedi pour un nouveau mandat, avec le militant antinarcotrafic\u00a0<a href=\"http:\/\/www.lefigaro.fr\/marseille\/municipales-a-marseille-amine-kessaci-candidat-aux-cotes-de-benoit-payan-20260126\" data-fig-type=\"NewsFlash\" data-gtm-custom-categorie=\"navigation\" data-gtm-custom-action=\"crossclick\" data-gtm-custom-label=\"Contextuel\" data-gtm-event=\"customEventSPE\" data-fig-domain=\"LEFIGARO\" rel=\"nofollow noopener\" target=\"_blank\">Amine Kessaci<\/a>\u00a0comme 4e adjont, apr\u00e8s sa large victoire au second tour des \u00e9lections municipales.\u00a0<a href=\"http:\/\/www.lefigaro.fr\/elections\/municipales\/resultats-municipales-2026-a-marseille-benoit-payan-dvg-reelu-maire-selon-de-premieres-estimations-20260322\" data-fig-type=\"NewsFlash\" data-gtm-custom-categorie=\"navigation\" data-gtm-custom-action=\"crossclick\" data-gtm-custom-label=\"Contextuel\" data-gtm-event=\"customEventSPE\" data-fig-domain=\"LEFIGARO\" rel=\"nofollow noopener\" target=\"_blank\">Avec 54,34% des voix le 22 mars<\/a>, la coalition gauche-soci\u00e9t\u00e9 civile-\u00e9colos emmen\u00e9e par Beno\u00eet Payan a d\u00e9croch\u00e9 73 conseillers municipaux sur 111.<\/p>\n<p class=\"fig-paragraph\">En deuxi\u00e8me position avec 40,3%, la liste men\u00e9e par le candidat Rassemblement national Franck Allisio a obtenu 34 conseillers. Largement distanc\u00e9e avec 5,36%, la derni\u00e8re liste pr\u00e9sente au second tour, celle de la candidate de la droite et du centre Martine Vassal, n&rsquo;a que 4 conseillers. Le conseil municipal a ensuite proc\u00e9d\u00e9 \u00e0 l&rsquo;\u00e9lection des adjoints au maire, au nombre de 33, le maximum l\u00e9gal.<\/p>\n<p>                                            <a class=\"fig-a11y-skip\" href=\"#fig-a11y-skip-main-inarticle\" is=\"fig-a11y-skip\" data-trigger-mode=\"visible-once\"><br \/>\n    Passer la publicit\u00e9<br \/>\n<\/a>            <\/p>\n<p class=\"fig-paragraph\">Parmi ces adjoints, dont les attributions seront annonc\u00e9es ult\u00e9rieurement, figure en quatri\u00e8me position le militant antinarcotrafic Amine Kessaci, menac\u00e9 et sous protection polici\u00e8re jusque dans la salle du conseil. Mich\u00e8le Rubirola, \u00e9lue maire en 2020 avant de c\u00e9der quelques mois apr\u00e8s sa place \u00e0 Beno\u00eet Payan, est en deuxi\u00e8me position alors que Samia Ghali, dont le r\u00f4le a \u00e9t\u00e9 crucial dans le basculement \u00e0 gauche de la deuxi\u00e8me ville de France il y a six ans, est troisi\u00e8me, conservant le titre de \u00abmaire-adjointe\u00bb. \u00abDimanche dernier, les Marseillaises et les Marseillais se sont choisi un destin\u00bb, a d\u00e9clar\u00e9 Beno\u00eet Payan, qui s&rsquo;est pos\u00e9 pendant la campagne en unique rempart contre l&rsquo;extr\u00eame droite.<\/p>\n","protected":false},"excerpt":{"rendered":"R\u00e9\u00e9lu, le maire de la cit\u00e9 phoc\u00e9enne a remis samedi l\u2019\u00e9charpe tricolore \u00e0 Amine Kessaci, le militant antinarcotrafic.&hellip;\n","protected":false},"author":2,"featured_media":830757,"comment_status":"","ping_status":"","sticky":false,"template":"","format":"standard","meta":{"footnotes":"","_share_on_mastodon":"0"},"categories":[2814],"tags":[1111,11,426,427,422,423,1777,674,1011,27,418,424,425,420,421,884,12,419,316,882,429,25,428],"class_list":["post-830756","post","type-post","status-publish","format-standard","has-post-thumbnail","category-marseille","tag-actu","tag-actualites","tag-candidat","tag-candidats","tag-depute","tag-deputes","tag-eu","tag-europe","tag-fr","tag-france","tag-gouvernement","tag-institution","tag-institutions","tag-loi","tag-lois","tag-marseille","tag-news","tag-opposition","tag-politique","tag-provence-alpes-cote-dazur","tag-ps","tag-republique-francaise","tag-ump"],"share_on_mastodon":{"url":"https:\/\/pubeurope.com\/@fr\/116307331906741027","error":""},"_links":{"self":[{"href":"https:\/\/www.europesays.com\/fr\/wp-json\/wp\/v2\/posts\/830756","targetHints":{"allow":["GET"]}}],"collection":[{"href":"https:\/\/www.europesays.com\/fr\/wp-json\/wp\/v2\/posts"}],"about":[{"href":"https:\/\/www.europesays.com\/fr\/wp-json\/wp\/v2\/types\/post"}],"author":[{"embeddable":true,"href":"https:\/\/www.europesays.com\/fr\/wp-json\/wp\/v2\/users\/2"}],"replies":[{"embeddable":true,"href":"https:\/\/www.europesays.com\/fr\/wp-json\/wp\/v2\/comments?post=830756"}],"version-history":[{"count":0,"href":"https:\/\/www.europesays.com\/fr\/wp-json\/wp\/v2\/posts\/830756\/revisions"}],"wp:featuredmedia":[{"embeddable":true,"href":"https:\/\/www.europesays.com\/fr\/wp-json\/wp\/v2\/media\/830757"}],"wp:attachment":[{"href":"https:\/\/www.europesays.com\/fr\/wp-json\/wp\/v2\/media?parent=830756"}],"wp:term":[{"taxonomy":"category","embeddable":true,"href":"https:\/\/www.europesays.com\/fr\/wp-json\/wp\/v2\/categories?post=830756"},{"taxonomy":"post_tag","embeddable":true,"href":"https:\/\/www.europesays.com\/fr\/wp-json\/wp\/v2\/tags?post=830756"}],"curies":[{"name":"wp","href":"https:\/\/api.w.org\/{rel}","templated":true}]}}