{"id":83101,"date":"2025-05-07T23:52:10","date_gmt":"2025-05-07T23:52:10","guid":{"rendered":"https:\/\/www.europesays.com\/fr\/83101\/"},"modified":"2025-05-07T23:52:10","modified_gmt":"2025-05-07T23:52:10","slug":"previsions-du-jeudi-8-mai-2025-6","status":"publish","type":"post","link":"https:\/\/www.europesays.com\/fr\/83101\/","title":{"rendered":"pr\u00e9visions du jeudi 8 mai 2025"},"content":{"rendered":"<p>Une am\u00e9lioration est attendue dans la journ\u00e9e \u00e0 Bordeaux, o\u00f9 les nuages vont se dissiper. Les temp\u00e9ratures afficheront entre 10\u00b0C et 20\u00b0C. Un vent de nord-est soufflera un peu, avec 9 km\/h. Le matin, le mercure affichera 15\u00b0C en moyenne. L&rsquo;apr\u00e8s-midi, les valeurs seront comprises entre 16 et 20\u00b0C. Il fera 14\u00b0C en moyenne le soir. On s&rsquo;attend \u00e0 une nuit claire entre jeudi et vendredi.<\/p>\n<p>Demain, c&rsquo;est une hausse de quelques degr\u00e9s que vont enregistrer les temp\u00e9ratures dans la ville de Bordeaux. Les valeurs s&rsquo;\u00e9chelonneront entre 12 et 21\u00b0C. Un vent de nord-est rafra\u00eechira sensiblement l&rsquo;atmosph\u00e8re. Le matin, un important soleil brillera. On anticipe des valeurs avoisinant 15\u00b0C. Le ciel va quelque peu se d\u00e9gager dans l&rsquo;apr\u00e8s-midi avec des \u00e9claircies. Les temp\u00e9ratures vont conna\u00eetre une augmentation de plusieurs degr\u00e9s. Les maximales pourront atteindre 21\u00b0C et les minimales seront de 20\u00b0C. Il va faire en moyenne 17\u00b0C, demain soir.<\/p>\n<p>Le temps des journ\u00e9es suivantes va changer progressivement. Apr\u00e8s un temps stable samedi, la situation changera dimanche.<\/p>\n<p>La journ\u00e9e est feri\u00e9e aujourd&rsquo;hui sur l&rsquo;ensemble du pays, \u00e9tant donn\u00e9 que c&rsquo;est la date \u00e0 laquelle on comm\u00e9more la victoire de 1945.<\/p>\n","protected":false},"excerpt":{"rendered":"Une am\u00e9lioration est attendue dans la journ\u00e9e \u00e0 Bordeaux, o\u00f9 les nuages vont se dissiper. Les temp\u00e9ratures afficheront&hellip;\n","protected":false},"author":2,"featured_media":83102,"comment_status":"","ping_status":"","sticky":false,"template":"","format":"standard","meta":{"footnotes":""},"categories":[2817],"tags":[1111,11,3177,1997,1777,674,1011,27,2905,12,2219,2119,25],"class_list":{"0":"post-83101","1":"post","2":"type-post","3":"status-publish","4":"format-standard","5":"has-post-thumbnail","7":"category-bordeaux","8":"tag-actu","9":"tag-actualites","10":"tag-aquitaine","11":"tag-bordeaux","12":"tag-eu","13":"tag-europe","14":"tag-fr","15":"tag-france","16":"tag-gironde","17":"tag-news","18":"tag-nouvelle-aquitaine","19":"tag-previsions-meteo","20":"tag-republique-francaise"},"share_on_mastodon":{"url":"https:\/\/pubeurope.com\/@fr\/114469244032084307","error":""},"_links":{"self":[{"href":"https:\/\/www.europesays.com\/fr\/wp-json\/wp\/v2\/posts\/83101","targetHints":{"allow":["GET"]}}],"collection":[{"href":"https:\/\/www.europesays.com\/fr\/wp-json\/wp\/v2\/posts"}],"about":[{"href":"https:\/\/www.europesays.com\/fr\/wp-json\/wp\/v2\/types\/post"}],"author":[{"embeddable":true,"href":"https:\/\/www.europesays.com\/fr\/wp-json\/wp\/v2\/users\/2"}],"replies":[{"embeddable":true,"href":"https:\/\/www.europesays.com\/fr\/wp-json\/wp\/v2\/comments?post=83101"}],"version-history":[{"count":0,"href":"https:\/\/www.europesays.com\/fr\/wp-json\/wp\/v2\/posts\/83101\/revisions"}],"wp:featuredmedia":[{"embeddable":true,"href":"https:\/\/www.europesays.com\/fr\/wp-json\/wp\/v2\/media\/83102"}],"wp:attachment":[{"href":"https:\/\/www.europesays.com\/fr\/wp-json\/wp\/v2\/media?parent=83101"}],"wp:term":[{"taxonomy":"category","embeddable":true,"href":"https:\/\/www.europesays.com\/fr\/wp-json\/wp\/v2\/categories?post=83101"},{"taxonomy":"post_tag","embeddable":true,"href":"https:\/\/www.europesays.com\/fr\/wp-json\/wp\/v2\/tags?post=83101"}],"curies":[{"name":"wp","href":"https:\/\/api.w.org\/{rel}","templated":true}]}}