{"id":83180,"date":"2025-05-08T00:35:11","date_gmt":"2025-05-08T00:35:11","guid":{"rendered":"https:\/\/www.europesays.com\/fr\/83180\/"},"modified":"2025-05-08T00:35:11","modified_gmt":"2025-05-08T00:35:11","slug":"eurovision-2025-louane-senvole-pour-le-concours-voici-sa-place-dans-le-classement-des-favoris","status":"publish","type":"post","link":"https:\/\/www.europesays.com\/fr\/83180\/","title":{"rendered":"Eurovision 2025 : Louane s\u2019envole pour le concours, voici sa place dans le classement des favoris"},"content":{"rendered":"<p><strong>L&rsquo;Eurovision 2025, c&rsquo;est parti<\/strong> ! Le samedi 17 mai 2025, <a href=\"https:\/\/www.public.fr\/louane-a-leurovision-celine-dion-lui-vole-la-vedette\" target=\"_blank\" rel=\"noopener\">Louane repr\u00e9sentera la France<\/a> au Concours Eurovision de la chanson depuis B\u00e2le, o\u00f9 elle tentera de faire aussi bien que Barbara Pravi et Slimane, avec son titre in\u00e9dit Maman, suite donn\u00e9e \u00e0 la chanson \u00e9ponyme qu&rsquo;elle avait sortie il y a dix ans.<\/p>\n<p>Ce mercredi 7 mai, jour du <strong>50e anniversaire de la victoire de Marie Myriam<\/strong> \u00e0 l&rsquo;Eurovision, Louane et les \u00e9quipes de la d\u00e9l\u00e9gation fran\u00e7aise se sont envol\u00e9es pour la Suisse. Dans dix jours, la chanteuse et m\u00e8re de la petite Esm\u00e9e <strong>va tout donner pour rendre hommage \u00e0 sa maman<\/strong>, <a href=\"https:\/\/vsd.fr\/75470-louane-cette-question-inattendue-que-lui-a-pose-sa-mere-avant-de-mourir\/\" target=\"_blank\" rel=\"noopener\">emport\u00e9e par un cancer il y a dix ans<\/a>, et qui se r\u00e9v\u00e9lait \u00eatre une tr\u00e8s grande fan de l&rsquo;Eurovision.<\/p>\n<blockquote class=\"twitter-tweet\" data-width=\"500\" data-dnt=\"true\">\n<p lang=\"fr\" dir=\"ltr\">Pour Louane, l&rsquo;<a href=\"https:\/\/twitter.com\/hashtag\/Eurovision?src=hash&amp;ref_src=twsrc%5Etfw\" target=\"_blank\" rel=\"noopener\">#Eurovision<\/a> prend un nouveau tournant la chanteuse est en partance pour B\u00e2le afin de se pr\u00e9parer pour la finale du concours, qui se d\u00e9roulera dans dix jours. <a href=\"https:\/\/t.co\/Ek4E3Q1ZJH\">pic.twitter.com\/Ek4E3Q1ZJH<\/a><\/p>\n<p>\u2014 NEWS TV R\u00c9AL (@NewsTVReal) <a href=\"https:\/\/twitter.com\/NewsTVReal\/status\/1920146103883694587?ref_src=twsrc%5Etfw\" target=\"_blank\" rel=\"noopener\">May 7, 2025<\/a><\/p><\/blockquote>\n<p>Louane class\u00e9e 3e par les experts de l&rsquo;Eurovision<\/p>\n<p>Sur Instagram, Louane, <strong>Alexandra Redde-Amiel<\/strong> ou encore Fred Valencak partagent les photos de leur arriv\u00e9e \u00e0 B\u00e2le. Enthousiastes, le seront-ils encore dans deux semaines ? Pour l&rsquo;heure, les bookmakers restent optimistes. La chanteuse reste sur le podium, <strong>mais loin derri\u00e8re la Su\u00e8de et l&rsquo;Autriche<\/strong>, qui semblent largement favorites. Les bookmakers estiment ses chances de l&#8217;emporter <strong>\u00e0 7%<\/strong>, et la classent ainsi en troisi\u00e8me position, juste devant l&rsquo;Isra\u00ebl, qui fait face \u00e0 une vive pol\u00e9mique <a href=\"https:\/\/www.public.fr\/eurovision-2025-la-zarra-et-71-anciens-du-concours-demandent-lexclusion-disrael\" target=\"_blank\" rel=\"noopener\">\u00e0 laquelle se sont m\u00eal\u00e9s Jessy Matador et La Zarra<\/a>.<\/p>\n<p>Si Louane parvient \u00e0 se classer troisi\u00e8me.\u00e0 l&rsquo;Eurovision, elle fera aussi bien que Slimane, qui \u00e9tait parvenu \u00e0 cr\u00e9er la surprise l&rsquo;an dernier avec Mon amour. <strong>Barbara Pravi d\u00e9tient pour l&rsquo;heure le record depuis Marie Myriam<\/strong>, en \u00e9tant arriv\u00e9e en deuxi\u00e8me position en 2021 avec Voil\u00e0. En 2022, la France essuyait un \u00e9norme \u00e9chec avec le duo breton Alvan et Ahez, depuis retomb\u00e9 dans l&rsquo;anonymat. En 2023, c&rsquo;\u00e9tait la d\u00e9culott\u00e9e pour La Zarra, qui essuyait <a href=\"https:\/\/www.public.fr\/la-zarra-accuse-t-elle-la-cheffe-de-l-eurovision-de-racisme-elle-m-a-demande-de-me-teindre-en-blonde-pour-faire-moins-arabe\" target=\"_blank\" rel=\"noopener\">un \u00e9norme \u00e9chec sur fond de pol\u00e9mique<\/a> avec son tube \u00c9videmment. Alors<strong>, quels sont vos paris ?<\/strong> Pour avoir la r\u00e9ponse, il faudra attendre encore dix jours&#8230;<\/p>\n<p>      Mentionn\u00e9s dans cet article<\/p>\n<p>\u00c0 lire aussi<\/p>\n<p><script async src=\"https:\/\/platform.twitter.com\/widgets.js\" charset=\"utf-8\"><\/script><\/p>\n","protected":false},"excerpt":{"rendered":"L&rsquo;Eurovision 2025, c&rsquo;est parti ! Le samedi 17 mai 2025, Louane repr\u00e9sentera la France au Concours Eurovision de&hellip;\n","protected":false},"author":2,"featured_media":83181,"comment_status":"","ping_status":"","sticky":false,"template":"","format":"standard","meta":{"footnotes":""},"categories":[8],"tags":[5551,903,8753,58,59,1011,27,2400,594,4501],"class_list":{"0":"post-83180","1":"post","2":"type-post","3":"status-publish","4":"format-standard","5":"has-post-thumbnail","7":"category-divertissement","8":"tag-chanson-francaise","9":"tag-concours","10":"tag-concours-eurovision-de-la-chanson","11":"tag-divertissement","12":"tag-entertainment","13":"tag-fr","14":"tag-france","15":"tag-france-televisions","16":"tag-france-2","17":"tag-louane"},"share_on_mastodon":{"url":"https:\/\/pubeurope.com\/@fr\/114469413100733326","error":""},"_links":{"self":[{"href":"https:\/\/www.europesays.com\/fr\/wp-json\/wp\/v2\/posts\/83180","targetHints":{"allow":["GET"]}}],"collection":[{"href":"https:\/\/www.europesays.com\/fr\/wp-json\/wp\/v2\/posts"}],"about":[{"href":"https:\/\/www.europesays.com\/fr\/wp-json\/wp\/v2\/types\/post"}],"author":[{"embeddable":true,"href":"https:\/\/www.europesays.com\/fr\/wp-json\/wp\/v2\/users\/2"}],"replies":[{"embeddable":true,"href":"https:\/\/www.europesays.com\/fr\/wp-json\/wp\/v2\/comments?post=83180"}],"version-history":[{"count":0,"href":"https:\/\/www.europesays.com\/fr\/wp-json\/wp\/v2\/posts\/83180\/revisions"}],"wp:featuredmedia":[{"embeddable":true,"href":"https:\/\/www.europesays.com\/fr\/wp-json\/wp\/v2\/media\/83181"}],"wp:attachment":[{"href":"https:\/\/www.europesays.com\/fr\/wp-json\/wp\/v2\/media?parent=83180"}],"wp:term":[{"taxonomy":"category","embeddable":true,"href":"https:\/\/www.europesays.com\/fr\/wp-json\/wp\/v2\/categories?post=83180"},{"taxonomy":"post_tag","embeddable":true,"href":"https:\/\/www.europesays.com\/fr\/wp-json\/wp\/v2\/tags?post=83180"}],"curies":[{"name":"wp","href":"https:\/\/api.w.org\/{rel}","templated":true}]}}