{"id":83212,"date":"2025-05-08T00:54:15","date_gmt":"2025-05-08T00:54:15","guid":{"rendered":"https:\/\/www.europesays.com\/fr\/83212\/"},"modified":"2025-05-08T00:54:15","modified_gmt":"2025-05-08T00:54:15","slug":"fusillade-a-rennes-apres-les-tirs-a-villejean-trois-jeunes-de-19-a-21-ans-mis-en-examen-et-incarceres","status":"publish","type":"post","link":"https:\/\/www.europesays.com\/fr\/83212\/","title":{"rendered":"Fusillade \u00e0 Rennes\u00a0: apr\u00e8s les tirs \u00e0 Villejean, trois jeunes de 19 \u00e0 21 ans mis en examen et incarc\u00e9r\u00e9s"},"content":{"rendered":"<p>\u00c0 l\u2019issue de 96 h de garde \u00e0 vue, le juge des libert\u00e9s et de la d\u00e9tention (JLD) a d\u00e9cid\u00e9, ce mercredi 7 mai, d\u2019incarc\u00e9rer <a href=\"https:\/\/www.letelegramme.fr\/ille-et-vilaine\/rennes-35000\/fusillade-a-rennes-trois-jeunes-majeurs-de-19-a-21-ans-en-garde-a-vue-6810760.php\" target=\"_blank\" rel=\"nofollow noopener\">trois hommes de 19 \u00e0 21 ans<\/a> soup\u00e7onn\u00e9s d\u2019avoir particip\u00e9 \u00e0 la fusillade survenue samedi soir dans le quartier de Villejean, \u00e0 Rennes, d\u2019apr\u00e8s un communiqu\u00e9 du parquet.<\/p>\n<p>Ce mercredi, une information judiciaire a \u00e9t\u00e9 ouverte et les trois individus ont \u00e9t\u00e9 mis en examen pour tentative de meurtre en bande organis\u00e9e (crime), association de malfaiteurs en vue de la pr\u00e9paration d\u2019un crime, recel de vol, violences volontaires aggrav\u00e9es par trois circonstances suivies d\u2019incapacit\u00e9 n\u2019exc\u00e9dant pas huit jours, d\u00e9gradation du bien d\u2019autrui par un moyen dangereux pour les personnes en bande organis\u00e9e, refus d\u2019obtemp\u00e9rer aggrav\u00e9 par la mise en danger d\u2019autrui et d\u00e9lit de fuite.<\/p>\n<p>Mis en examen pour plusieurs chefs d\u2019inculpation<\/p>\n<p>Arr\u00eat\u00e9s dans le cimeti\u00e8re de Saint-Gr\u00e9goire par la police, samedi 3 mai vers 20 h, ces individus sont suspect\u00e9s <a href=\"https:\/\/www.letelegramme.fr\/ille-et-vilaine\/rennes-35000\/une-nouvelle-fusillade-dans-le-quartier-de-villejean-6810599.php\" target=\"_blank\" rel=\"nofollow noopener\">d\u2019avoir ouvert le feu quelques minutes avant leur interpellation sur un point de deal rue du Nivernais<\/a>. Une dizaine de coups de feu avaient \u00e9t\u00e9 tir\u00e9s, blessant deux personnes aux jambes. Une troisi\u00e8me avait \u00e9t\u00e9 frapp\u00e9e par les assaillants. Les victimes, des mineurs \u00e2g\u00e9s de 16 \u00e0 17 ans, avaient \u00e9t\u00e9 hospitalis\u00e9es. L\u2019arme probablement utilis\u00e9e, de type kalachnikov, avait \u00e9t\u00e9 retrouv\u00e9e sur l\u2019itin\u00e9raire de fuite.<\/p>\n<p>La Juridiction interr\u00e9gionale sp\u00e9cialis\u00e9e (Jirs) de Rennes, sp\u00e9cialis\u00e9e dans la criminalit\u00e9 organis\u00e9e, a \u00e9t\u00e9 saisie de l\u2019enqu\u00eate. Depuis d\u00e9cembre 2024, le quartier de Villejean a connu sept \u00e9pisodes de tirs. Selon nos informations, une organisation parisienne cherche \u00e0 s\u2019approprier le juteux march\u00e9 de la drogue qui se d\u00e9roule dans le quartier de Villejean \u00e0 Rennes.\ufeff Le 17 avril, une fusillade avait d\u00e9j\u00e0 eu lieu sur la dalle de Villejean. Les assaillants avaient ouvert le feu dans le fast-food Subway o\u00f9 se trouvaient Charles Compagnon et Nicolas Boucher, deux \u00e9lus d\u2019opposition.<\/p>\n<p>Les trois suspects incarc\u00e9r\u00e9s ce mercredi sont tous connus de la justice, et deux d\u2019entre eux sont en r\u00e9cidive.<\/p>\n<p>\u00c0 noter que parmi les assaillants pr\u00e9sum\u00e9s, l\u2019un d\u2019eux avait d\u00e9j\u00e0 \u00e9t\u00e9 interpell\u00e9 le 25 avril, \u00e0 bord d\u2019un v\u00e9hicule signal\u00e9 vol\u00e9, dans lequel avait \u00e9t\u00e9 saisie une arme de poing. Mais il avait \u00e9t\u00e9 lib\u00e9r\u00e9 \u00e0 l\u2019issue de sa garde \u00e0 vue \u00ab pour permettre \u00e0 l\u2019enqu\u00eate de se poursuivre, le magistrat ayant requis des analyses balistiques et ADN \u00bb, justifie le parquet.<\/p>\n","protected":false},"excerpt":{"rendered":"\u00c0 l\u2019issue de 96 h de garde \u00e0 vue, le juge des libert\u00e9s et de la d\u00e9tention (JLD)&hellip;\n","protected":false},"author":2,"featured_media":83213,"comment_status":"","ping_status":"","sticky":false,"template":"","format":"standard","meta":{"footnotes":""},"categories":[2821],"tags":[1111,11,829,765,1777,674,118,3383,1011,27,12,584,25],"class_list":{"0":"post-83212","1":"post","2":"type-post","3":"status-publish","4":"format-standard","5":"has-post-thumbnail","7":"category-rennes","8":"tag-actu","9":"tag-actualites","10":"tag-bretagne","11":"tag-en-continu","12":"tag-eu","13":"tag-europe","14":"tag-faits-divers","15":"tag-faits-divers-a-rennes","16":"tag-fr","17":"tag-france","18":"tag-news","19":"tag-rennes","20":"tag-republique-francaise"},"share_on_mastodon":{"url":"https:\/\/pubeurope.com\/@fr\/114469487952049516","error":""},"_links":{"self":[{"href":"https:\/\/www.europesays.com\/fr\/wp-json\/wp\/v2\/posts\/83212","targetHints":{"allow":["GET"]}}],"collection":[{"href":"https:\/\/www.europesays.com\/fr\/wp-json\/wp\/v2\/posts"}],"about":[{"href":"https:\/\/www.europesays.com\/fr\/wp-json\/wp\/v2\/types\/post"}],"author":[{"embeddable":true,"href":"https:\/\/www.europesays.com\/fr\/wp-json\/wp\/v2\/users\/2"}],"replies":[{"embeddable":true,"href":"https:\/\/www.europesays.com\/fr\/wp-json\/wp\/v2\/comments?post=83212"}],"version-history":[{"count":0,"href":"https:\/\/www.europesays.com\/fr\/wp-json\/wp\/v2\/posts\/83212\/revisions"}],"wp:featuredmedia":[{"embeddable":true,"href":"https:\/\/www.europesays.com\/fr\/wp-json\/wp\/v2\/media\/83213"}],"wp:attachment":[{"href":"https:\/\/www.europesays.com\/fr\/wp-json\/wp\/v2\/media?parent=83212"}],"wp:term":[{"taxonomy":"category","embeddable":true,"href":"https:\/\/www.europesays.com\/fr\/wp-json\/wp\/v2\/categories?post=83212"},{"taxonomy":"post_tag","embeddable":true,"href":"https:\/\/www.europesays.com\/fr\/wp-json\/wp\/v2\/tags?post=83212"}],"curies":[{"name":"wp","href":"https:\/\/api.w.org\/{rel}","templated":true}]}}