{"id":83214,"date":"2025-05-08T00:55:28","date_gmt":"2025-05-08T00:55:28","guid":{"rendered":"https:\/\/www.europesays.com\/fr\/83214\/"},"modified":"2025-05-08T00:55:28","modified_gmt":"2025-05-08T00:55:28","slug":"le-pelpass-festival-revient-faire-danser-strasbourg","status":"publish","type":"post","link":"https:\/\/www.europesays.com\/fr\/83214\/","title":{"rendered":"le Pelpass Festival revient faire danser Strasbourg"},"content":{"rendered":"<p><b>Avec ses nombreux jours f\u00e9ri\u00e9s, mai a de quoi se faire appr\u00e9cier. Parmi ses ponts : celui de l\u2019Ascension, qui promet \u00e0 Strasbourg 4 jours de bon son, avec le retour du Pelpass Festival du 29 mai au 1er juin ! Ce \u00ab festival de d\u00e9couvertes \u00bb musicales replante ses chapiteaux dans les pelouses du Jardin des Deux Rives, pour une \u00e9dition toujours plus festive : une cinquantaine de concerts et DJ sets pour bien user tes baskets !<\/b><\/p>\n<p>Si le Pelpass Festival de l\u2019an pass\u00e9e a \u00e9t\u00e9 plus que mouill\u00e9, avec autant de flaques que de glissades recens\u00e9es, esp\u00e9rons que celle de ce printemps ne soit pas plus troubl\u00e9e qu\u2019elle ne l\u2019a d\u00e9j\u00e0 \u00e9t\u00e9 en ce d\u00e9but d\u2019ann\u00e9e.<\/p>\n<p>Alors qu\u2019elle devait annoncer le contenu de son prochain festival lors d\u2019un \u00ab\u00a0ap\u00e9ro d\u00e9couverte de programmation\u00a0\u00bb le mercredi 26 f\u00e9vrier, l\u2019association Pelpass a d\u00fb annuler l\u2019\u00e9v\u00e9nement. Quelques jours plus tard (le 6 mars), <b>un communiqu\u00e9 sur leurs r\u00e9seaux en expliquera la cause\u00a0: un cas de VHSS [violences et harc\u00e8lements sexistes et sexuel(le)s] \u00e0 traiter en interne<\/b>.<\/p>\n<p>Apr\u00e8s entretien avec l\u2019\u00e9quipe organisatrice, il a \u00e9t\u00e9 transmis \u00e0 la r\u00e9daction de Pokaa que <b>Pelpass est accompagn\u00e9e par DBSP et le Planning familial pour la sensibilisation et le traitement des VHSS, et qu\u2019un protocole a \u00e9t\u00e9 suivi.<\/b> Rappelant aussi que l\u2019association est dans une d\u00e9marche de non-invisibilisation de ces violences, ainsi que la cr\u00e9ation et d\u00e9fense d\u2019<b>espaces bienveillants<\/b>.<\/p>\n<p>    <img width=\"800\" height=\"532\" src=\"https:\/\/www.europesays.com\/fr\/wp-content\/uploads\/2025\/05\/240527-pka-pelpass-2024-74-800x532.jpg\" class=\"attachment-image-size-L size-image-size-L\" alt=\"Pelpass 2024 festival musique f\u00eate printemps artistes\" decoding=\"async\" loading=\"lazy\"  \/>         Pelpass Festival 2024 \u00a9 Adrien Labit \/ Pokaa <\/p>\n<p>Malgr\u00e9 ce triste \u00e9v\u00e9nement qui l\u2019a secou\u00e9e en interne, Pelpass ne se laisse pas d\u00e9monter\u2026 Et revient tout de m\u00eame ce printemps, pour <b>une huiti\u00e8me \u00e9dition toujours plus curieuse et festive au Jardin des Deux Rives. <\/b>Le festival y replantera ses chapiteaux <b>du jeudi 29 mai au dimanche 1er juin<\/b>.<\/p>\n<p>Mais qu\u2019attendre de cette programmation 2025, en plus d\u2019une m\u00e9t\u00e9o plus cl\u00e9mente que l\u2019an pass\u00e9 ?<\/p>\n<p>                <img width=\"752\" height=\"500\" src=\"https:\/\/www.europesays.com\/fr\/wp-content\/uploads\/2025\/05\/240527-pka-pelpass-2024-33-752x500.jpg\" class=\"attachment-gallery size-gallery\" alt=\"Pelpass 2024 festival musique f\u00eate printemps artistes\" data-full-url=\"https:\/\/pokaa.fr\/wp-content\/uploads\/2024\/05\/27\/240527-pka-pelpass-2024-33.jpg\" decoding=\"async\" loading=\"lazy\"  \/>            <\/p>\n<p>                <img width=\"750\" height=\"500\" src=\"https:\/\/www.europesays.com\/fr\/wp-content\/uploads\/2025\/05\/240527-pka-pelpass-2024-17-750x500.jpg\" class=\"attachment-gallery size-gallery\" alt=\"Pelpass 2024 festival musique f\u00eate printemps artistes\" data-full-url=\"https:\/\/pokaa.fr\/wp-content\/uploads\/2024\/05\/27\/240527-pka-pelpass-2024-17.jpg\" decoding=\"async\" loading=\"lazy\"  \/>            <\/p>\n<p>                <img width=\"752\" height=\"500\" src=\"https:\/\/www.europesays.com\/fr\/wp-content\/uploads\/2025\/05\/230518-pka-pelpass-j2-23-752x500.jpg\" class=\"attachment-gallery size-gallery\" alt=\"Pelpass Festival Musique Concert Jardin des deux Rives\" data-full-url=\"https:\/\/pokaa.fr\/wp-content\/uploads\/2023\/05\/230518-pka-pelpass-j2-23.jpg\" decoding=\"async\" loading=\"lazy\"  \/>            <\/p>\n<p>                    Pelpass Festival (2024 et 2023) \u00a9 Adrien Labit \/ Pokaa<\/p>\n<p>\u00c0 l&rsquo;affiche\u00a0: une cinquantaine de concerts et DJ sets<\/p>\n<p>\u00c0 l\u2019affiche\u00a0? Pas mal de d\u00e9conne, de musique exp\u00e9\u2019 et des talents \u00e9mergents ou confirm\u00e9s d\u2019ici ou d\u2019ailleurs\u00a0: la recette Pelpass qui s\u00e9duit chaque ann\u00e9e.<\/p>\n<p>    <img width=\"800\" height=\"533\" src=\"https:\/\/www.europesays.com\/fr\/wp-content\/uploads\/2025\/05\/1746665714_825_240527-pka-pelpass-2024-79-800x533.jpg\" class=\"attachment-image-size-L size-image-size-L\" alt=\"Pelpass 2024 festival musique f\u00eate printemps artistes\" decoding=\"async\" loading=\"lazy\"  \/>         Pelpass Festival 2025 \u00a9 Adrien Labit \/ Pokaa <\/p>\n<p>                <img width=\"750\" height=\"500\" src=\"https:\/\/www.europesays.com\/fr\/wp-content\/uploads\/2025\/05\/240527-pka-pelpass-2024-61-750x500.jpg\" class=\"attachment-gallery size-gallery\" alt=\"Pelpass 2024 festival musique f\u00eate printemps artistes\" data-full-url=\"https:\/\/pokaa.fr\/wp-content\/uploads\/2024\/05\/27\/240527-pka-pelpass-2024-61.jpg\" decoding=\"async\" loading=\"lazy\"  \/>            <\/p>\n<p>                <img width=\"752\" height=\"500\" src=\"https:\/\/www.europesays.com\/fr\/wp-content\/uploads\/2025\/05\/240527-pka-pelpass-2024-50-752x500.jpg\" class=\"attachment-gallery size-gallery\" alt=\"Pelpass 2024 festival musique f\u00eate printemps artistes\" data-full-url=\"https:\/\/pokaa.fr\/wp-content\/uploads\/2024\/05\/27\/240527-pka-pelpass-2024-50.jpg\" decoding=\"async\" loading=\"lazy\"  \/>            <\/p>\n<p>                    Pelpass Festival 2024 \u00a9 Adrien Labit \/ Pokaa<\/p>\n<p>Et les choses (pas si) s\u00e9rieuses commencent <b>d\u00e8s le jeudi de l\u2019Ascension (le 29 mai) avec un d\u00e9part d\u00e8s 16h<\/b>. On pense au \u00ab\u00a0Power trio fantasque \u00e0 la truffe taquine\u00a0\u00bb <b>assis\/\/M\u00c9TRIQUE<\/b> (\u00ab\u00a0rock exp\u00e9-acoustico-zinzin\u00a0\u00bb), ou<b> les <\/b><b>\u00ab\u00a0chansons sans complexes\u00a0\u00bb <\/b><b>de Picon Mon Amour<\/b>, le \u00ab\u00a0set \u00e9lectro jou\u00e9 en live [\u2026] [et les] vid\u00e9os tweak\u00e9es en direct sur des vieilles t\u00e9l\u00e9s cathodiques\u00a0\u00bb de<b> Trifouille 1er<\/b>, sans oublier<b> la <\/b><b>\u00ab\u00a0techno transversale\u00a0\u00bb<\/b><b> du singulier Jacques<\/b>.<\/p>\n<p>Et puis, de la pop avec <b>Satine<\/b>, du rap avec <b>Peet<\/b> puis rap \u00e9lectro avec <b>Kaba et Hyas<\/b> ou <b>Lynx IRL<\/b>.<b> De Strasbourg, le collectif Spectr <\/b>(bass music), et pas mal de Canadien(ne)s\u00a0: <b>Choses Sauvages<\/b> (dance punk), <b>DVTR<\/b> (musique rapide qu\u00e9becoise), <b>Etienne Dufresnes<\/b> (pop\/folk) ou <b>tha\u00efs<\/b> (pop \u00e9lectro).<\/p>\n<p>                <img width=\"752\" height=\"500\" src=\"https:\/\/www.europesays.com\/fr\/wp-content\/uploads\/2025\/05\/240527-pka-pelpass-2024-65-752x500.jpg\" class=\"attachment-gallery size-gallery\" alt=\"Pelpass 2024 festival musique f\u00eate printemps artistes\" data-full-url=\"https:\/\/pokaa.fr\/wp-content\/uploads\/2024\/05\/27\/240527-pka-pelpass-2024-65.jpg\" decoding=\"async\" loading=\"lazy\"  \/>            <\/p>\n<p>                <img width=\"750\" height=\"500\" src=\"https:\/\/www.europesays.com\/fr\/wp-content\/uploads\/2025\/05\/240527-pka-pelpass-2024-60-750x500.jpg\" class=\"attachment-gallery size-gallery\" alt=\"Pelpass 2024 festival musique f\u00eate printemps artistes\" data-full-url=\"https:\/\/pokaa.fr\/wp-content\/uploads\/2024\/05\/27\/240527-pka-pelpass-2024-60.jpg\" decoding=\"async\" loading=\"lazy\"  \/>            <\/p>\n<p>                <img width=\"750\" height=\"500\" src=\"https:\/\/www.europesays.com\/fr\/wp-content\/uploads\/2025\/05\/240527-pka-pelpass-2024-57-750x500.jpg\" class=\"attachment-gallery size-gallery\" alt=\"Pelpass 2024 festival musique f\u00eate printemps artistes\" data-full-url=\"https:\/\/pokaa.fr\/wp-content\/uploads\/2024\/05\/27\/240527-pka-pelpass-2024-57.jpg\" decoding=\"async\" loading=\"lazy\"  \/>            <\/p>\n<p>                    Pelpass Festival 2024 \u00a9 Adrien Labit \/ Pokaa<\/p>\n<p>Le lendemain, Pelpass continue les m\u00e9langes de genre et invite <b>le <\/b><b>\u00ab\u00a0prince fran\u00e7ais du voguing\u00a0\u00bb <\/b><b>Kiddy Smile <\/b>ainsi que <b>Goodbye Karelle<\/b> (alternative folk, Canada) ou <b>Luiza<\/b> (pop \u00e9lectro), <b>Mairo<\/b> (rap), le trio \u00e9lectro de <b>Roszalie<\/b>, <b>les Strasbourgeois(es) de Pales<\/b> (indus post punk), <b>Knives<\/b> (post-punk, Royaume-Uni) et <b>Tiss+<\/b> qui nous livrera son \u00ab\u00a0Jazz House dansant \u00e0 souhait\u00a0\u00bb.<\/p>\n<p>Mais aussi <b>le duo queer n\u00e9erlandais Lionstorm au <\/b><b>\u00ab\u00a0style clownesque agressif\u00a0\u00bb<\/b><b> <\/b>qui surfe \u00ab\u00a0entre horrorcore, reggaeton et metal industriel\u00a0\u00bb, <b>Snailmate<\/b> venu(e)s des States pour livrer leur musique \u00e0 la fronti\u00e8re du \u00ab\u00a0synthpunk, de la pop grindcore et du rap nerd\u00a0\u00bb et le duo franco-isra\u00e9lien <b>Winter Family <\/b>de \u00ab\u00a0Punk Spoken Electronic\u00a0\u00bb.<\/p>\n<\/p>\n<p>Pour agiter la Militente, <b>Pelpass laisse carte blanche au collectif strasbourgeois Longevity <\/b>pour c\u00e9l\u00e9brer ses dix ans. Pour ce \u00ab\u00a0TakeOver\u00a0\u00bb, ce dernier enverra <b>Funky Monk aka Vigo<\/b> (son cofondateur) et <b>Marina Trench<\/b> en \u00ab\u00a0special guest\u00a0\u00bb pour \u00ab\u00a0un voyage sonore m\u00ealant house, \u00e9lectro, garage et techno\u00a0\u00bb.<\/p>\n<p>    <img width=\"800\" height=\"532\" src=\"https:\/\/www.europesays.com\/fr\/wp-content\/uploads\/2025\/05\/230518-pka-pelpass-j2-18-800x532.jpg\" class=\"attachment-image-size-L size-image-size-L\" alt=\"Pelpass Festival Musique Concert Jardin des deux Rives\" decoding=\"async\" loading=\"lazy\"  \/>         Pelpass Festival 2024 \u00a9 Adrien Labit \/ Pokaa <\/p>\n<p><b>Samedi, on repartira de plus belle avec Asfar Shamsi<\/b> (pop rap), <b>UTO<\/b> (\u00ab\u00a0Pop de la nuit et trip-hop du jour\u00a0\u00bb), <b>Kerou\u00e9<\/b> (rap), la franco-cor\u00e9enne <b>Miki<\/b> (pop), <b>Ouai St\u00e9phane <\/b>(\u00e9lectro DIY), un DJ set de <b>P\u00f6<\/b> (kuduro dancehall), <b>Th\u00e9r\u00e8se<\/b> (hyperpop \/ pop alternative)\u2026<\/p>\n<p>Et puis\u00a0:<b> La Ganga Cal\u00e9 <\/b>(salsa), <b>la <\/b><b>\u00ab\u00a0fanfare rock\u2019n\u2019roll\u00a0\u00bb <\/b><b>de Menace D\u2019\u00c9claircie<\/b>, les Am\u00e9ricain(e)s de <b>TVOD<\/b> (post-punk), le curieux <b>VioleTT Pi<\/b> (et son \u00ab\u00a0\u00e9lectro-aimant\u00a0\u00bb venu du Canada), <b>KRAK<\/b> (\u00ab\u00a0tourbillon de piraterie musicale compos\u00e9 de six musicien\u00b7nes\u00a0\u00bb), et <a href=\"https:\/\/pokaa.fr\/2025\/04\/09\/duo-strasbourgeois-avec-la-fin-de-lhiver-2-artistes-chantent-la-fin-dune-histoire-damour\/\" target=\"_blank\" rel=\"noopener\"><b>la Strasbourgeoise Mau<\/b> (chanson pop)<\/a>.<\/p>\n<p>Ou encore <b>Sami Galbi <\/b>dont le \u00ab\u00a0set live fait aussi bien le pont entre l\u2019esprit d\u2019un rock the Casbah que d\u2019un bon vieux dub maghr\u00e9bin des late 90\u2019s\u00a0\u00bb\u00a0; et l\u2019Argentine <b>Chocolate Remix <\/b>(autrice d\u2019un hymne de la lutte contre les violences faites aux femmes et <b>nomm\u00e9e par la BBC parmi les 100 femmes les plus innovantes et inspirantes du monde<\/b>).<\/p>\n<\/p>\n<p>Plus petite journ\u00e9e du festival, le dimanche cl\u00f4t le week-end avec douceur, aux c\u00f4t\u00e9s de <b>L\u00e9onie Pernet <\/b>(pop), <b>Nectar Woode<\/b> (soul), <b>The White Bats <\/b>(soul), le duo \u00e0 fleur de peau <b>Terrenoire<\/b> (pop), ou <b>Kowari<\/b> (electro organique).<\/p>\n<p>Et puis, des musiques m\u00e9tiss\u00e9es qui nous feront voyager. Avec <b>Ariel Tintar<\/b> (chanson pop cr\u00e9ole),<b> Jo\u00e3o Selva<\/b> (\u00ab\u00a0l\u2019un des meilleurs ambassadeurs de la <b>musique br\u00e9silienne<\/b>\u00a0\u00bb),<b> BIM<\/b> (rock afro) dont \u00ab\u00a0chaque prestation est <b>une c\u00e9r\u00e9monie contemporaine<\/b>, une exp\u00e9rience rare \u00e0 ne surtout pas manquer\u00a0\u00bb.<\/p>\n<p>Ainsi que <b>Curse Ov Dialect <\/b>qui \u00ab\u00a0entrem\u00eale des<b> sons traditionnels aborig\u00e8nes<\/b>, des riffs \u00abrock\u00bb, entre autres musiques orientales, tout autant qu\u2019exp\u00e9rimentales, et d\u00e9licieusement mix\u00e9es \u00e0 toutes les sauces \u00ab\u00e9lectro\u00a0\u00bb\u00a0\u00bb. Ou <b>La Mal Coiff\u00e9e<\/b> (polyphonie occitane qui \u00ab\u00a0reprend la parole contre toutes les dominations, coloniales, nationales, \u00e9conomiques, m\u00e9diatiques\u00a0\u00bb).<\/p>\n<p>                <img width=\"333\" height=\"500\" src=\"https:\/\/www.europesays.com\/fr\/wp-content\/uploads\/2025\/05\/240527-pka-pelpass-2024-67-333x500.jpg\" class=\"attachment-gallery size-gallery\" alt=\"Pelpass 2024 festival musique f\u00eate printemps artistes\" data-full-url=\"https:\/\/pokaa.fr\/wp-content\/uploads\/2024\/05\/27\/240527-pka-pelpass-2024-67.jpg\" decoding=\"async\" loading=\"lazy\"  \/>            <\/p>\n<p>                <img width=\"333\" height=\"500\" src=\"https:\/\/www.europesays.com\/fr\/wp-content\/uploads\/2025\/05\/240527-pka-pelpass-2024-71-333x500.jpg\" class=\"attachment-gallery size-gallery\" alt=\"Pelpass 2024 festival musique f\u00eate printemps artistes\" data-full-url=\"https:\/\/pokaa.fr\/wp-content\/uploads\/2024\/05\/27\/240527-pka-pelpass-2024-71.jpg\" decoding=\"async\" loading=\"lazy\"  \/>            <\/p>\n<p>                <img width=\"752\" height=\"500\" src=\"https:\/\/www.europesays.com\/fr\/wp-content\/uploads\/2025\/05\/240527-pka-pelpass-2024-31-752x500.jpg\" class=\"attachment-gallery size-gallery\" alt=\"Pelpass 2024 festival musique f\u00eate printemps artistes\" data-full-url=\"https:\/\/pokaa.fr\/wp-content\/uploads\/2024\/05\/27\/240527-pka-pelpass-2024-31.jpg\" decoding=\"async\" loading=\"lazy\"  \/>            <\/p>\n<p>                    \u00a9 Adrien Labit \/ Pokaa<\/p>\n<p>Sans oublier les plus jeunes avec une <b>prog\u2019 familiale et conviviale<\/b> : <b>le retour du Bar \u00e0 Mioches<\/b> (mis en place sur le samedi et le dimanche), les jeux en bois, et l\u2019association <b>Graine de Cirque<\/b> pour nous \u00e9pater le dimanche.<\/p>\n<p>Si tu ne connais que peu de noms cit\u00e9s, pas d\u2019inqui\u00e9tude, laisse-toi porter. Fais confiance \u00e0 Pelpass pour t\u2019emmener sur l\u2019autoroute du kiff et des paillettes\u00a0: y a plus qu\u2019\u00e0 mettre de bonnes baskets pour \u00eatre p\u00e9pouze\u2026 Et direction les Deux Rives, ses pelouses, ses chapiteaux, \u00e0 croiser tout Strasbourg Village, pendant que t\u2019y rejoins tes potos.<\/p>\n<p>                <img width=\"752\" height=\"500\" src=\"https:\/\/www.europesays.com\/fr\/wp-content\/uploads\/2025\/05\/240527-pka-pelpass-2024-63-752x500.jpg\" class=\"attachment-gallery size-gallery\" alt=\"Pelpass 2024 festival musique f\u00eate printemps artistes\" data-full-url=\"https:\/\/pokaa.fr\/wp-content\/uploads\/2024\/05\/27\/240527-pka-pelpass-2024-63.jpg\" decoding=\"async\" loading=\"lazy\"  \/>            <\/p>\n<p>                <img width=\"752\" height=\"500\" src=\"https:\/\/www.europesays.com\/fr\/wp-content\/uploads\/2025\/05\/240527-pka-pelpass-2024-76-752x500.jpg\" class=\"attachment-gallery size-gallery\" alt=\"Pelpass 2024 festival musique f\u00eate printemps artistes\" data-full-url=\"https:\/\/pokaa.fr\/wp-content\/uploads\/2024\/05\/27\/240527-pka-pelpass-2024-76.jpg\" decoding=\"async\" loading=\"lazy\"  \/>            <\/p>\n<p>                <img width=\"752\" height=\"500\" src=\"https:\/\/www.europesays.com\/fr\/wp-content\/uploads\/2025\/05\/240527-pka-pelpass-2024-72-752x500.jpg\" class=\"attachment-gallery size-gallery\" alt=\"Pelpass 2024 festival musique f\u00eate printemps artistes\" data-full-url=\"https:\/\/pokaa.fr\/wp-content\/uploads\/2024\/05\/27\/240527-pka-pelpass-2024-72.jpg\" decoding=\"async\" loading=\"lazy\"  \/>            <\/p>\n<p>                <img width=\"752\" height=\"500\" src=\"https:\/\/www.europesays.com\/fr\/wp-content\/uploads\/2025\/05\/240527-pka-pelpass-2024-73-752x500.jpg\" class=\"attachment-gallery size-gallery\" alt=\"Pelpass 2024 festival musique f\u00eate printemps artistes\" data-full-url=\"https:\/\/pokaa.fr\/wp-content\/uploads\/2024\/05\/27\/240527-pka-pelpass-2024-73.jpg\" decoding=\"async\" loading=\"lazy\"  \/>            <\/p>\n<p>                <img width=\"750\" height=\"500\" src=\"https:\/\/www.europesays.com\/fr\/wp-content\/uploads\/2025\/05\/240527-pka-pelpass-2024-62-750x500.jpg\" class=\"attachment-gallery size-gallery\" alt=\"Pelpass 2024 festival musique f\u00eate printemps artistes\" data-full-url=\"https:\/\/pokaa.fr\/wp-content\/uploads\/2024\/05\/27\/240527-pka-pelpass-2024-62.jpg\" decoding=\"async\" loading=\"lazy\"  \/>            <\/p>\n<p>                    Pelpass Festival 2024 \u00a9 Adrien Labit \/ Pokaa<\/p>\n<p>            Pelpass Festival 2025<\/p>\n<p>            Quoi ? <\/p>\n<p>\u00ab\u00a0Festival de d\u00e9couvertes\u00a0\u00bb de l\u2019association Pelpass\u00a0: concerts, DJ sets et animations<\/p>\n<p>                Quand ?<\/p>\n<p>Du jeudi 29 mai au dimanche 1er juin<\/p>\n<p>            o\u00f9 ?<\/p>\n<p>Au Jardin des Deux Rives \u00e0 Strasbourg<\/p>\n<p>                Plus d&rsquo;infos ?<\/p>\n<p><a href=\"https:\/\/fb.me\/e\/5X9jeCjpy\" target=\"_blank\" rel=\"noopener\">L\u2019\u00e9v\u00e9nement Facebook<\/a><br \/><a href=\"https:\/\/pelpass.net\/pelpass-festival-2025\/\" target=\"_blank\" rel=\"noopener\">Programme complet et billetterie<\/a><\/p>\n","protected":false},"excerpt":{"rendered":"Avec ses nombreux jours f\u00e9ri\u00e9s, mai a de quoi se faire appr\u00e9cier. Parmi ses ponts : celui de&hellip;\n","protected":false},"author":2,"featured_media":83215,"comment_status":"","ping_status":"","sticky":false,"template":"","format":"standard","meta":{"footnotes":""},"categories":[2820],"tags":[1111,11,12084,1777,674,652,849,1011,27,775,19096,873,12,15196,19097,4767,25,640,4064],"class_list":{"0":"post-83214","1":"post","2":"type-post","3":"status-publish","4":"format-standard","5":"has-post-thumbnail","7":"category-strasbourg","8":"tag-actu","9":"tag-actualites","10":"tag-dj-set","11":"tag-eu","12":"tag-europe","13":"tag-famille","14":"tag-festival","15":"tag-fr","16":"tag-france","17":"tag-grand-est","18":"tag-jardin-des-deux-rives","19":"tag-musique","20":"tag-news","21":"tag-pelpass","22":"tag-pelpass-festival","23":"tag-printemps","24":"tag-republique-francaise","25":"tag-strasbourg","26":"tag-week-end"},"share_on_mastodon":{"url":"https:\/\/pubeurope.com\/@fr\/114469491884845545","error":""},"_links":{"self":[{"href":"https:\/\/www.europesays.com\/fr\/wp-json\/wp\/v2\/posts\/83214","targetHints":{"allow":["GET"]}}],"collection":[{"href":"https:\/\/www.europesays.com\/fr\/wp-json\/wp\/v2\/posts"}],"about":[{"href":"https:\/\/www.europesays.com\/fr\/wp-json\/wp\/v2\/types\/post"}],"author":[{"embeddable":true,"href":"https:\/\/www.europesays.com\/fr\/wp-json\/wp\/v2\/users\/2"}],"replies":[{"embeddable":true,"href":"https:\/\/www.europesays.com\/fr\/wp-json\/wp\/v2\/comments?post=83214"}],"version-history":[{"count":0,"href":"https:\/\/www.europesays.com\/fr\/wp-json\/wp\/v2\/posts\/83214\/revisions"}],"wp:featuredmedia":[{"embeddable":true,"href":"https:\/\/www.europesays.com\/fr\/wp-json\/wp\/v2\/media\/83215"}],"wp:attachment":[{"href":"https:\/\/www.europesays.com\/fr\/wp-json\/wp\/v2\/media?parent=83214"}],"wp:term":[{"taxonomy":"category","embeddable":true,"href":"https:\/\/www.europesays.com\/fr\/wp-json\/wp\/v2\/categories?post=83214"},{"taxonomy":"post_tag","embeddable":true,"href":"https:\/\/www.europesays.com\/fr\/wp-json\/wp\/v2\/tags?post=83214"}],"curies":[{"name":"wp","href":"https:\/\/api.w.org\/{rel}","templated":true}]}}