{"id":832315,"date":"2026-03-29T07:44:13","date_gmt":"2026-03-29T07:44:13","guid":{"rendered":"https:\/\/www.europesays.com\/fr\/832315\/"},"modified":"2026-03-29T07:44:13","modified_gmt":"2026-03-29T07:44:13","slug":"au-fait-sa-concurrente-rachida-dati-la-t-elle-felicite","status":"publish","type":"post","link":"https:\/\/www.europesays.com\/fr\/832315\/","title":{"rendered":"au fait, sa concurrente Rachida Dati l\u2019a-t-elle f\u00e9licit\u00e9 ?"},"content":{"rendered":"<p>                                    <img decoding=\"async\" src=\"https:\/\/www.europesays.com\/fr\/wp-content\/uploads\/2026\/03\/4d49b78672a845b630133af0a0922f80840ebbec9b67fe26a59b5d100794d65f.jpg\" alt=\"GALA VID\u00c9O \u2013 Emmanuel Gr\u00e9goire\u00a0: ce qu'il faut conna\u00eetre\" class=\"a11y-hidden\" fetchpriority=\"high\"\/><\/p>\n<p class=\"fig-standfirst\">\n    Une semaine apr\u00e8s sa victoire aux \u00e9lections municipales, Emmanuel Gr\u00e9goire occupe d\u00e9sormais v\u00e9ritablement la fonction de maire de Paris. Dans la course \u00e0 cette \u00e9lection, il y avait aussi Rachida Dati. Mais au fait, a-t-elle f\u00e9licit\u00e9 son rival\u00a0?<\/p>\n<p class=\"fig-paragraph\">Ce dimanche 29 mars 2026, apr\u00e8s le vote du Conseil de Paris, qui se r\u00e9unit \u00e0 10 heures,\u00a0<a href=\"http:\/\/www.gala.fr\/l_actu\/news_de_stars\/emmanuel-gregoire-maire-de-paris-a-peine-elu-il-prend-une-decision-radicale-pour-faire-taire-les-polemiques-20260328\" data-fig-type=\"Article\" data-gtm-custom-categorie=\"navigation\" data-gtm-custom-action=\"crossclick\" data-gtm-custom-label=\"Contextuel\" data-gtm-event=\"customEventSPE\" data-fig-domain=\"GALA\" rel=\"nofollow noopener\" target=\"_blank\">Emmanuel Gr\u00e9goire\u00a0<\/a>sera officiellement<a href=\"http:\/\/www.gala.fr\/l_actu\/news_de_stars\/emmanuel-gregoire-elu-a-paris-en-pleine-celebration-une-nouvelle-est-venue-assombrir-la-soiree-20260328\" data-fig-type=\"Article\" data-gtm-custom-categorie=\"navigation\" data-gtm-custom-action=\"crossclick\" data-gtm-custom-label=\"Contextuel\" data-gtm-event=\"customEventSPE\" data-fig-domain=\"GALA\" rel=\"nofollow noopener\" target=\"_blank\">\u00a0le nouveau maire de la capitale<\/a>. Une semaine plus t\u00f4t, le 22 mars dernier apr\u00e8s le second tour des \u00e9lections municipales qui l\u2019a donn\u00e9\u00a0<a href=\"http:\/\/www.gala.fr\/l_actu\/news_de_stars\/emmanuel-gregoire-en-larmes-sa-reaction-a-sa-victoire-a-paris-devoilee-je-vais-appeler-ma-mere-20260323\" data-fig-type=\"Article\" data-gtm-custom-categorie=\"navigation\" data-gtm-custom-action=\"crossclick\" data-gtm-custom-label=\"Contextuel\" data-gtm-event=\"customEventSPE\" data-fig-domain=\"GALA\" rel=\"nofollow noopener\" target=\"_blank\">victorieux<\/a>, Anne Hidalgo lui a remis fi\u00e8rement et non sans \u00e9motion les cl\u00e9s de la Ville de Paris. Avec 50,52% des voix, le socialiste a battu la candidate de la droite Rachida Dati (41,52% des suffrages), alors que celle qui repr\u00e9sentait La France insoumise, Sophia Chikirou, a recueilli 7,96% des votes. L\u2019ancienne ministre de la Culture, qui \u00e9tait la principale concurrente de l\u2019ancien premier adjoint d\u2019Anne Hidalgo dans cette \u00e9lection, a-t-elle f\u00e9licit\u00e9\u00a0<a href=\"http:\/\/www.gala.fr\/l_actu\/news_de_stars\/emmanuel-gregoire-elu-maire-de-paris-au-fait-quel-salaire-va-t-il-toucher-20260322\" data-fig-type=\"Article\" data-gtm-custom-categorie=\"navigation\" data-gtm-custom-action=\"crossclick\" data-gtm-custom-label=\"Contextuel\" data-gtm-event=\"customEventSPE\" data-fig-domain=\"GALA\" rel=\"nofollow noopener\" target=\"_blank\">l\u2019homme de gauche apr\u00e8s sa victoire<\/a>\u00a0? Si le principal int\u00e9ress\u00e9 a pu ressentir \u00abune immense joie et un immense soulagement\u00bb chez Anne Hidalgo comme il l\u2019a confi\u00e9 dans des propos rapport\u00e9s par\u00a0<a href=\"https:\/\/www.latribune.fr\/article\/la-tribune-dimanche\/politique\/20085678361474\/emmanuel-gregoire-les-coulisses-d-une-premiere-semaine-montagne-russe\" target=\"_blank\" rel=\"nofollow noopener\" data-gtm-custom-categorie=\"navigation\" data-gtm-custom-action=\"crossclick\" data-gtm-custom-label=\"Contextuel\" data-gtm-event=\"customEventSPE\">La Tribune dimanche<\/a> \u00a0ce 29 mars, l\u2019hebdomadaire indique que ses rivales des \u00e9lections municipales ne font pas partie des \u00abmilliers\u00bb de personnes qui lui ont envoy\u00e9 un SMS pour le f\u00e9liciter.<\/p>\n<p class=\"fig-paragraph\">\u00abRachida Dati et Sophia Chikirou, ses deux concurrentes du second tour, ne se sont pas manifest\u00e9es\u00bb, \u00e9crit le journaliste Pierre Lepelletier, avant de pr\u00e9ciser que du c\u00f4t\u00e9 de l\u2019\u00c9lys\u00e9e, Emmanuel Macron aurait pr\u00e9vu, \u00abcomme le veut l\u2019usage r\u00e9publicain\u00bb, de saluer Emmanuel Gr\u00e9goire une fois que\u00a0<a href=\"http:\/\/www.gala.fr\/l_actu\/news_de_stars\/emmanuel-gregoire-en-chute-libre-a-la-foire-du-trone-sensations-fortes-pour-le-nouveau-maire-de-paris-20260328\" data-fig-type=\"Article\" data-gtm-custom-categorie=\"navigation\" data-gtm-custom-action=\"crossclick\" data-gtm-custom-label=\"Contextuel\" data-gtm-event=\"customEventSPE\" data-fig-domain=\"GALA\" rel=\"nofollow noopener\" target=\"_blank\">son \u00e9lection<\/a>\u00a0sera act\u00e9e par le Conseil de Paris. On apprend dans l\u2019article que le nouveau maire de la capitale aurait \u00e9t\u00e9 contact\u00e9 par le pr\u00e9sident du PSG, Nasser Al-Khela\u00effi. Ce dernier, qui \u00e9tait en froid avec Anne Hidalgo, aurait eu \u00abun \u00e9change tr\u00e8s agr\u00e9able\u00bb avec le nouveau maire de Paris.<\/p>\n<p>                                                <a href=\"#slideshow-header\"><\/p>\n<p class=\"fig-slideshow__title\">\n                    PHOTOS &#8211; Brigitte Macron, Rachida Dati&#8230; ces looks qui ont marqu\u00e9 les \u00e9lections municipales 2026\n                <\/p>\n<p>    <\/a><br \/>\n                                                <a class=\"fig-a11y-skip\" href=\"#fig-a11y-skip-main-inarticle\" is=\"fig-a11y-skip\" data-trigger-mode=\"visible-once\"><br \/>\n    Passer la publicit\u00e9<br \/>\n<\/a>            <\/p>\n<p>                                                Les mots de Rachida Dati apr\u00e8s sa d\u00e9faite aux \u00e9lections municipales \u00e0 Paris<\/p>\n<p class=\"fig-paragraph\">Pour<a href=\"http:\/\/www.gala.fr\/l_actu\/news_de_stars\/chochotte-rachida-dati-se-moque-ouvertement-d-emmanuel-gregoire-sur-bfm-tv-20260319\" data-fig-type=\"Article\" data-gtm-custom-categorie=\"navigation\" data-gtm-custom-action=\"crossclick\" data-gtm-custom-label=\"Contextuel\" data-gtm-event=\"customEventSPE\" data-fig-domain=\"GALA\" rel=\"nofollow noopener\" target=\"_blank\">\u00a0Rachida Dati<\/a>, la d\u00e9faite serait difficile \u00e0 avaler. \u00abJe ne suis pas contente de ma campagne\u00bb, aurait-elle d\u00e9clar\u00e9 d\u00e8s le lundi 23 mars face \u00e0 des colistiers, selon La Tribune dimanche. La veille, le soir de la victoire d\u2019Emmanuel Gr\u00e9goire, l\u2019ancienne ministre de la Justice s\u2019\u00e9tait exprim\u00e9e bri\u00e8vement et avait d\u00e9nonc\u00e9 les attaques \u00abmensong\u00e8res indignes\u00a0\u00bb qu\u2019elle dit avoir subies pendant la campagne. \u00abJe n\u2019ai pas r\u00e9ussi \u00e0 convaincre suffisamment que le changement \u00e9tait possible et n\u00e9cessaire\u00bb, avait-elle d\u00e9clar\u00e9, sans adresser de f\u00e9licitations \u00e0 l\u2019\u00e9quipe d\u2019Emmanuel Gr\u00e9goire, en formulant m\u00eame plusieurs avertissements \u00e0 l\u2019aube de son mandat.<\/p>\n<p class=\"fig-paragraph\">Article \u00e9crit en collaboration avec 6Medias<\/p>\n","protected":false},"excerpt":{"rendered":"Une semaine apr\u00e8s sa victoire aux \u00e9lections municipales, Emmanuel Gr\u00e9goire occupe d\u00e9sormais v\u00e9ritablement la fonction de maire de&hellip;\n","protected":false},"author":2,"featured_media":832316,"comment_status":"","ping_status":"","sticky":false,"template":"","format":"standard","meta":{"footnotes":"","_share_on_mastodon":"0"},"categories":[1888],"tags":[11,8186,1777,674,1011,27,12258,12,626,417,25,741],"class_list":["post-832315","post","type-post","status-publish","format-standard","has-post-thumbnail","category-paris","tag-actualites","tag-emmanuel-gregoire","tag-eu","tag-europe","tag-fr","tag-france","tag-maire-de-paris","tag-news","tag-paris","tag-rachida-dati","tag-republique-francaise","tag-sms"],"share_on_mastodon":{"url":"https:\/\/pubeurope.com\/@fr\/116311350803050001","error":""},"_links":{"self":[{"href":"https:\/\/www.europesays.com\/fr\/wp-json\/wp\/v2\/posts\/832315","targetHints":{"allow":["GET"]}}],"collection":[{"href":"https:\/\/www.europesays.com\/fr\/wp-json\/wp\/v2\/posts"}],"about":[{"href":"https:\/\/www.europesays.com\/fr\/wp-json\/wp\/v2\/types\/post"}],"author":[{"embeddable":true,"href":"https:\/\/www.europesays.com\/fr\/wp-json\/wp\/v2\/users\/2"}],"replies":[{"embeddable":true,"href":"https:\/\/www.europesays.com\/fr\/wp-json\/wp\/v2\/comments?post=832315"}],"version-history":[{"count":0,"href":"https:\/\/www.europesays.com\/fr\/wp-json\/wp\/v2\/posts\/832315\/revisions"}],"wp:featuredmedia":[{"embeddable":true,"href":"https:\/\/www.europesays.com\/fr\/wp-json\/wp\/v2\/media\/832316"}],"wp:attachment":[{"href":"https:\/\/www.europesays.com\/fr\/wp-json\/wp\/v2\/media?parent=832315"}],"wp:term":[{"taxonomy":"category","embeddable":true,"href":"https:\/\/www.europesays.com\/fr\/wp-json\/wp\/v2\/categories?post=832315"},{"taxonomy":"post_tag","embeddable":true,"href":"https:\/\/www.europesays.com\/fr\/wp-json\/wp\/v2\/tags?post=832315"}],"curies":[{"name":"wp","href":"https:\/\/api.w.org\/{rel}","templated":true}]}}