{"id":832442,"date":"2026-03-29T09:06:15","date_gmt":"2026-03-29T09:06:15","guid":{"rendered":"https:\/\/www.europesays.com\/fr\/832442\/"},"modified":"2026-03-29T09:06:15","modified_gmt":"2026-03-29T09:06:15","slug":"la-reindustrialisation-marque-le-pas-en-2025","status":"publish","type":"post","link":"https:\/\/www.europesays.com\/fr\/832442\/","title":{"rendered":"La r\u00e9industrialisation marque le pas en 2025"},"content":{"rendered":"<p>La r\u00e9industrialisation fran\u00e7aise cale sans encore s\u2019inverser. Selon le barom\u00e8tre semestriel publi\u00e9 dimanche par le minist\u00e8re de l\u2019\u00c9conomie, le solde net d\u2019ouvertures et d\u2019extensions d\u2019usines s\u2019\u00e9tablit \u00e0 +\u00a019 en 2025, contre +\u00a088 un an plus t\u00f4t. \u00ab\u00a0La tendance au ralentissement se poursuit de fa\u00e7on marqu\u00e9e\u00a0\u00bb, souligne Bercy, tout en notant que le nombre d\u2019ouvertures reste stable.<\/p>\n<p>Ce coup de frein intervient dans un contexte international d\u00e9grad\u00e9. Le minist\u00e8re pointe notamment la mont\u00e9e des surcapacit\u00e9s industrielles en Asie, l\u2019instauration de droits de douane aux \u00c9tats-Unis et la hausse persistante des prix de l\u2019\u00e9nergie, autant de facteurs qui p\u00e8sent sur la comp\u00e9titivit\u00e9 des sites fran\u00e7ais.<\/p>\n<p>Malgr\u00e9 ce ralentissement, l\u2019ex\u00e9cutif met en avant des perspectives encore favorables. Environ 150 projets d\u2019usines sont actuellement \u00ab\u00a0en cours de cr\u00e9ation\u00a0\u00bb ou annonc\u00e9s, port\u00e9s par des dispositifs publics comme le cr\u00e9dit d\u2019imp\u00f4t pour l\u2019industrie verte, l\u2019appel \u00e0 projets \u00ab\u00a0Premi\u00e8re usine\u00a0\u00bb ou encore le plan France 2\u00a0030.<\/p>\n<p>Dans le d\u00e9tail, les secteurs li\u00e9s \u00e0 la transition \u00e9cologique tirent leur \u00e9pingle du jeu, avec un solde net de +\u00a026 ouvertures. Suivent la d\u00e9fense, l\u2019a\u00e9ronautique et le spatial (+\u00a019), ainsi que l\u2019\u00e9lectronique (+\u00a012). \u00c0 l\u2019inverse, plusieurs fili\u00e8res traditionnelles restent sous pression\u00a0: les transports (-14), la chimie (-8), l\u2019industrie m\u00e9canique (-8) et la m\u00e9tallurgie (-6).<\/p>\n<p>Les conclusions de Bercy contrastent avec celles du cabinet Trendeo, qui \u00e9voquait d\u00e9but f\u00e9vrier un net recul de l\u2019activit\u00e9 industrielle en 2025, avec un solde n\u00e9gatif de -63, in\u00e9dit depuis 2013. De son c\u00f4t\u00e9, Bpifrance juge que la r\u00e9industrialisation fran\u00e7aise se situe d\u00e9sormais \u00ab\u00a0sur un plateau\u00a0\u00bb, n\u00e9cessitant \u00ab\u00a0de plus en plus d\u2019efforts\u00a0\u00bb pour se maintenir, selon son directeur g\u00e9n\u00e9ral Nicolas Dufourcq.<\/p>\n<p>Face \u00e0 ces signaux contrast\u00e9s, l\u2019\u00c9tat entend poursuivre et renforcer son soutien, tant au niveau national qu\u2019europ\u00e9en, en plaidant notamment pour une pr\u00e9f\u00e9rence industrielle europ\u00e9enne, une simplification des normes et un renforcement du m\u00e9canisme d\u2019ajustement carbone aux fronti\u00e8res.<\/p>\n","protected":false},"excerpt":{"rendered":"La r\u00e9industrialisation fran\u00e7aise cale sans encore s\u2019inverser. Selon le barom\u00e8tre semestriel publi\u00e9 dimanche par le minist\u00e8re de l\u2019\u00c9conomie,&hellip;\n","protected":false},"author":2,"featured_media":832443,"comment_status":"","ping_status":"","sticky":false,"template":"","format":"standard","meta":{"footnotes":"","_share_on_mastodon":"0"},"categories":[4],"tags":[5734,11,57853,1011,27,12141,12,36533,25],"class_list":["post-832442","post","type-post","status-publish","format-standard","has-post-thumbnail","category-france","tag-5734","tag-actualites","tag-energie-et-industrie","tag-fr","tag-france","tag-marque","tag-news","tag-reindustrialisation","tag-republique-francaise"],"share_on_mastodon":{"url":"https:\/\/pubeurope.com\/@fr\/116311673080586703","error":""},"_links":{"self":[{"href":"https:\/\/www.europesays.com\/fr\/wp-json\/wp\/v2\/posts\/832442","targetHints":{"allow":["GET"]}}],"collection":[{"href":"https:\/\/www.europesays.com\/fr\/wp-json\/wp\/v2\/posts"}],"about":[{"href":"https:\/\/www.europesays.com\/fr\/wp-json\/wp\/v2\/types\/post"}],"author":[{"embeddable":true,"href":"https:\/\/www.europesays.com\/fr\/wp-json\/wp\/v2\/users\/2"}],"replies":[{"embeddable":true,"href":"https:\/\/www.europesays.com\/fr\/wp-json\/wp\/v2\/comments?post=832442"}],"version-history":[{"count":0,"href":"https:\/\/www.europesays.com\/fr\/wp-json\/wp\/v2\/posts\/832442\/revisions"}],"wp:featuredmedia":[{"embeddable":true,"href":"https:\/\/www.europesays.com\/fr\/wp-json\/wp\/v2\/media\/832443"}],"wp:attachment":[{"href":"https:\/\/www.europesays.com\/fr\/wp-json\/wp\/v2\/media?parent=832442"}],"wp:term":[{"taxonomy":"category","embeddable":true,"href":"https:\/\/www.europesays.com\/fr\/wp-json\/wp\/v2\/categories?post=832442"},{"taxonomy":"post_tag","embeddable":true,"href":"https:\/\/www.europesays.com\/fr\/wp-json\/wp\/v2\/tags?post=832442"}],"curies":[{"name":"wp","href":"https:\/\/api.w.org\/{rel}","templated":true}]}}